{"id":39276,"date":"2015-05-11T11:31:13","date_gmt":"2015-05-11T08:31:13","guid":{"rendered":"https:\/\/www.enerjigazetesi.ist\/?p=39276"},"modified":"2015-05-23T14:55:37","modified_gmt":"2015-05-23T11:55:37","slug":"afsin-elbistan-divrigi-dogalgaz-boru-hatti-sozlesmesi-imza-toreni-yapildi","status":"publish","type":"post","link":"https:\/\/www.enerjigazetesi.ist\/en\/afsin-elbistan-divrigi-dogalgaz-boru-hatti-sozlesmesi-imza-toreni-yapildi\/","title":{"rendered":"(Turkish) Af\u015fin-Elbistan-Divri\u011fi Do\u011falgaz Boru Hatt\u0131 S\u00f6zle\u015fmesi \u0130mza T\u00f6reni\u2026"},"content":{"rendered":"<p class=\"qtranxs-available-languages-message qtranxs-available-languages-message-en\">Sorry, this entry is only available in <a href=\"https:\/\/www.enerjigazetesi.ist\/tr\/wp-json\/wp\/v2\/posts\/39276\" class=\"qtranxs-available-language-link qtranxs-available-language-link-tr\" title=\"Turkish\">Turkish<\/a>. For the sake of viewer convenience, the content is shown below in the alternative language. You may click the link to switch the active language.<\/p><p><\/p>\n<p style=\"color: #000000;\"><strong>Enerji ve Tabii Kaynaklar Bakan\u0131 Taner Y\u0131ld\u0131z, \u201cKendimizden daha \u00e7ok sevdi\u011fimiz \u00e7ocuklar\u0131m\u0131za daha iyi bir T\u00fcrkiye b\u0131rakmak i\u00e7in b\u00fct\u00fcn bu yat\u0131r\u0131mlar\u0131 devam ettirmemiz laz\u0131m\u201d dedi.<\/strong><\/p>\n<p style=\"color: #000000;\">Y\u0131ld\u0131z, Af\u015fin-Elbistan A Santrali\u2019nde d\u00fczenlenen \u201cAf\u015fin-Elbistan ve Divri\u011fi Do\u011falgaz Boru Hatlar\u0131 Yap\u0131m \u0130\u015fi \u0130mza T\u00f6reni\u201dnde, Kahramanmara\u015f\u2019\u0131n zengin kaynaklara sahip illerden biri oldu\u011funu s\u00f6yledi.<span id=\"more-71506\"><\/span><\/p>\n<p style=\"color: #000000;\">Af\u015fin ve Elbistan il\u00e7elerindeki linyit rezervine de\u011finen Y\u0131ld\u0131z, buradaki projelerin ayn\u0131 zamanda T\u00fcrkiye\u2019n<img loading=\"lazy\" class=\"alignright size-medium wp-image-39185\" src=\"https:\/\/www.enerjigazetesi.ist\/wp-content\/uploads\/2015\/05\/afsin-elbistan-divrigi-dogalgaz-boru-hatti-sozlesmesi-imza-toreni-yapildi-300x159.jpg\" alt=\"afsin-elbistan-divrigi-dogalgaz-boru-hatti-sozlesmesi-imza-toreni-yapildi\" width=\"300\" height=\"159\" srcset=\"https:\/\/www.enerjigazetesi.ist\/wp-content\/uploads\/2015\/05\/afsin-elbistan-divrigi-dogalgaz-boru-hatti-sozlesmesi-imza-toreni-yapildi-300x159.jpg 300w, https:\/\/www.enerjigazetesi.ist\/wp-content\/uploads\/2015\/05\/afsin-elbistan-divrigi-dogalgaz-boru-hatti-sozlesmesi-imza-toreni-yapildi-500x266.jpg 500w, https:\/\/www.enerjigazetesi.ist\/wp-content\/uploads\/2015\/05\/afsin-elbistan-divrigi-dogalgaz-boru-hatti-sozlesmesi-imza-toreni-yapildi-80x42.jpg 80w, https:\/\/www.enerjigazetesi.ist\/wp-content\/uploads\/2015\/05\/afsin-elbistan-divrigi-dogalgaz-boru-hatti-sozlesmesi-imza-toreni-yapildi.jpg 541w\" sizes=\"(max-width: 300px) 100vw, 300px\" \/>in b\u00fcy\u00fcmesine katk\u0131 sunaca\u011f\u0131n\u0131 vurgulad\u0131.T\u00fcrkiye\u2019deki linyit rezervlerinin \u00fc\u00e7te birinin bu b\u00f6lgede oldu\u011funu an\u0131msatan Y\u0131ld\u0131z, bunlar\u0131n T\u00fcrkiye ekonomisine kazand\u0131r\u0131lmas\u0131yla ilgili bir\u00e7ok giri\u015fimlerinin oldu\u011funu kaydetti.<\/p>\n<p style=\"color: #000000;\">Yerli ve yenilenebilir enerji kaynaklar\u0131n\u0131n \u201c\u00e7evreye ra\u011fmen\u201d de\u011fil, \u00e7evreyle uyumlu bir \u015fekilde ekonomiye kazand\u0131r\u0131lmas\u0131 gerekti\u011fini dile getiren Y\u0131ld\u0131z, \u015f\u00f6yle konu\u015ftu:<\/p>\n<p style=\"color: #000000;\">\u201cEnerji sekt\u00f6r\u00fc olarak 13 y\u0131lda Kahramanmara\u015f s\u0131n\u0131rlar\u0131 i\u00e7erisine yakla\u015f\u0131k 3 milyar liral\u0131k yat\u0131r\u0131m yapt\u0131k. T\u00fcketti\u011fi elektri\u011fin daha fazlas\u0131n\u0131 \u00fcreten bir ildeyiz. Bu k\u00f6m\u00fcr havzas\u0131nda kurulu olan 2 bin 800 megavatl\u0131k \u00fcnite d\u0131\u015f\u0131nda 8 bin megavatl\u0131k termik santral \u00fcniteleri daha kuraca\u011f\u0131z. Yani Af\u015fin-Elbistan, yaln\u0131zca Kahramanmara\u015f veya T\u00fcrkiye\u2019nin projesi de\u011fil, uluslararas\u0131 yat\u0131r\u0131mc\u0131lar\u0131 da ilgilendiren \u00f6nemli bir b\u00f6lgedir. Bazen insanlar ya\u015fad\u0131klar\u0131 b\u00f6lgede her zaman i\u00e7 i\u00e7e oldu\u011fu i\u00e7in bunun fark\u0131nda olmayabiliyor. Bu \u00e7ok ciddi bir zenginlik, \u00f6nemli bir kaynak. Bu y\u00fczden bizim burada amac\u0131m\u0131z 80-85 milyon ton k\u00f6m\u00fcr \u00e7\u0131kartmak ve 45 milyon kilovatsaatlik bir elektri\u011fi buradan \u00fcretmektir.\u201d<\/p>\n<p style=\"color: #000000;\">Kaynak: Enerji Enstit\u00fcs\u00fc<\/p>\n<p><\/p>","protected":false},"excerpt":{"rendered":"<p>Sorry, this entry is only available in Turkish. For the sake of viewer convenience, the content is shown below in the alternative language. You may click the link to switch the active language. Enerji ve Tabii Kaynaklar Bakan\u0131 Taner Y\u0131ld\u0131z, \u201cKendimizden daha \u00e7ok sevdi\u011fimiz \u00e7ocuklar\u0131m\u0131za daha iyi bir T\u00fcrkiye b\u0131rakmak i\u00e7in b\u00fct\u00fcn bu yat\u0131r\u0131mlar\u0131 devam [&hellip;]<\/p>\n","protected":false},"author":1,"featured_media":39185,"comment_status":"open","ping_status":"open","sticky":false,"template":"","format":"standard","meta":[],"categories":[46,53],"tags":[],"views":979,"_links":{"self":[{"href":"https:\/\/www.enerjigazetesi.ist\/en\/wp-json\/wp\/v2\/posts\/39276"}],"collection":[{"href":"https:\/\/www.enerjigazetesi.ist\/en\/wp-json\/wp\/v2\/posts"}],"about":[{"href":"https:\/\/www.enerjigazetesi.ist\/en\/wp-json\/wp\/v2\/types\/post"}],"author":[{"embeddable":true,"href":"https:\/\/www.enerjigazetesi.ist\/en\/wp-json\/wp\/v2\/users\/1"}],"replies":[{"embeddable":true,"href":"https:\/\/www.enerjigazetesi.ist\/en\/wp-json\/wp\/v2\/comments?post=39276"}],"version-history":[{"count":1,"href":"https:\/\/www.enerjigazetesi.ist\/en\/wp-json\/wp\/v2\/posts\/39276\/revisions"}],"predecessor-version":[{"id":39277,"href":"https:\/\/www.enerjigazetesi.ist\/en\/wp-json\/wp\/v2\/posts\/39276\/revisions\/39277"}],"wp:featuredmedia":[{"embeddable":true,"href":"https:\/\/www.enerjigazetesi.ist\/en\/wp-json\/wp\/v2\/media\/39185"}],"wp:attachment":[{"href":"https:\/\/www.enerjigazetesi.ist\/en\/wp-json\/wp\/v2\/media?parent=39276"}],"wp:term":[{"taxonomy":"category","embeddable":true,"href":"https:\/\/www.enerjigazetesi.ist\/en\/wp-json\/wp\/v2\/categories?post=39276"},{"taxonomy":"post_tag","embeddable":true,"href":"https:\/\/www.enerjigazetesi.ist\/en\/wp-json\/wp\/v2\/tags?post=39276"}],"curies":[{"name":"wp","href":"https:\/\/api.w.org\/{rel}","templated":true}]}}