{"id":39274,"date":"2015-05-11T12:25:06","date_gmt":"2015-05-11T09:25:06","guid":{"rendered":"https:\/\/www.enerjigazetesi.ist\/?p=39274"},"modified":"2015-05-23T14:55:24","modified_gmt":"2015-05-23T11:55:24","slug":"afsin-elbistan-a-termik-santralinin-20-yilligina-erg-elektrike-devri","status":"publish","type":"post","link":"https:\/\/www.enerjigazetesi.ist\/en\/afsin-elbistan-a-termik-santralinin-20-yilligina-erg-elektrike-devri\/","title":{"rendered":"(Turkish) Af\u015fin-Elbistan A Termik Santrali\u2019nin 20 Y\u0131ll\u0131\u011f\u0131na ERG Elektrik\u2019e Devri\u2026"},"content":{"rendered":"<p class=\"qtranxs-available-languages-message qtranxs-available-languages-message-en\">Sorry, this entry is only available in <a href=\"https:\/\/www.enerjigazetesi.ist\/tr\/wp-json\/wp\/v2\/posts\/39274\" class=\"qtranxs-available-language-link qtranxs-available-language-link-tr\" title=\"Turkish\">Turkish<\/a>. For the sake of viewer convenience, the content is shown below in the alternative language. You may click the link to switch the active language.<\/p><p><\/p>\n<p style=\"color: #000000;\"><strong>13 y\u0131l\u0131 bulan yarg\u0131 s\u00fcrecinin ard\u0131ndan Af\u015fin-Elbistan A Termik Santrali\u2019nin 20 y\u0131ll\u0131\u011f\u0131na ERG Elektrik\u2019e devrini \u00f6ng\u00f6ren anla\u015fma imzaland\u0131. Bakan\u0131 Y\u0131ld\u0131z 20 y\u0131ll\u0131k imtiyaz hakk\u0131yla beraber 3.6 milyar d\u0131olarl\u0131k yat\u0131r\u0131m yap\u0131laca\u011f\u0131n\u0131 s\u00f6yledi.<\/strong><span id=\"more-71511\"><\/span><\/p>\n<p style=\"color: #000000;\">13 y\u0131l\u0131 bulan yarg\u0131 s\u00fcrecinin ard\u0131ndan Af\u015fin-Elbistan A Termik Santrali ve k\u00f6m\u00fcr i\u015fletmesinin 20 y\u0131ll\u0131\u011f\u0131na ERG Elektrik A.\u015e.\u2019ye devrini \u00f6ng\u00f6ren anla\u015fma imzaland\u0131. Elbistan ve Af\u015fin il\u00e7elerine do\u011falgaz arz\u0131n\u0131 sa\u011flayacak s\u00f6zle\u015fme t\u00f6reni i<a href=\"https:\/\/www.enerjigazetesi.ist\/wp-content\/uploads\/2015\/05\/afsin-elbistan-a-termik-santralinin-20-yilligina-erg-elektrike-devri.jpg\"><img loading=\"lazy\" class=\"alignleft wp-image-39199 size-medium\" src=\"https:\/\/www.enerjigazetesi.ist\/wp-content\/uploads\/2015\/05\/afsin-elbistan-a-termik-santralinin-20-yilligina-erg-elektrike-devri-300x168.jpg\" alt=\"afsin-elbistan-a-termik-santralinin-20-yilligina-erg-elektrike-devri\" width=\"300\" height=\"168\" srcset=\"https:\/\/www.enerjigazetesi.ist\/wp-content\/uploads\/2015\/05\/afsin-elbistan-a-termik-santralinin-20-yilligina-erg-elektrike-devri-300x168.jpg 300w, https:\/\/www.enerjigazetesi.ist\/wp-content\/uploads\/2015\/05\/afsin-elbistan-a-termik-santralinin-20-yilligina-erg-elektrike-devri-500x281.jpg 500w, https:\/\/www.enerjigazetesi.ist\/wp-content\/uploads\/2015\/05\/afsin-elbistan-a-termik-santralinin-20-yilligina-erg-elektrike-devri-80x44.jpg 80w, https:\/\/www.enerjigazetesi.ist\/wp-content\/uploads\/2015\/05\/afsin-elbistan-a-termik-santralinin-20-yilligina-erg-elektrike-devri.jpg 870w\" sizes=\"(max-width: 300px) 100vw, 300px\" \/><\/a>\u00e7in b\u00f6lgeye gelen Enerji ve Tabii Kaynaklar Bakan\u0131 Taner Y\u0131ld\u0131z, \u201cAf\u015fin-Elbistan A Termik Santrali\u2019nin rehabilite edilmesi ile alakal\u0131 13 y\u0131l s\u00fcren mahkeme kararlar\u0131 vard\u0131. Ve \u015fimdi imtiyaz hakk\u0131 s\u00f6zle\u015fmesi ile beraber biz buran\u0131n da anla\u015fmas\u0131na imza koyduk. Bunun i\u00e7in de buraya tekrar gelinecek. Burada hangi \u015fah\u0131s olursa olsun burada hizmetleri devam ettirecek. Af\u015fin-Elbistan A Termik Santrali\u2019nin 20 y\u0131ll\u0131\u011f\u0131na imtiyaz hakk\u0131yla beraber b\u00fct\u00fcn yat\u0131r\u0131mlar ba\u015flat\u0131lm\u0131\u015f olacak. Bu yat\u0131r\u0131m\u0131n tutar\u0131 3.6 milyar dolar. 10 milyar liran\u0131n \u00fczerindeki yeni yat\u0131r\u0131m burada 7-8 kilometrekarelik bir alana yap\u0131lacak\u201d dedi.<\/p>\n<p style=\"color: #000000;\">Y\u0131ld\u0131z, \u201cBurada 1350 MW\u2019lik k\u0131smen ya\u015f\u0131n\u0131 doldurmu\u015f, \u00f6mr\u00fcn\u00fc tamamlam\u0131\u015f ve \u00e7evreye zararl\u0131 olmas\u0131n\u0131 kesinlikle istemedi\u011fimiz bir tesisten bahsediyoruz. Buran\u0131n \u00e7ok ekme\u011fini yedik. Buradan \u00e7ok insan gelip ge\u00e7ti. T\u00fcrkiye\u2019de buran\u0131n \u00e7ok ekme\u011fini yedi ama buray\u0131 bu haliyle b\u0131rakamay\u0131z\u201d ifadelerini kulland\u0131. Termik santralde \u00e7al\u0131\u015fan i\u015f\u00e7ilerin durumlar\u0131yla ilgili olarak bilgiler aktaran Y\u0131ld\u0131z, \u201c\u0130\u015f\u00e7ilerimizin ba\u015f\u0131m\u0131z\u0131n \u00fcst\u00fcnde yeri var\u201d dedi.<\/p>\n<p style=\"color: #000000;\">Y\u0131ld\u0131z \u201cHi\u00e7bir i\u015f\u00e7imizi kap\u0131n\u0131n \u00f6n\u00fcne b\u0131rakmad\u0131k bundan sonra da b\u0131rakmayaca\u011f\u0131z. \u0130\u015f\u00e7i karde\u015flerimiz isterlerse \u00f6zel \u015firkette \u00e7al\u0131\u015fabilecekler. \u0130stemezlerse E\u00dcA\u015e\u2019ta b\u00fct\u00fcn i\u015f\u00e7i karde\u015flerimizin ba\u015f\u0131m\u0131z\u0131n \u00fcst\u00fcnde yeri var. 20 y\u0131l bir ki\u015finin i\u015f hayat\u0131na tamamen hitap edecek bir s\u00fcreden bahsediyoruz. Buradaki \u00f6zel sekt\u00f6r beni istedi\u011fi zaman \u00e7\u0131kar\u0131r diye bir \u015fey yok. \u00c7al\u0131\u015fan\u0131n hi\u00e7bir endi\u015fesi ve korkusu olmas\u0131n\u201d ifadelerini kulland\u0131.<\/p>\n<p style=\"color: #000000;\">Kaynak: Enerji Enstit\u00fcs\u00fc<\/p>\n<p><\/p>","protected":false},"excerpt":{"rendered":"<p>Sorry, this entry is only available in Turkish. For the sake of viewer convenience, the content is shown below in the alternative language. You may click the link to switch the active language. 13 y\u0131l\u0131 bulan yarg\u0131 s\u00fcrecinin ard\u0131ndan Af\u015fin-Elbistan A Termik Santrali\u2019nin 20 y\u0131ll\u0131\u011f\u0131na ERG Elektrik\u2019e devrini \u00f6ng\u00f6ren anla\u015fma imzaland\u0131. Bakan\u0131 Y\u0131ld\u0131z 20 y\u0131ll\u0131k [&hellip;]<\/p>\n","protected":false},"author":1,"featured_media":39199,"comment_status":"open","ping_status":"open","sticky":false,"template":"","format":"standard","meta":[],"categories":[51,53],"tags":[],"views":1426,"_links":{"self":[{"href":"https:\/\/www.enerjigazetesi.ist\/en\/wp-json\/wp\/v2\/posts\/39274"}],"collection":[{"href":"https:\/\/www.enerjigazetesi.ist\/en\/wp-json\/wp\/v2\/posts"}],"about":[{"href":"https:\/\/www.enerjigazetesi.ist\/en\/wp-json\/wp\/v2\/types\/post"}],"author":[{"embeddable":true,"href":"https:\/\/www.enerjigazetesi.ist\/en\/wp-json\/wp\/v2\/users\/1"}],"replies":[{"embeddable":true,"href":"https:\/\/www.enerjigazetesi.ist\/en\/wp-json\/wp\/v2\/comments?post=39274"}],"version-history":[{"count":1,"href":"https:\/\/www.enerjigazetesi.ist\/en\/wp-json\/wp\/v2\/posts\/39274\/revisions"}],"predecessor-version":[{"id":39275,"href":"https:\/\/www.enerjigazetesi.ist\/en\/wp-json\/wp\/v2\/posts\/39274\/revisions\/39275"}],"wp:featuredmedia":[{"embeddable":true,"href":"https:\/\/www.enerjigazetesi.ist\/en\/wp-json\/wp\/v2\/media\/39199"}],"wp:attachment":[{"href":"https:\/\/www.enerjigazetesi.ist\/en\/wp-json\/wp\/v2\/media?parent=39274"}],"wp:term":[{"taxonomy":"category","embeddable":true,"href":"https:\/\/www.enerjigazetesi.ist\/en\/wp-json\/wp\/v2\/categories?post=39274"},{"taxonomy":"post_tag","embeddable":true,"href":"https:\/\/www.enerjigazetesi.ist\/en\/wp-json\/wp\/v2\/tags?post=39274"}],"curies":[{"name":"wp","href":"https:\/\/api.w.org\/{rel}","templated":true}]}}