{"id":39268,"date":"2015-05-11T12:30:22","date_gmt":"2015-05-11T09:30:22","guid":{"rendered":"https:\/\/www.enerjigazetesi.ist\/?p=39268"},"modified":"2015-05-23T14:55:09","modified_gmt":"2015-05-23T11:55:09","slug":"yunanistan-enerji-bakani-lafazanis-turk-akimindan-yanayiz","status":"publish","type":"post","link":"https:\/\/www.enerjigazetesi.ist\/en\/yunanistan-enerji-bakani-lafazanis-turk-akimindan-yanayiz\/","title":{"rendered":"(Turkish) Yunanistan Enerji Bakan\u0131 Lafazanis: \u201cT\u00fcrk Ak\u0131m\u0131\u2019ndan Yanay\u0131z!\u201d"},"content":{"rendered":"<p class=\"qtranxs-available-languages-message qtranxs-available-languages-message-en\">Sorry, this entry is only available in <a href=\"https:\/\/www.enerjigazetesi.ist\/tr\/wp-json\/wp\/v2\/posts\/39268\" class=\"qtranxs-available-language-link qtranxs-available-language-link-tr\" title=\"Turkish\">Turkish<\/a>. For the sake of viewer convenience, the content is shown below in the alternative language. You may click the link to switch the active language.<\/p><p><\/p>\n<p style=\"color: #000000;\"><strong>Yunanistan End\u00fcstriyel Reformlar, \u00c7evre ve Enerji Bakan\u0131 Panagiotis Lafazanis, ba\u011f\u0131ms\u0131z enerji <a href=\"https:\/\/www.enerjigazetesi.ist\/wp-content\/uploads\/2015\/05\/yunanistan-enerji-bakani-lafazanis-turk-akimindan-yanayiz.jpg\"><img loading=\"lazy\" class=\"alignright size-medium wp-image-39202\" src=\"https:\/\/www.enerjigazetesi.ist\/wp-content\/uploads\/2015\/05\/yunanistan-enerji-bakani-lafazanis-turk-akimindan-yanayiz-300x176.jpg\" alt=\"yunanistan-enerji-bakani-lafazanis-turk-akimindan-yanayiz\" width=\"300\" height=\"176\" srcset=\"https:\/\/www.enerjigazetesi.ist\/wp-content\/uploads\/2015\/05\/yunanistan-enerji-bakani-lafazanis-turk-akimindan-yanayiz-300x176.jpg 300w, https:\/\/www.enerjigazetesi.ist\/wp-content\/uploads\/2015\/05\/yunanistan-enerji-bakani-lafazanis-turk-akimindan-yanayiz-80x47.jpg 80w, https:\/\/www.enerjigazetesi.ist\/wp-content\/uploads\/2015\/05\/yunanistan-enerji-bakani-lafazanis-turk-akimindan-yanayiz.jpg 493w\" sizes=\"(max-width: 300px) 100vw, 300px\" \/><\/a>politikas\u0131 y\u00fcr\u00fcteceklerini ve T\u00fcrk Ak\u0131m\u0131\u2019n\u0131n devam\u0131n\u0131n topraklar\u0131 \u00fczerinden uzat\u0131lmas\u0131ndan yana olduklar\u0131n\u0131 a\u00e7\u0131klad\u0131<\/strong>.<span id=\"more-71517\"><\/span><\/p>\n<p style=\"color: #000000;\">ABD D\u0131\u015fi\u015fleri Bakanl\u0131\u011f\u0131 uluslararas\u0131 enerji i\u015flerinden sorumlu \u00d6zel Temsilcisi Amos Hochstein ile g\u00f6r\u00fc\u015fmenin ard\u0131ndan a\u00e7\u0131klama yapan Lafazanis, \u201cYunanistan h\u00fck\u00fcmetinin b\u00f6lgemizdeki ve Avrupa\u2019daki enerji konular\u0131yla ilgili s\u0131k\u0131 duru\u015funu Say\u0131n Hochstein\u2019e iletme f\u0131rsat\u0131m\u0131z oldu\u201d dedi.<\/p>\n<p style=\"color: #000000;\">Kaynak: Enerji Enstit\u00fcs\u00fc<\/p>\n<p><\/p>","protected":false},"excerpt":{"rendered":"<p>Sorry, this entry is only available in Turkish. For the sake of viewer convenience, the content is shown below in the alternative language. You may click the link to switch the active language. Yunanistan End\u00fcstriyel Reformlar, \u00c7evre ve Enerji Bakan\u0131 Panagiotis Lafazanis, ba\u011f\u0131ms\u0131z enerji politikas\u0131 y\u00fcr\u00fcteceklerini ve T\u00fcrk Ak\u0131m\u0131\u2019n\u0131n devam\u0131n\u0131n topraklar\u0131 \u00fczerinden uzat\u0131lmas\u0131ndan yana olduklar\u0131n\u0131 [&hellip;]<\/p>\n","protected":false},"author":1,"featured_media":39202,"comment_status":"open","ping_status":"open","sticky":false,"template":"","format":"standard","meta":[],"categories":[46,53],"tags":[],"views":878,"_links":{"self":[{"href":"https:\/\/www.enerjigazetesi.ist\/en\/wp-json\/wp\/v2\/posts\/39268"}],"collection":[{"href":"https:\/\/www.enerjigazetesi.ist\/en\/wp-json\/wp\/v2\/posts"}],"about":[{"href":"https:\/\/www.enerjigazetesi.ist\/en\/wp-json\/wp\/v2\/types\/post"}],"author":[{"embeddable":true,"href":"https:\/\/www.enerjigazetesi.ist\/en\/wp-json\/wp\/v2\/users\/1"}],"replies":[{"embeddable":true,"href":"https:\/\/www.enerjigazetesi.ist\/en\/wp-json\/wp\/v2\/comments?post=39268"}],"version-history":[{"count":1,"href":"https:\/\/www.enerjigazetesi.ist\/en\/wp-json\/wp\/v2\/posts\/39268\/revisions"}],"predecessor-version":[{"id":39269,"href":"https:\/\/www.enerjigazetesi.ist\/en\/wp-json\/wp\/v2\/posts\/39268\/revisions\/39269"}],"wp:featuredmedia":[{"embeddable":true,"href":"https:\/\/www.enerjigazetesi.ist\/en\/wp-json\/wp\/v2\/media\/39202"}],"wp:attachment":[{"href":"https:\/\/www.enerjigazetesi.ist\/en\/wp-json\/wp\/v2\/media?parent=39268"}],"wp:term":[{"taxonomy":"category","embeddable":true,"href":"https:\/\/www.enerjigazetesi.ist\/en\/wp-json\/wp\/v2\/categories?post=39268"},{"taxonomy":"post_tag","embeddable":true,"href":"https:\/\/www.enerjigazetesi.ist\/en\/wp-json\/wp\/v2\/tags?post=39268"}],"curies":[{"name":"wp","href":"https:\/\/api.w.org\/{rel}","templated":true}]}}