{"id":39262,"date":"2015-05-11T14:40:15","date_gmt":"2015-05-11T11:40:15","guid":{"rendered":"https:\/\/www.enerjigazetesi.ist\/?p=39262"},"modified":"2015-05-23T14:54:48","modified_gmt":"2015-05-23T11:54:48","slug":"abdden-yunanistana-turk-akimina-girme","status":"publish","type":"post","link":"https:\/\/www.enerjigazetesi.ist\/en\/abdden-yunanistana-turk-akimina-girme\/","title":{"rendered":"(Turkish) ABD\u2019den Yunanistan\u2019a: \u201cT\u00fcrk Ak\u0131m\u0131\u2019na Girme\u2026\u201d"},"content":{"rendered":"<p class=\"qtranxs-available-languages-message qtranxs-available-languages-message-en\">Sorry, this entry is only available in <a href=\"https:\/\/www.enerjigazetesi.ist\/tr\/wp-json\/wp\/v2\/posts\/39262\" class=\"qtranxs-available-language-link qtranxs-available-language-link-tr\" title=\"Turkish\">Turkish<\/a>. For the sake of viewer convenience, the content is shown below in the alternative language. You may click the link to switch the active language.<\/p><p><\/p>\n<p style=\"color: #000000;\"><strong>Washington, Rus do\u011falgaz\u0131n\u0131n T\u00fcrkiye ve Yunanistan \u00fczerinden Avrupa\u2019ya sevk edilmesini sa\u011flayacak T\u00fcrk Ak\u0131m projesi ile ilgili Yunanistan\u2019\u0131 uyard\u0131. ABD D\u0131\u015fi\u015fleri Bakanl\u0131\u011f\u0131 Enerji Kaynaklar\u0131 \u00d6zel Temsilcisi Amos Hokshteyn, New York Times ile s\u00f6yle\u015fisinde Yunanistan\u2019\u0131n T\u00fcrk Ak\u0131m\u0131 projesine s\u0131rt \u00e7evirmesi gerekti\u011fini s\u00f6yledi.\u00a0<\/strong><span id=\"more-71514\"><\/span><\/p>\n<p style=\"color: #000000;\">Yunanistan\u2019\u0131n T\u00fcrk Ak\u0131m\u0131\u2019ndan vazge\u00e7mesinin \u00fclkenin yabanc\u0131 yat\u0131r\u0131mc\u0131lar\u0131n g\u00f6z\u00fcndeki prestijini art\u0131raca\u011f\u0131<img loading=\"lazy\" class=\"alignleft wp-image-39193 size-medium\" src=\"https:\/\/www.enerjigazetesi.ist\/wp-content\/uploads\/2015\/05\/abdden-yunanistana-turk-akimina-girme-300x168.jpg\" alt=\"abdden-yunanistana-turk-akimina-girme\" width=\"300\" height=\"168\" srcset=\"https:\/\/www.enerjigazetesi.ist\/wp-content\/uploads\/2015\/05\/abdden-yunanistana-turk-akimina-girme-300x168.jpg 300w, https:\/\/www.enerjigazetesi.ist\/wp-content\/uploads\/2015\/05\/abdden-yunanistana-turk-akimina-girme-500x280.jpg 500w, https:\/\/www.enerjigazetesi.ist\/wp-content\/uploads\/2015\/05\/abdden-yunanistana-turk-akimina-girme-80x44.jpg 80w, https:\/\/www.enerjigazetesi.ist\/wp-content\/uploads\/2015\/05\/abdden-yunanistana-turk-akimina-girme.jpg 870w\" sizes=\"(max-width: 300px) 100vw, 300px\" \/>n\u0131 ve AB\u2019nin Rusya\u2019ya olan do\u011falgaz ba\u011f\u0131ml\u0131l\u0131\u011f\u0131n\u0131 azaltaca\u011f\u0131n\u0131 savunan ABD\u2019li diplomat, \u201cMoskova\u2019n\u0131n ortaya att\u0131\u011f\u0131 bu proje, Yunanistan\u2019\u0131n mali ihtiya\u00e7lar\u0131n\u0131 g\u00f6z \u00f6n\u00fcnde bulundurmuyor ve tamamen siyasi\u201d dedi.<\/p>\n<p style=\"color: #000000;\">Hokshteyn, ABD\u2019nin Atina\u2019ya, T\u00fcrk Ak\u0131m\u0131 yerine, Azerbaycan\u2019dan Avrupa\u2019ya do\u011falgaz sevkiyat\u0131 \u00f6ng\u00f6ren TANAP projesine destek vermeyi teklif edece\u011fini kaydetti.<\/p>\n<p style=\"color: #000000;\">TANAP\u2019\u0131n Yunanistan\u2019in \u00e7\u0131karlar\u0131 i\u00e7in \u00e7ok elveri\u015fli bir proje oldu\u011funu savunan Hokshteyn,\u201dBu proje daha fazla istihdam yaratabilir. T\u00fcrk Ak\u0131m\u0131 ise, sadece AB\u2019nin Rus gaz\u0131na ba\u011f\u0131ml\u0131l\u0131\u011f\u0131n\u0131 art\u0131racak. TANAP, Yunanistan\u2019\u0131n kendi enerji kaynaklar\u0131n\u0131 geli\u015ftirmesine de olanak tan\u0131yacak bir proje\u201d ifadelerinde bulundu.<\/p>\n<p style=\"color: #000000;\">Kaynak: Enerji Enstit\u00fcs\u00fc<\/p>\n<p><\/p>","protected":false},"excerpt":{"rendered":"<p>Sorry, this entry is only available in Turkish. For the sake of viewer convenience, the content is shown below in the alternative language. You may click the link to switch the active language. Washington, Rus do\u011falgaz\u0131n\u0131n T\u00fcrkiye ve Yunanistan \u00fczerinden Avrupa\u2019ya sevk edilmesini sa\u011flayacak T\u00fcrk Ak\u0131m projesi ile ilgili Yunanistan\u2019\u0131 uyard\u0131. ABD D\u0131\u015fi\u015fleri Bakanl\u0131\u011f\u0131 Enerji [&hellip;]<\/p>\n","protected":false},"author":1,"featured_media":39193,"comment_status":"open","ping_status":"open","sticky":false,"template":"","format":"standard","meta":[],"categories":[46,53],"tags":[],"views":589,"_links":{"self":[{"href":"https:\/\/www.enerjigazetesi.ist\/en\/wp-json\/wp\/v2\/posts\/39262"}],"collection":[{"href":"https:\/\/www.enerjigazetesi.ist\/en\/wp-json\/wp\/v2\/posts"}],"about":[{"href":"https:\/\/www.enerjigazetesi.ist\/en\/wp-json\/wp\/v2\/types\/post"}],"author":[{"embeddable":true,"href":"https:\/\/www.enerjigazetesi.ist\/en\/wp-json\/wp\/v2\/users\/1"}],"replies":[{"embeddable":true,"href":"https:\/\/www.enerjigazetesi.ist\/en\/wp-json\/wp\/v2\/comments?post=39262"}],"version-history":[{"count":2,"href":"https:\/\/www.enerjigazetesi.ist\/en\/wp-json\/wp\/v2\/posts\/39262\/revisions"}],"predecessor-version":[{"id":39267,"href":"https:\/\/www.enerjigazetesi.ist\/en\/wp-json\/wp\/v2\/posts\/39262\/revisions\/39267"}],"wp:featuredmedia":[{"embeddable":true,"href":"https:\/\/www.enerjigazetesi.ist\/en\/wp-json\/wp\/v2\/media\/39193"}],"wp:attachment":[{"href":"https:\/\/www.enerjigazetesi.ist\/en\/wp-json\/wp\/v2\/media?parent=39262"}],"wp:term":[{"taxonomy":"category","embeddable":true,"href":"https:\/\/www.enerjigazetesi.ist\/en\/wp-json\/wp\/v2\/categories?post=39262"},{"taxonomy":"post_tag","embeddable":true,"href":"https:\/\/www.enerjigazetesi.ist\/en\/wp-json\/wp\/v2\/tags?post=39262"}],"curies":[{"name":"wp","href":"https:\/\/api.w.org\/{rel}","templated":true}]}}