{"id":39248,"date":"2015-05-12T16:57:44","date_gmt":"2015-05-12T13:57:44","guid":{"rendered":"https:\/\/www.enerjigazetesi.ist\/?p=39248"},"modified":"2015-05-23T14:53:33","modified_gmt":"2015-05-23T11:53:33","slug":"libyada-turk-gemisine-yapilan-saldiri-petrol-fiyatlarina-yansiyacak","status":"publish","type":"post","link":"https:\/\/www.enerjigazetesi.ist\/en\/libyada-turk-gemisine-yapilan-saldiri-petrol-fiyatlarina-yansiyacak\/","title":{"rendered":"(Turkish) Libya\u2019da T\u00fcrk Gemisine Yap\u0131lan Sald\u0131r\u0131 Petrol Fiyatlar\u0131na Yans\u0131yacak!"},"content":{"rendered":"<p class=\"qtranxs-available-languages-message qtranxs-available-languages-message-en\">Sorry, this entry is only available in <a href=\"https:\/\/www.enerjigazetesi.ist\/tr\/wp-json\/wp\/v2\/posts\/39248\" class=\"qtranxs-available-language-link qtranxs-available-language-link-tr\" title=\"Turkish\">Turkish<\/a>. For the sake of viewer convenience, the content is shown below in the alternative language. You may click the link to switch the active language.<\/p><p><\/p>\n<p style=\"color: #000000;\"><strong>Trablus\u2019taki Ulusal Kurtulu\u015f H\u00fck\u00fcmeti Petrol Bakan\u0131 Ma\u015fala Agoup Said, Libya a\u00e7\u0131klar\u0131nda uluslararas\u0131 sularda bir T\u00fcrk firmas\u0131na ait gemiye y\u00f6nelik sald\u0131r\u0131y\u0131 k\u0131nayarak, bunun insan haklar\u0131na ve uluslararas\u0131 kanunlara ayk\u0131r\u0131 oldu\u011funu s\u00f6yledi.<\/strong><span id=\"more-71547\"><\/span><\/p>\n<p style=\"color: #000000;\">Tobruk\u2019taki Temsilciler Meclisi\u2019nin deste\u011fini alan emekli General Halife Hafter\u2019in bu sald\u0131r\u0131s\u0131n\u0131n, enerji g\u00fcvenli\u011fine y\u00f6nelik maliyetleri art\u0131rd\u0131\u011f\u0131n\u0131 vurgulayan Agoup Said, \u201cBu sald\u0131r\u0131 petrol fiyatlar\u0131na yans\u0131yacakt\u0131r. Ayr\u0131ca, bu sald\u0131r\u0131 <a href=\"https:\/\/www.enerjigazetesi.ist\/wp-content\/uploads\/2015\/05\/libyada-turk-gemisine-yapilan-saldiri-petrol-fiyatlarina-yansiyacak.jpg\"><img loading=\"lazy\" class=\"alignright size-medium wp-image-39231\" src=\"https:\/\/www.enerjigazetesi.ist\/wp-content\/uploads\/2015\/05\/libyada-turk-gemisine-yapilan-saldiri-petrol-fiyatlarina-yansiyacak-300x204.jpg\" alt=\"libyada-turk-gemisine-yapilan-saldiri-petrol-fiyatlarina-yansiyacak\" width=\"300\" height=\"204\" srcset=\"https:\/\/www.enerjigazetesi.ist\/wp-content\/uploads\/2015\/05\/libyada-turk-gemisine-yapilan-saldiri-petrol-fiyatlarina-yansiyacak-300x204.jpg 300w, https:\/\/www.enerjigazetesi.ist\/wp-content\/uploads\/2015\/05\/libyada-turk-gemisine-yapilan-saldiri-petrol-fiyatlarina-yansiyacak-500x340.jpg 500w, https:\/\/www.enerjigazetesi.ist\/wp-content\/uploads\/2015\/05\/libyada-turk-gemisine-yapilan-saldiri-petrol-fiyatlarina-yansiyacak-73x50.jpg 73w, https:\/\/www.enerjigazetesi.ist\/wp-content\/uploads\/2015\/05\/libyada-turk-gemisine-yapilan-saldiri-petrol-fiyatlarina-yansiyacak.jpg 720w\" sizes=\"(max-width: 300px) 100vw, 300px\" \/><\/a>Libya limanlar\u0131n\u0131 kullanan petrol gemileri i\u00e7in de sorunlar \u00e7\u0131karacak\u201d diye konu\u015ftu.<\/p>\n<p style=\"color: #000000;\">Agoup Said, T\u00fcrkiye\u2019ye enerji konusunda ve Libya\u2019daki son geli\u015fmeleri de\u011ferlendirmek \u00fczere d\u00fcn geldi\u011fini belirterek, Enerji ve Tabii Kaynaklar Bakanl\u0131\u011f\u0131 ve T\u00fcrkiye Petrolleri Anonim Ortakl\u0131\u011f\u0131 (TPAO) yetkilileri ile g\u00f6r\u00fc\u015fmeler ger\u00e7ekle\u015ftirdi\u011fini ifade etti.<br \/>\nG\u00f6r\u00fc\u015fmelerde Libya\u2019daki \u00e7at\u0131\u015fmalar nedeniyle kullan\u0131lamayan petrol sahalar\u0131 ve elektrik teminat\u0131 ile ilgili konular\u0131n konu\u015fuldu\u011funu bildiren Agoup Said, \u201cBu nedenle \u2019T\u00fcrk firmalar\u0131 i\u00e7in petrol sahalar\u0131n\u0131 nas\u0131l g\u00fcvenli hale getirebiliriz\u2019 diye baz\u0131 T\u00fcrk firmalar\u0131yla da g\u00f6r\u00fc\u015fmelerde bulunduk\u201d dedi. Agoup Said, \u00fclkedeki elektrik santrallerinin \u00e7o\u011funun sava\u015f sebebiyle faaliyet d\u0131\u015f\u0131 kald\u0131\u011f\u0131n\u0131n alt\u0131n\u0131 \u00e7izdi.<\/p>\n<p style=\"color: #000000;\">Agoup Said, \u00fclkenin 1 milyon n\u00fcfusuyla en b\u00fcy\u00fck ikinci kenti olan Bingazi\u2019nin harabeye d\u00f6nd\u00fc\u011f\u00fcne i\u015faret ederek, n\u00fcfusun y\u00fczde 25\u2019inin \u015fehri terk etmek zorunda kald\u0131\u011f\u0131n\u0131 s\u00f6yledi. General Hafter\u2019in kendilerini \u00fclkedeki DAE\u015e unsurlar\u0131na destek vermekle itham etti\u011fini anlatan Agoup Said, DAE\u015e ile sava\u015ft\u0131klar\u0131n\u0131 buna kar\u015f\u0131l\u0131k, Tobruk merkezli h\u00fck\u00fcmetin DAE\u015e\u2019le i\u015fbirli\u011fi yapt\u0131\u011f\u0131n\u0131 \u00f6ne s\u00fcrd\u00fc.<br \/>\nAgoup Said, DAE\u015e\u2019in be\u015f petrol sahas\u0131n\u0131 yok etti\u011fini s\u00f6yleyerek, g\u00fcnl\u00fck yakla\u015f\u0131k 80 bin varillik petrol \u00fcretiminden olduklar\u0131n\u0131, bunun maliyetinin ise senelik 4 milyar dolar\u0131 buldu\u011funu kaydetti.<\/p>\n<p style=\"color: #000000;\">Kaynak: Enerji Enstit\u00fcs\u00fc<\/p>\n<p><\/p>","protected":false},"excerpt":{"rendered":"<p>Sorry, this entry is only available in Turkish. For the sake of viewer convenience, the content is shown below in the alternative language. You may click the link to switch the active language. Trablus\u2019taki Ulusal Kurtulu\u015f H\u00fck\u00fcmeti Petrol Bakan\u0131 Ma\u015fala Agoup Said, Libya a\u00e7\u0131klar\u0131nda uluslararas\u0131 sularda bir T\u00fcrk firmas\u0131na ait gemiye y\u00f6nelik sald\u0131r\u0131y\u0131 k\u0131nayarak, bunun [&hellip;]<\/p>\n","protected":false},"author":1,"featured_media":39231,"comment_status":"open","ping_status":"open","sticky":false,"template":"","format":"standard","meta":[],"categories":[53,44],"tags":[],"views":935,"_links":{"self":[{"href":"https:\/\/www.enerjigazetesi.ist\/en\/wp-json\/wp\/v2\/posts\/39248"}],"collection":[{"href":"https:\/\/www.enerjigazetesi.ist\/en\/wp-json\/wp\/v2\/posts"}],"about":[{"href":"https:\/\/www.enerjigazetesi.ist\/en\/wp-json\/wp\/v2\/types\/post"}],"author":[{"embeddable":true,"href":"https:\/\/www.enerjigazetesi.ist\/en\/wp-json\/wp\/v2\/users\/1"}],"replies":[{"embeddable":true,"href":"https:\/\/www.enerjigazetesi.ist\/en\/wp-json\/wp\/v2\/comments?post=39248"}],"version-history":[{"count":1,"href":"https:\/\/www.enerjigazetesi.ist\/en\/wp-json\/wp\/v2\/posts\/39248\/revisions"}],"predecessor-version":[{"id":39249,"href":"https:\/\/www.enerjigazetesi.ist\/en\/wp-json\/wp\/v2\/posts\/39248\/revisions\/39249"}],"wp:featuredmedia":[{"embeddable":true,"href":"https:\/\/www.enerjigazetesi.ist\/en\/wp-json\/wp\/v2\/media\/39231"}],"wp:attachment":[{"href":"https:\/\/www.enerjigazetesi.ist\/en\/wp-json\/wp\/v2\/media?parent=39248"}],"wp:term":[{"taxonomy":"category","embeddable":true,"href":"https:\/\/www.enerjigazetesi.ist\/en\/wp-json\/wp\/v2\/categories?post=39248"},{"taxonomy":"post_tag","embeddable":true,"href":"https:\/\/www.enerjigazetesi.ist\/en\/wp-json\/wp\/v2\/tags?post=39248"}],"curies":[{"name":"wp","href":"https:\/\/api.w.org\/{rel}","templated":true}]}}