{"id":39246,"date":"2015-05-12T16:55:19","date_gmt":"2015-05-12T13:55:19","guid":{"rendered":"https:\/\/www.enerjigazetesi.ist\/?p=39246"},"modified":"2015-05-23T14:53:41","modified_gmt":"2015-05-23T11:53:41","slug":"dusuk-petrol-fiyatlari-korfez-ulkelerine-kdv-getirdi","status":"publish","type":"post","link":"https:\/\/www.enerjigazetesi.ist\/en\/dusuk-petrol-fiyatlari-korfez-ulkelerine-kdv-getirdi\/","title":{"rendered":"(Turkish) D\u00fc\u015f\u00fck Petrol Fiyatlar\u0131 K\u00f6rfez \u00dclkelerine KDV Getirdi&#8230;"},"content":{"rendered":"<p class=\"qtranxs-available-languages-message qtranxs-available-languages-message-en\">Sorry, this entry is only available in <a href=\"https:\/\/www.enerjigazetesi.ist\/tr\/wp-json\/wp\/v2\/posts\/39246\" class=\"qtranxs-available-language-link qtranxs-available-language-link-tr\" title=\"Turkish\">Turkish<\/a>. For the sake of viewer convenience, the content is shown below in the alternative language. You may click the link to switch the active language.<\/p><p><\/p>\n<p style=\"color: #000000;\"><strong>K\u00f6rfez \u00fclkeleri d\u00fc\u015f\u00fck petrol fiyatlar\u0131ndan \u00f6t\u00fcr\u00fc katma k\u0131ymet vergisi projesini ilerletmek konusunda anla\u015fmaya vard\u0131.<\/strong><\/p>\n<p style=\"color: #000000;\">K\u00f6rfez \u0130\u015fbirli\u011fi Konseyi (GCC) \u00fcyesi alt\u0131 \u00fclkenin yetkilileri hafta sonu b\u00f6lgede katma k\u0131ymet vergisi (KDV) uygulama projesi \u00fczerine \u00e7al\u0131\u015fmalar\u0131 ilerletmek konusunda anla\u015fmaya vararak, d\u00fc\u015f\u00fck petrol fiyatlar\u0131n\u0131n bu projeye olan de<a href=\"https:\/\/www.enerjigazetesi.ist\/wp-content\/uploads\/2015\/05\/dusuk-petrol-fiyatlari-korfez-ulkelerine-kdv-getirdi.jpg\"><img loading=\"lazy\" class=\"alignleft wp-image-39228 size-medium\" src=\"https:\/\/www.enerjigazetesi.ist\/wp-content\/uploads\/2015\/05\/dusuk-petrol-fiyatlari-korfez-ulkelerine-kdv-getirdi-300x197.jpg\" alt=\"dusuk-petrol-fiyatlari-korfez-ulkelerine-kdv-getirdi\" width=\"300\" height=\"197\" srcset=\"https:\/\/www.enerjigazetesi.ist\/wp-content\/uploads\/2015\/05\/dusuk-petrol-fiyatlari-korfez-ulkelerine-kdv-getirdi-300x197.jpg 300w, https:\/\/www.enerjigazetesi.ist\/wp-content\/uploads\/2015\/05\/dusuk-petrol-fiyatlari-korfez-ulkelerine-kdv-getirdi-500x328.jpg 500w, https:\/\/www.enerjigazetesi.ist\/wp-content\/uploads\/2015\/05\/dusuk-petrol-fiyatlari-korfez-ulkelerine-kdv-getirdi-76x50.jpg 76w, https:\/\/www.enerjigazetesi.ist\/wp-content\/uploads\/2015\/05\/dusuk-petrol-fiyatlari-korfez-ulkelerine-kdv-getirdi.jpg 840w\" sizes=\"(max-width: 300px) 100vw, 300px\" \/><\/a>ste\u011fi art\u0131rd\u0131\u011f\u0131 sinyalini verdiler.<span id=\"more-71546\"><\/span>Kuveyt devlet haber ajans\u0131 KUNA\u2019n\u0131n Kuveyt Maliye Bakan\u0131 Enes el Salih\u2019e dayand\u0131rd\u0131\u011f\u0131 bilgiye g\u00f6re GCC\u2019nin Finansal ve Ekonomik \u0130\u015fbirli\u011fi Komitesi taraf\u0131ndan Doha\u2019da ger\u00e7ekle\u015ftirilen toplant\u0131s\u0131nda \u00e2za \u00fclkeler taraf\u0131ndan uygulanacak KDV i\u00e7in bir \u00f6n taslak kabul edildi.<\/p>\n<p style=\"color: #000000;\">Petrol ihra\u00e7 eden varl\u0131kl\u0131 K\u00f6rfez \u00fclkeleri i\u00e7in KDV\u2019nin uygulanmas\u0131 m\u00fchim bir ekonomik reforma i\u015faret ederken, n\u00fcfuslar\u0131n\u0131n y\u00fcksek sosyal yard\u0131ma ve s\u0131f\u0131ra yak\u0131n vergilendirmeye al\u0131\u015fk\u0131n olmas\u0131ndan \u00f6t\u00fcr\u00fc siyasi olarak da duygulu bir konu. GCC \u00fclkeleri aras\u0131nda \u00e7ok s\u0131k seyahat ger\u00e7ekle\u015fti\u011fi i\u00e7in memleket yetkilileri KDV uygulamas\u0131n\u0131n milyarlarca dolara mal olabilecek ka\u00e7ak\u00e7\u0131l\u0131\u011f\u0131 \u00f6nlemek i\u00e7in ayn\u0131 anda ya\u015fama ge\u00e7irilmesi gerekti\u011fini d\u00fc\u015f\u00fcn\u00fcyor.<\/p>\n<p style=\"color: #000000;\">B\u00fct\u00fcn bu geli\u015fmelere kar\u015f\u0131n Salih, KDV\u2019nin ne vakit uygulanaca\u011f\u0131na dair bir zamanlama veya vergi oran\u0131n\u0131n ne kadar olaca\u011f\u0131 hakk\u0131nda bilgi vermeyerek, m\u00fchim detaylar\u0131n hen\u00fcz kararla\u015ft\u0131r\u0131lmam\u0131\u015f olabilece\u011fi sinyalini verdi.<\/p>\n<p style=\"color: #000000;\">Kaynak: Enerji Enstit\u00fcs\u00fc<\/p>\n<p><\/p>","protected":false},"excerpt":{"rendered":"<p>Sorry, this entry is only available in Turkish. For the sake of viewer convenience, the content is shown below in the alternative language. You may click the link to switch the active language. K\u00f6rfez \u00fclkeleri d\u00fc\u015f\u00fck petrol fiyatlar\u0131ndan \u00f6t\u00fcr\u00fc katma k\u0131ymet vergisi projesini ilerletmek konusunda anla\u015fmaya vard\u0131. K\u00f6rfez \u0130\u015fbirli\u011fi Konseyi (GCC) \u00fcyesi alt\u0131 \u00fclkenin yetkilileri [&hellip;]<\/p>\n","protected":false},"author":1,"featured_media":39228,"comment_status":"open","ping_status":"open","sticky":false,"template":"","format":"standard","meta":[],"categories":[53,44],"tags":[],"views":842,"_links":{"self":[{"href":"https:\/\/www.enerjigazetesi.ist\/en\/wp-json\/wp\/v2\/posts\/39246"}],"collection":[{"href":"https:\/\/www.enerjigazetesi.ist\/en\/wp-json\/wp\/v2\/posts"}],"about":[{"href":"https:\/\/www.enerjigazetesi.ist\/en\/wp-json\/wp\/v2\/types\/post"}],"author":[{"embeddable":true,"href":"https:\/\/www.enerjigazetesi.ist\/en\/wp-json\/wp\/v2\/users\/1"}],"replies":[{"embeddable":true,"href":"https:\/\/www.enerjigazetesi.ist\/en\/wp-json\/wp\/v2\/comments?post=39246"}],"version-history":[{"count":1,"href":"https:\/\/www.enerjigazetesi.ist\/en\/wp-json\/wp\/v2\/posts\/39246\/revisions"}],"predecessor-version":[{"id":39247,"href":"https:\/\/www.enerjigazetesi.ist\/en\/wp-json\/wp\/v2\/posts\/39246\/revisions\/39247"}],"wp:featuredmedia":[{"embeddable":true,"href":"https:\/\/www.enerjigazetesi.ist\/en\/wp-json\/wp\/v2\/media\/39228"}],"wp:attachment":[{"href":"https:\/\/www.enerjigazetesi.ist\/en\/wp-json\/wp\/v2\/media?parent=39246"}],"wp:term":[{"taxonomy":"category","embeddable":true,"href":"https:\/\/www.enerjigazetesi.ist\/en\/wp-json\/wp\/v2\/categories?post=39246"},{"taxonomy":"post_tag","embeddable":true,"href":"https:\/\/www.enerjigazetesi.ist\/en\/wp-json\/wp\/v2\/tags?post=39246"}],"curies":[{"name":"wp","href":"https:\/\/api.w.org\/{rel}","templated":true}]}}