{"id":39244,"date":"2015-05-12T16:52:03","date_gmt":"2015-05-12T13:52:03","guid":{"rendered":"https:\/\/www.enerjigazetesi.ist\/?p=39244"},"modified":"2015-05-23T14:53:50","modified_gmt":"2015-05-23T11:53:50","slug":"imf-ucuz-petrol-turkiyenin-guclu-kalmasini-destekliyor","status":"publish","type":"post","link":"https:\/\/www.enerjigazetesi.ist\/en\/imf-ucuz-petrol-turkiyenin-guclu-kalmasini-destekliyor\/","title":{"rendered":"(Turkish) IMF: \u201cUcuz Petrol T\u00fcrkiye\u2019nin G\u00fc\u00e7l\u00fc Kalmas\u0131n\u0131 Destekliyor!\u201d"},"content":{"rendered":"<p class=\"qtranxs-available-languages-message qtranxs-available-languages-message-en\">Sorry, this entry is only available in <a href=\"https:\/\/www.enerjigazetesi.ist\/tr\/wp-json\/wp\/v2\/posts\/39244\" class=\"qtranxs-available-language-link qtranxs-available-language-link-tr\" title=\"Turkish\">Turkish<\/a>. For the sake of viewer convenience, the content is shown below in the alternative language. You may click the link to switch the active language.<\/p><p><\/p>\n<p style=\"color: #000000;\"><strong>IMF, T\u00fcrkiye\u2019nin \u201cB\u00f6lgesel Ekonomik Sorunlar\u201d raporunu yay\u0131mlad\u0131. IMF\u2019nin raporuna g\u00f6re ucuz petrol, T\u00fcrkiye\u2019de b\u00fcy\u00fcmenin g\u00fc\u00e7l\u00fc kalmas\u0131n\u0131 destekliyor.<\/strong><\/p>\n<p style=\"color: #000000;\">IMF, T\u00fcrkiye\u2019nin de aralar\u0131nda oldu\u011fu Orta, Do\u011fu ve G\u00fcneydo\u011fu Avrupa (CESEE) \u00fclkelerine ili\u015fkin \u201cB\u00f6lgesel Ekonomik Sorunlar\u201d raporunu yay\u0131mlad\u0131. Rapor, b\u00f6lge ekonomilerinin b\u00fcy\u00fcme modellerinin giderek ayr\u0131\u015ft\u0131\u011f\u0131na i\u015faret etti.<span id=\"more-71545\"><\/span><\/p>\n<p style=\"color: #000000;\">Rapora g\u00f6re, T\u00fcrkiye\u2019yi de i\u00e7ine alan Balt\u0131k \u00fclkelerine kadar uzanan \u00fclkeler gurubunun tamam\u0131, d\u0131\u015f kuvvetle<img loading=\"lazy\" class=\"alignright size-medium wp-image-39225\" src=\"https:\/\/www.enerjigazetesi.ist\/wp-content\/uploads\/2015\/05\/imf-ucuz-petrol-turkiyenin-guclu-kalmasini-destekliyor-300x148.jpg\" alt=\"imf-ucuz-petrol-turkiyenin-guclu-kalmasini-destekliyor\" width=\"300\" height=\"148\" srcset=\"https:\/\/www.enerjigazetesi.ist\/wp-content\/uploads\/2015\/05\/imf-ucuz-petrol-turkiyenin-guclu-kalmasini-destekliyor-300x148.jpg 300w, https:\/\/www.enerjigazetesi.ist\/wp-content\/uploads\/2015\/05\/imf-ucuz-petrol-turkiyenin-guclu-kalmasini-destekliyor-500x247.jpg 500w, https:\/\/www.enerjigazetesi.ist\/wp-content\/uploads\/2015\/05\/imf-ucuz-petrol-turkiyenin-guclu-kalmasini-destekliyor-80x39.jpg 80w, https:\/\/www.enerjigazetesi.ist\/wp-content\/uploads\/2015\/05\/imf-ucuz-petrol-turkiyenin-guclu-kalmasini-destekliyor.jpg 870w\" sizes=\"(max-width: 300px) 100vw, 300px\" \/>rden (Jeopolitik gerilimler, Avro B\u00f6lgesi\u2019ndeki iyile\u015fmenin etkisi ve petrol fiyatlar\u0131) farkl\u0131 etkilendi. Ayr\u0131ca, baz\u0131 \u00fclkeler hala bor\u00e7 y\u00fck\u00fcnden muzdarip ve destekleyici makroekonomik politikalar\u0131n yan\u0131s\u0131ra derin kurumsal reformlar olmadan b\u00fcy\u00fcme olas\u0131l\u0131\u011f\u0131 yok.<\/p>\n<p style=\"color: #000000;\">Ucuz petrol fiyatlar\u0131 ve Euro B\u00f6lgesi\u2019nde iyile\u015fmenin g\u00fc\u00e7lenmesi; Balt\u0131k \u00fclkeleri (Estonya, Litvanya ve Letonya), Orta ve Do\u011fu Avrupa B\u00f6lgesi (\u00c7ek Cumhuriyeti, Macaristan, Polonya, Slovakya, Slovenya) ve T\u00fcrkiye\u2019de b\u00fcy\u00fcmenin g\u00fc\u00e7l\u00fc kalmas\u0131n\u0131 destekliyor. Ancak, kal\u0131c\u0131 yap\u0131sal zay\u0131fl\u0131klar ve tamamlanmam\u0131\u015f \u00f6zel sekt\u00f6r dengesi, G\u00fcneydo\u011fu Avrupa\u2019n\u0131n (Arnavutluk, Bosna Hersek, Bulgaristan, H\u0131rvatistan, Kosova, Makedonya, Romanya ve S\u0131rbistan) benzer r\u00fczgarlardan tamamen etkilenmesini \u00f6nledi.<\/p>\n<p style=\"color: #000000;\">Buna kar\u015f\u0131n, jeopolitik gerilimler ve devam eden makroekonomik d\u00fczeltmelerden (Ukrayna) etkilenen Ba\u011f\u0131ms\u0131z Devletler Toplulu\u011fu \u00fclkelerinin (Beyaz Rusya, Moldovya, Rusya ve Ukrayna), d\u00fc\u015f\u00fck petrol fiyatlar\u0131 ve yapt\u0131r\u0131mlar (Rusya) nedeniyle daralmas\u0131 bekleniyor.<\/p>\n<p style=\"color: #000000;\">Kaynak: Enerji Enstit\u00fcs\u00fc<\/p>\n<p><\/p>","protected":false},"excerpt":{"rendered":"<p>Sorry, this entry is only available in Turkish. For the sake of viewer convenience, the content is shown below in the alternative language. You may click the link to switch the active language. IMF, T\u00fcrkiye\u2019nin \u201cB\u00f6lgesel Ekonomik Sorunlar\u201d raporunu yay\u0131mlad\u0131. IMF\u2019nin raporuna g\u00f6re ucuz petrol, T\u00fcrkiye\u2019de b\u00fcy\u00fcmenin g\u00fc\u00e7l\u00fc kalmas\u0131n\u0131 destekliyor. IMF, T\u00fcrkiye\u2019nin de aralar\u0131nda oldu\u011fu [&hellip;]<\/p>\n","protected":false},"author":1,"featured_media":39225,"comment_status":"open","ping_status":"open","sticky":false,"template":"","format":"standard","meta":[],"categories":[53,44],"tags":[],"views":643,"_links":{"self":[{"href":"https:\/\/www.enerjigazetesi.ist\/en\/wp-json\/wp\/v2\/posts\/39244"}],"collection":[{"href":"https:\/\/www.enerjigazetesi.ist\/en\/wp-json\/wp\/v2\/posts"}],"about":[{"href":"https:\/\/www.enerjigazetesi.ist\/en\/wp-json\/wp\/v2\/types\/post"}],"author":[{"embeddable":true,"href":"https:\/\/www.enerjigazetesi.ist\/en\/wp-json\/wp\/v2\/users\/1"}],"replies":[{"embeddable":true,"href":"https:\/\/www.enerjigazetesi.ist\/en\/wp-json\/wp\/v2\/comments?post=39244"}],"version-history":[{"count":1,"href":"https:\/\/www.enerjigazetesi.ist\/en\/wp-json\/wp\/v2\/posts\/39244\/revisions"}],"predecessor-version":[{"id":39245,"href":"https:\/\/www.enerjigazetesi.ist\/en\/wp-json\/wp\/v2\/posts\/39244\/revisions\/39245"}],"wp:featuredmedia":[{"embeddable":true,"href":"https:\/\/www.enerjigazetesi.ist\/en\/wp-json\/wp\/v2\/media\/39225"}],"wp:attachment":[{"href":"https:\/\/www.enerjigazetesi.ist\/en\/wp-json\/wp\/v2\/media?parent=39244"}],"wp:term":[{"taxonomy":"category","embeddable":true,"href":"https:\/\/www.enerjigazetesi.ist\/en\/wp-json\/wp\/v2\/categories?post=39244"},{"taxonomy":"post_tag","embeddable":true,"href":"https:\/\/www.enerjigazetesi.ist\/en\/wp-json\/wp\/v2\/tags?post=39244"}],"curies":[{"name":"wp","href":"https:\/\/api.w.org\/{rel}","templated":true}]}}