{"id":39233,"date":"2015-05-12T16:35:40","date_gmt":"2015-05-12T13:35:40","guid":{"rendered":"https:\/\/www.enerjigazetesi.ist\/?p=39233"},"modified":"2015-05-23T14:54:34","modified_gmt":"2015-05-23T11:54:34","slug":"bakan-yildiz-kacak-elektrik-kul-hakkidir","status":"publish","type":"post","link":"https:\/\/www.enerjigazetesi.ist\/en\/bakan-yildiz-kacak-elektrik-kul-hakkidir\/","title":{"rendered":"(Turkish) Bakan Y\u0131ld\u0131z: \u201cKa\u00e7ak Elektrik Kul Hakk\u0131d\u0131r&#8230;\u201d"},"content":{"rendered":"<p class=\"qtranxs-available-languages-message qtranxs-available-languages-message-en\">Sorry, this entry is only available in <a href=\"https:\/\/www.enerjigazetesi.ist\/tr\/wp-json\/wp\/v2\/posts\/39233\" class=\"qtranxs-available-language-link qtranxs-available-language-link-tr\" title=\"Turkish\">Turkish<\/a>. For the sake of viewer convenience, the content is shown below in the alternative language. You may click the link to switch the active language.<\/p><p><strong><span style=\"color: #000000;\">Enerji ve Tabii Kaynaklar Bakan\u0131 Taner Y\u0131ld\u0131z, se\u00e7imlerde bedava elektrik vaadinde bulunan siyasi parti liderlerine g\u00f6ndermede bulunarak, ka\u00e7ak elektrik kullanmak, devlet ve kul hakk\u0131d\u0131r dedi.<\/span><\/strong><span id=\"more-71539\" style=\"color: #000000;\"><\/span><\/p>\n<p><span style=\"color: #000000;\">\u0130stanbuldan tarifeli u\u00e7akla Kayseriye gelerek AK Partinin Kadir Has Spor Salonunda 1500 ki\u015fiyle yapt\u0131\u011f\u0131 <a href=\"https:\/\/www.enerjigazetesi.ist\/wp-content\/uploads\/2015\/05\/bakan-yildiz-kacak-elektrik-kul-hakkidir.jpg\"><img loading=\"lazy\" class=\"alignright size-medium wp-image-39209\" src=\"https:\/\/www.enerjigazetesi.ist\/wp-content\/uploads\/2015\/05\/bakan-yildiz-kacak-elektrik-kul-hakkidir-300x168.jpg\" alt=\"K\" width=\"300\" height=\"168\" srcset=\"https:\/\/www.enerjigazetesi.ist\/wp-content\/uploads\/2015\/05\/bakan-yildiz-kacak-elektrik-kul-hakkidir-300x168.jpg 300w, https:\/\/www.enerjigazetesi.ist\/wp-content\/uploads\/2015\/05\/bakan-yildiz-kacak-elektrik-kul-hakkidir-500x281.jpg 500w, https:\/\/www.enerjigazetesi.ist\/wp-content\/uploads\/2015\/05\/bakan-yildiz-kacak-elektrik-kul-hakkidir-80x44.jpg 80w, https:\/\/www.enerjigazetesi.ist\/wp-content\/uploads\/2015\/05\/bakan-yildiz-kacak-elektrik-kul-hakkidir.jpg 870w\" sizes=\"(max-width: 300px) 100vw, 300px\" \/><\/a>yemekli \u0130sti\u015fare Toplant\u0131s\u0131\u2019na kat\u0131lan Bakan Y\u0131ld\u0131z, gazetecilere yapt\u0131\u011f\u0131 a\u00e7\u0131klamada, muhalefet parti liderlerinin bedava elektrikle ilgili vaatlerini ele\u015ftirdi. Y\u0131ld\u0131z, \u201cElektrikteki kay\u0131p ka\u00e7ak konusu bir siyasi istismar haline geldi. Yap\u0131lacak i\u015flem son derece net ve belli. Kimse ka\u00e7ak elektrik kullanmayacak, b\u00fct\u00fcn vatanda\u015flar\u0131m\u0131z i\u00e7in bu hem kul hakk\u0131 hem de devlet hakk\u0131yla alakal\u0131 bir husustur. <\/span><\/p>\n<p><span style=\"color: #000000;\">E\u011fer HDP E\u015fba\u015fkan\u0131 Selahattin Demirta\u015f \u00e7\u0131k\u0131p, Ben kitle partisi olmak istiyorum. T\u00fcrkiyeyi kucaklayaca\u011f\u0131m \u015firinlik yapmaya devam edece\u011fim diyorsa, yapaca\u011f\u0131 bir i\u015flem var. Biz PKKn\u0131n zoruyla \u00f6demeyin dedi\u011fimiz ki\u015filere bundan sonra \u00f6demeniz laz\u0131m demektir. Bunu \u015fu ana kadar kendisinden duymad\u0131k. <\/span><\/p>\n<p><span style=\"color: #000000;\">Biz e\u011fer herhangi bir vatanda\u015f\u0131m\u0131z elektrik paras\u0131n\u0131 \u00f6deyemiyorsa, biz ona kolayl\u0131k g\u00f6stermek zorunday\u0131z. \u00dc\u00e7 taksit diyorsa, 5 taksit, 5 taksit diyorsa 10 taksit yapal\u0131m. Ama \u00f6demem diyorsa, devlet otoritesine kar\u015f\u0131 yanl\u0131\u015f olur. Ger\u00e7ekten de kul hakk\u0131, devlet hakk\u0131 olur. Bug\u00fcn partiler bedava elektrik da\u011f\u0131taca\u011f\u0131na, kay\u0131p-ka\u00e7akla alakal\u0131 hassasiyetlerini belirtsinler. En ba\u015fta da HDP bunu yaps\u0131n diye konu\u015ftu.<\/span><\/p>\n<p>Kaynak: Enerji Enstit\u00fcs\u00fc<\/p>","protected":false},"excerpt":{"rendered":"<p>Sorry, this entry is only available in Turkish. For the sake of viewer convenience, the content is shown below in the alternative language. You may click the link to switch the active language.Enerji ve Tabii Kaynaklar Bakan\u0131 Taner Y\u0131ld\u0131z, se\u00e7imlerde bedava elektrik vaadinde bulunan siyasi parti liderlerine g\u00f6ndermede bulunarak, ka\u00e7ak elektrik kullanmak, devlet ve kul [&hellip;]<\/p>\n","protected":false},"author":1,"featured_media":39209,"comment_status":"open","ping_status":"open","sticky":false,"template":"","format":"standard","meta":[],"categories":[51,53],"tags":[],"views":973,"_links":{"self":[{"href":"https:\/\/www.enerjigazetesi.ist\/en\/wp-json\/wp\/v2\/posts\/39233"}],"collection":[{"href":"https:\/\/www.enerjigazetesi.ist\/en\/wp-json\/wp\/v2\/posts"}],"about":[{"href":"https:\/\/www.enerjigazetesi.ist\/en\/wp-json\/wp\/v2\/types\/post"}],"author":[{"embeddable":true,"href":"https:\/\/www.enerjigazetesi.ist\/en\/wp-json\/wp\/v2\/users\/1"}],"replies":[{"embeddable":true,"href":"https:\/\/www.enerjigazetesi.ist\/en\/wp-json\/wp\/v2\/comments?post=39233"}],"version-history":[{"count":2,"href":"https:\/\/www.enerjigazetesi.ist\/en\/wp-json\/wp\/v2\/posts\/39233\/revisions"}],"predecessor-version":[{"id":39235,"href":"https:\/\/www.enerjigazetesi.ist\/en\/wp-json\/wp\/v2\/posts\/39233\/revisions\/39235"}],"wp:featuredmedia":[{"embeddable":true,"href":"https:\/\/www.enerjigazetesi.ist\/en\/wp-json\/wp\/v2\/media\/39209"}],"wp:attachment":[{"href":"https:\/\/www.enerjigazetesi.ist\/en\/wp-json\/wp\/v2\/media?parent=39233"}],"wp:term":[{"taxonomy":"category","embeddable":true,"href":"https:\/\/www.enerjigazetesi.ist\/en\/wp-json\/wp\/v2\/categories?post=39233"},{"taxonomy":"post_tag","embeddable":true,"href":"https:\/\/www.enerjigazetesi.ist\/en\/wp-json\/wp\/v2\/tags?post=39233"}],"curies":[{"name":"wp","href":"https:\/\/api.w.org\/{rel}","templated":true}]}}