{"id":3918,"date":"2012-11-28T11:57:54","date_gmt":"2012-11-28T08:57:54","guid":{"rendered":"https:\/\/www.enerjigazetesi.ist\/?p=3918"},"modified":"2012-11-28T12:00:18","modified_gmt":"2012-11-28T09:00:18","slug":"hem-petrol-hem-nukleerimiz-olacak","status":"publish","type":"post","link":"https:\/\/www.enerjigazetesi.ist\/en\/hem-petrol-hem-nukleerimiz-olacak\/","title":{"rendered":"(Turkish) Hem Petrol Hem N\u00fckleerimiz Olacak"},"content":{"rendered":"<p class=\"qtranxs-available-languages-message qtranxs-available-languages-message-en\">Sorry, this entry is only available in <a href=\"https:\/\/www.enerjigazetesi.ist\/tr\/wp-json\/wp\/v2\/posts\/3918\" class=\"qtranxs-available-language-link qtranxs-available-language-link-tr\" title=\"Turkish\">Turkish<\/a>. For the sake of viewer convenience, the content is shown below in the alternative language. You may click the link to switch the active language.<\/p><p><\/p>\n<h2>Enerji ve Tabi Kaynaklar Bakan\u0131 Taner Y\u0131ld\u0131z, T\u00fcrkiye\u2019nin \u00f6n\u00fcm\u00fczdeki 10 y\u0131ll\u0131k enerji haritas\u0131n\u0131 \u00e7\u0131kard\u0131.<\/h2>\n<p><img loading=\"lazy\" class=\"alignright size-full wp-image-3919\" title=\"petrol-ve-nukleer\" src=\"https:\/\/www.enerjigazetesi.ist\/wp-content\/uploads\/2012\/11\/petrol-ve-nukleer.jpg\" alt=\"\" width=\"250\" height=\"150\" srcset=\"https:\/\/www.enerjigazetesi.ist\/wp-content\/uploads\/2012\/11\/petrol-ve-nukleer.jpg 250w, https:\/\/www.enerjigazetesi.ist\/wp-content\/uploads\/2012\/11\/petrol-ve-nukleer-80x48.jpg 80w\" sizes=\"(max-width: 250px) 100vw, 250px\" \/>T\u00fcrkiye\u2019nin hi\u00e7bir petrol noktas\u0131na kay\u0131ts\u0131z kalamayaca\u011f\u0131n\u0131 belirten Y\u0131ld\u0131z, 10 y\u0131l i\u00e7erisinde enerjide d\u0131\u015fa ba\u011f\u0131ml\u0131l\u0131\u011f\u0131n y\u00fczde 50\u2019den, y\u00fczde 30\u2019a indirilece\u011fini s\u00f6yledi. Y\u0131ld\u0131z, petrol aramalar\u0131 ve sonu\u00e7lar\u0131 konusunda her zaman d\u00fcr\u00fcst olmay\u0131 tercih etti\u011fini belirterek, \u201cgereksiz umut\u201d yaratmamaya \u00f6zen g\u00f6sterdi\u011fini s\u00f6yledi. Y\u0131ld\u0131z, \u015f\u00f6yle konu\u015ftu:<\/p>\n<p><strong>BO\u015eA UMUT VERMEM<\/strong><\/p>\n<p>\u201cNe se\u00e7im, ne ba\u015fka bir nedenle gereksiz umut yaratmamaya \u00f6zen g\u00f6sterdim. Bu konu, \u00fczerinden fayda dev\u015firilecek bir konu de\u011fil. Bir hareketin s\u00fcrd\u00fcr\u00fclebilir olmas\u0131 benim i\u00e7in \u00e7ok \u00f6nemli. Hem ki\u015fili\u011fim, hem de siyaset anla\u015f\u0131y\u0131m bunu gerektirir. Umutlu olmasak zaten bu konudaki \u00e7al\u0131\u015fmalar\u0131m\u0131z\u0131 s\u00fcrd\u00fcrmeyiz. Ama vatanda\u015f\u0131n umuduyla bo\u015f yere oynamakta bizim siyaset anla\u015f\u0131y\u0131m\u0131za uymaz. Gayret sarfetmeye ve T\u00fcrkiye\u2019yi d\u0131\u015fa ba\u011f\u0131ml\u0131 olmaktan kurtarmaya \u00e7al\u0131\u015f\u0131yoruz. Biz d\u00fcnyan\u0131n Venez\u00fcella dahil, hi\u00e7bir petrol noktas\u0131na kay\u0131ts\u0131z kalamay\u0131z. TPAO\u2019nun <a title=\"Irak\" href=\"http:\/\/www.hurriyet.com.tr\/index\/\u0131rak\/\" target=\"_blank\">Irak<\/a>\u2019tan \u00e7\u0131kart\u0131ld\u0131\u011f\u0131 haberleri yanl\u0131\u015f yans\u0131t\u0131l\u0131yor. Bu t\u00fcr ili\u015fkiler bir s\u00fcre\u00e7 gerektirir, temaslar\u0131m\u0131z s\u00fcr\u00fcyor. Irak Merkezi h\u00fck\u00fcmetiyle olumlu geli\u015fmeler olaca\u011f\u0131n\u0131 d\u00fc\u015f\u00fcn\u00fcyoruz. TPAO orada, konsersuyumla birlikte orada 5.2 milyar dolarl\u0131k bir i\u015fi var ve bunu s\u00fcrd\u00fcr\u00fcyor. S\u00f6z kounusu olan 23.6 milyon dolarl\u0131k ba\u015fka bir faaliyet alan\u0131. B\u00f6yle bak\u0131ld\u0131\u011f\u0131nda en b\u00fcy\u00fck i\u015fi bizim ald\u0131\u011f\u0131m\u0131z\u0131 s\u00f6yleyebiliriz. Toplamda Irak\u2019ta 25 milyar dolarl\u0131k enerji sekt\u00f6r\u00fcm\u00fcz\u00fcn yat\u0131r\u0131m\u0131 var.\u201d<\/p>\n<p><strong>OBEZ B\u00dcY\u00dcMEYECE\u011e\u0130Z<\/strong><\/p>\n<p>B\u00fcy\u00fck T\u00fcrkiye\u2019nin petrols\u00fcz olmas\u0131n\u0131n d\u00fc\u015f\u00fcn\u00fclemeyece\u011fini belirten Y\u0131ld\u0131z, \u00f6n\u00fcm\u00fczdeki 10 y\u0131l i\u00e7erisinde T\u00fcrkiye\u2019nin hem n\u00fckleerin, hem de petrol\u00fcn sahibi olaca\u011f\u0131n\u0131 s\u00f6yledi. Y\u0131ld\u0131z,\u201dT\u00fcrkiye, kabine s\u0131\u011fmayan bir profil sergiliyor. Ama biz, pazular\u0131 80\u00a0\u00a0\u00a0 santimetre olan obez g\u00f6r\u00fcnt\u00fc veren, obez b\u00fcy\u00fcyen ki\u015filer gibi bir \u00fclke olmay\u0131z. T\u00fcrkiye, zihniyle, kalbiyle, beyniyle birlikte b\u00fcy\u00fcyecek. Enerji sekt\u00f6r\u00fcn\u00fc bunun d\u0131\u015f\u0131nda tutamay\u0131z. T\u00fcrkiye bu nedenle kendi enerji kaynaklar\u0131na sahip bir \u00fclke konumuna gelmelidi\u201d dedi.<\/p>\n<p><strong>BA\u011eIMLILIK Y\u00dcZDE 30\u2019A \u0130NECEK<\/strong><\/p>\n<p>T\u00fcrkiye\u2019nin enerji ihtiyac\u0131n\u0131n 10 y\u0131ll\u0131k planlamas\u0131n\u0131 yapt\u0131klar\u0131n\u0131 kaydeden Y\u0131ld\u0131z, \u015funlar\u0131 ekledi: \u201cN\u00fckleer enerji ile ihtiyac\u0131m\u0131z\u0131n y\u00fczde 30\u2019unu kar\u015f\u0131lamay\u0131 planl\u0131yoruz. Yenilenebilir enerji, su, r\u00fczgar ve g\u00fcne\u015f ve k\u00f6m\u00fcr\u00fc de katarsak 10 y\u0131l sonra T\u00fcrkiye\u2019nin enerji ihtiyac\u0131n\u0131n y\u00fczde 70\u2019ini kendi kaynaklar\u0131m\u0131zdan kar\u015f\u0131layacak duruma gelece\u011fiz. T\u00fcrkiye\u2019nin halen y\u00fczde 50 olan d\u0131\u015fa ba\u011f\u0131ml\u0131l\u0131\u011f\u0131n\u0131, y\u00fczde 30\u2019a indirece\u011fiz.\u201d<\/p>\n<p>Kaynak: <a href=\"http:\/\/www.hurriyet.com.tr\/ekonomi\/22020442.asp\" target=\"_blank\">H\u00fcrriyet<\/a><\/p>","protected":false},"excerpt":{"rendered":"<p>Sorry, this entry is only available in Turkish. For the sake of viewer convenience, the content is shown below in the alternative language. You may click the link to switch the active language. Enerji ve Tabi Kaynaklar Bakan\u0131 Taner Y\u0131ld\u0131z, T\u00fcrkiye\u2019nin \u00f6n\u00fcm\u00fczdeki 10 y\u0131ll\u0131k enerji haritas\u0131n\u0131 \u00e7\u0131kard\u0131. T\u00fcrkiye\u2019nin hi\u00e7bir petrol noktas\u0131na kay\u0131ts\u0131z kalamayaca\u011f\u0131n\u0131 belirten Y\u0131ld\u0131z, [&hellip;]<\/p>\n","protected":false},"author":1,"featured_media":3923,"comment_status":"open","ping_status":"open","sticky":false,"template":"","format":"standard","meta":[],"categories":[53,43,44],"tags":[67,21,1132,79],"views":701,"_links":{"self":[{"href":"https:\/\/www.enerjigazetesi.ist\/en\/wp-json\/wp\/v2\/posts\/3918"}],"collection":[{"href":"https:\/\/www.enerjigazetesi.ist\/en\/wp-json\/wp\/v2\/posts"}],"about":[{"href":"https:\/\/www.enerjigazetesi.ist\/en\/wp-json\/wp\/v2\/types\/post"}],"author":[{"embeddable":true,"href":"https:\/\/www.enerjigazetesi.ist\/en\/wp-json\/wp\/v2\/users\/1"}],"replies":[{"embeddable":true,"href":"https:\/\/www.enerjigazetesi.ist\/en\/wp-json\/wp\/v2\/comments?post=3918"}],"version-history":[{"count":5,"href":"https:\/\/www.enerjigazetesi.ist\/en\/wp-json\/wp\/v2\/posts\/3918\/revisions"}],"predecessor-version":[{"id":3925,"href":"https:\/\/www.enerjigazetesi.ist\/en\/wp-json\/wp\/v2\/posts\/3918\/revisions\/3925"}],"wp:featuredmedia":[{"embeddable":true,"href":"https:\/\/www.enerjigazetesi.ist\/en\/wp-json\/wp\/v2\/media\/3923"}],"wp:attachment":[{"href":"https:\/\/www.enerjigazetesi.ist\/en\/wp-json\/wp\/v2\/media?parent=3918"}],"wp:term":[{"taxonomy":"category","embeddable":true,"href":"https:\/\/www.enerjigazetesi.ist\/en\/wp-json\/wp\/v2\/categories?post=3918"},{"taxonomy":"post_tag","embeddable":true,"href":"https:\/\/www.enerjigazetesi.ist\/en\/wp-json\/wp\/v2\/tags?post=3918"}],"curies":[{"name":"wp","href":"https:\/\/api.w.org\/{rel}","templated":true}]}}