{"id":39169,"date":"2015-05-10T16:02:22","date_gmt":"2015-05-10T13:02:22","guid":{"rendered":"https:\/\/www.enerjigazetesi.ist\/?p=39169"},"modified":"2015-05-23T14:56:06","modified_gmt":"2015-05-23T11:56:06","slug":"yildiz-ithal-enerjiyi-onlemede-jeotermal-onemli","status":"publish","type":"post","link":"https:\/\/www.enerjigazetesi.ist\/en\/yildiz-ithal-enerjiyi-onlemede-jeotermal-onemli\/","title":{"rendered":"(Turkish) Y\u0131ld\u0131z: \u0130thal Enerjiyi \u00d6nlemede Jeotermal \u00d6nemli!"},"content":{"rendered":"<p class=\"qtranxs-available-languages-message qtranxs-available-languages-message-en\">Sorry, this entry is only available in <a href=\"https:\/\/www.enerjigazetesi.ist\/tr\/wp-json\/wp\/v2\/posts\/39169\" class=\"qtranxs-available-language-link qtranxs-available-language-link-tr\" title=\"Turkish\">Turkish<\/a>. For the sake of viewer convenience, the content is shown below in the alternative language. You may click the link to switch the active language.<\/p><p><strong>Enerji ve Tabii Kaynaklar Bakan\u0131 Y\u0131ld\u0131z, &#8220;T\u00fcrkiye&#8217;nin ithal enerji kaynaklar\u0131n\u0131 \u00f6nleme, do\u011falgaz\u0131 \u00f6nlemek i\u00e7in jeotermal \u00f6nemli bir ba\u015fl\u0131kt\u0131r&#8221; dedi.<\/strong><\/p>\n<p class=\"selectionShareable\" style=\"color: #000000;\">Enerji ve Tabii Kaynaklar Bakan\u0131\u00a0Taner Y\u0131ld\u0131z, &#8220;Asl\u0131nda T\u00fcrkiye&#8217;nin ithal enerji kaynaklar\u0131n\u0131 \u00f6nleme,\u00a0do\u011fal gaz\u0131 \u00f6nlemek i\u00e7in \u00f6nemli bir ba\u015fl\u0131kt\u0131r\u00a0jeotermal. T\u00fcrkiye Avrupa&#8217;da jeotermal rezervi a\u00e7\u0131s\u0131ndan birinci, d\u00fcnyada da ilk b<a href=\"https:\/\/www.enerjigazetesi.ist\/wp-content\/uploads\/2015\/05\/yildiz-ithal-enerjiyi-onlemede-jeotermal-onemli.jpg\"><img loading=\"lazy\" class=\"alignleft wp-image-39170 size-medium\" src=\"https:\/\/www.enerjigazetesi.ist\/wp-content\/uploads\/2015\/05\/yildiz-ithal-enerjiyi-onlemede-jeotermal-onemli-300x200.jpg\" alt=\"yildiz-ithal-enerjiyi-onlemede-jeotermal-onemli\" width=\"300\" height=\"200\" srcset=\"https:\/\/www.enerjigazetesi.ist\/wp-content\/uploads\/2015\/05\/yildiz-ithal-enerjiyi-onlemede-jeotermal-onemli-300x200.jpg 300w, https:\/\/www.enerjigazetesi.ist\/wp-content\/uploads\/2015\/05\/yildiz-ithal-enerjiyi-onlemede-jeotermal-onemli-500x333.jpg 500w, https:\/\/www.enerjigazetesi.ist\/wp-content\/uploads\/2015\/05\/yildiz-ithal-enerjiyi-onlemede-jeotermal-onemli-75x50.jpg 75w, https:\/\/www.enerjigazetesi.ist\/wp-content\/uploads\/2015\/05\/yildiz-ithal-enerjiyi-onlemede-jeotermal-onemli.jpg 576w\" sizes=\"(max-width: 300px) 100vw, 300px\" \/><\/a>e\u015ftedir. Bunlar\u0131 do\u011fru ve iyi bir \u015fekilde de\u011ferlendirmemiz laz\u0131m. Bu, do\u011fal gazdan daha etkili bir enerji kayna\u011f\u0131d\u0131r&#8221; dedi.<\/p>\n<p class=\"selectionShareable\" style=\"color: #000000;\">Y\u0131ld\u0131z, K\u00fctahya&#8217;n\u0131n Simav il\u00e7esinde, Eynal Kapl\u0131calar\u0131&#8217;ndaki jeotermal enerji kuyular\u0131nda incelemelerde bulundu.<\/p>\n<p class=\"selectionShareable\" style=\"color: #000000;\">Y\u0131ld\u0131z, burada gazetecilere yapt\u0131\u011f\u0131 a\u00e7\u0131klamada, Simav Belediye Ba\u015fkan\u0131 S\u00fcleyman \u00d6zkan ile bakanl\u0131\u011f\u0131na ba\u011fl\u0131 Maden Tetkik ve Arama Genel M\u00fcd\u00fcrl\u00fc\u011f\u00fc&#8217;n\u00fcn (MTA) yapt\u0131\u011f\u0131 baz\u0131 \u00e7al\u0131\u015fmalar\u0131 yerinde incelemek istediklerini s\u00f6yledi.<\/p>\n<p class=\"selectionShareable\" style=\"color: #000000;\">Eynal Kapl\u0131calar\u0131&#8217;nda jeotermal kayna\u011f\u0131n buhar\u0131n\u0131n 130 dereceye kadar \u00e7\u0131kt\u0131\u011f\u0131n\u0131 belirten Y\u0131ld\u0131z, &#8220;Simav&#8217;da bir\u00e7ok vatanda\u015f\u0131m\u0131z i\u00e7in faydal\u0131 i\u015fler burada olu\u015fturuldu. Ben, belediye ba\u015fkan\u0131m\u0131z\u0131 tebrik ediyorum. 12 bin konut, do\u011falgaza ihtiya\u00e7 hissetmeksizin \u015fu anda burada yer alt\u0131ndan \u00e7\u0131kan buharla \u0131s\u0131n\u0131yor. Bu yetmiyor \u015fu anda 300 dekarl\u0131k serac\u0131l\u0131k faaliyeti var. Bu alanlar\u0131n geni\u015fletilmesi laz\u0131m&#8221; diye konu\u015ftu.<\/p>\n<p class=\"selectionShareable\" style=\"color: #000000;\">Y\u0131ld\u0131z, bu konu hakk\u0131nda G\u0131da, Tar\u0131m ve Hayvanc\u0131l\u0131k Bakan\u0131 Mehdi Eker ile g\u00f6r\u00fc\u015f\u00fcp il\u00e7eye serac\u0131l\u0131k organize sanayisinin kurulabilmesi i\u00e7in Simav Kaymakam\u0131na gerekli talimat\u0131 verdiklerini dile getirdi.<\/p>\n<p class=\"selectionShareable\" style=\"color: #000000;\">Organize sanayi i\u00e7in il\u00e7eden yer bak\u0131ld\u0131\u011f\u0131n\u0131 ifade eden Y\u0131ld\u0131z, \u015f\u00f6yle konu\u015ftu:<\/p>\n<p class=\"selectionShareable\" style=\"color: #000000;\">&#8220;Burada yer konusu biraz s\u0131k\u0131nt\u0131l\u0131. \u00d6zellikle tar\u0131m arazileri var, mera arazileri var. Onlar\u0131n \u00fczerine de yapmamak laz\u0131m. Yani &#8216;bir i\u015fi yap\u0131yoruz&#8217; diye di\u011ferine mani olmamak laz\u0131m. Simav&#8217;\u0131n \u00f6nemli bir avantaj\u0131 var. Bu avantaj\u0131 kullanmam\u0131z gerekiyor. Y\u00fcksek bas\u0131n\u00e7l\u0131 ve 130 dereceye kadar buhar elde ediliyor. 50-60 dereceye kadar \u00e7\u0131kan s\u0131cak su termal turizm i\u00e7inde ayn\u0131 \u015fekilde Simav&#8217;\u0131n \u00f6nemli projelerden bir tanesi.<\/p>\n<p class=\"selectionShareable\" style=\"color: #000000;\">O y\u00fczden biz belediye ba\u015fkan\u0131m\u0131za destek \u00e7\u0131kaca\u011f\u0131z. Kendisine MTA ekiplerini g\u00f6nderece\u011fiz. Ne t\u00fcr faydal\u0131 bir \u00e7al\u0131\u015fma yap\u0131labilecekse onu hep beraber de\u011ferlendirece\u011fiz. Asl\u0131nda T\u00fcrkiye&#8217;nin ithal enerji kaynaklar\u0131n\u0131 \u00f6nleme, do\u011fal gaz\u0131 \u00f6nlemek i\u00e7in \u00f6nemli bir ba\u015fl\u0131kt\u0131r jeotermal. T\u00fcrkiye Avrupa&#8217;da jeotermal rezervi a\u00e7\u0131s\u0131ndan birinci, d\u00fcnyada da ilk be\u015ftedir. Bunlar\u0131 do\u011fru ve iyi bir \u015fekilde de\u011ferlendirmemiz laz\u0131m. Bu, do\u011fal gazdan daha etkili bir enerji kayna\u011f\u0131d\u0131r.<\/p>\n<p class=\"selectionShareable\" style=\"color: #000000;\">Kaynak: AA<\/p>\n<p><\/p>","protected":false},"excerpt":{"rendered":"<p>Sorry, this entry is only available in Turkish. For the sake of viewer convenience, the content is shown below in the alternative language. You may click the link to switch the active language.Enerji ve Tabii Kaynaklar Bakan\u0131 Y\u0131ld\u0131z, &#8220;T\u00fcrkiye&#8217;nin ithal enerji kaynaklar\u0131n\u0131 \u00f6nleme, do\u011falgaz\u0131 \u00f6nlemek i\u00e7in jeotermal \u00f6nemli bir ba\u015fl\u0131kt\u0131r&#8221; dedi. Enerji ve Tabii Kaynaklar [&hellip;]<\/p>\n","protected":false},"author":1,"featured_media":39170,"comment_status":"open","ping_status":"open","sticky":false,"template":"","format":"standard","meta":[],"categories":[53,48],"tags":[],"views":685,"_links":{"self":[{"href":"https:\/\/www.enerjigazetesi.ist\/en\/wp-json\/wp\/v2\/posts\/39169"}],"collection":[{"href":"https:\/\/www.enerjigazetesi.ist\/en\/wp-json\/wp\/v2\/posts"}],"about":[{"href":"https:\/\/www.enerjigazetesi.ist\/en\/wp-json\/wp\/v2\/types\/post"}],"author":[{"embeddable":true,"href":"https:\/\/www.enerjigazetesi.ist\/en\/wp-json\/wp\/v2\/users\/1"}],"replies":[{"embeddable":true,"href":"https:\/\/www.enerjigazetesi.ist\/en\/wp-json\/wp\/v2\/comments?post=39169"}],"version-history":[{"count":1,"href":"https:\/\/www.enerjigazetesi.ist\/en\/wp-json\/wp\/v2\/posts\/39169\/revisions"}],"predecessor-version":[{"id":39171,"href":"https:\/\/www.enerjigazetesi.ist\/en\/wp-json\/wp\/v2\/posts\/39169\/revisions\/39171"}],"wp:featuredmedia":[{"embeddable":true,"href":"https:\/\/www.enerjigazetesi.ist\/en\/wp-json\/wp\/v2\/media\/39170"}],"wp:attachment":[{"href":"https:\/\/www.enerjigazetesi.ist\/en\/wp-json\/wp\/v2\/media?parent=39169"}],"wp:term":[{"taxonomy":"category","embeddable":true,"href":"https:\/\/www.enerjigazetesi.ist\/en\/wp-json\/wp\/v2\/categories?post=39169"},{"taxonomy":"post_tag","embeddable":true,"href":"https:\/\/www.enerjigazetesi.ist\/en\/wp-json\/wp\/v2\/tags?post=39169"}],"curies":[{"name":"wp","href":"https:\/\/api.w.org\/{rel}","templated":true}]}}