{"id":39166,"date":"2015-05-10T15:55:47","date_gmt":"2015-05-10T12:55:47","guid":{"rendered":"https:\/\/www.enerjigazetesi.ist\/?p=39166"},"modified":"2015-05-23T14:58:32","modified_gmt":"2015-05-23T11:58:32","slug":"enflasyonu-petrol-fiyatlari-belirleyecek","status":"publish","type":"post","link":"https:\/\/www.enerjigazetesi.ist\/en\/enflasyonu-petrol-fiyatlari-belirleyecek\/","title":{"rendered":"(Turkish) \u2018Enflasyonu Petrol Fiyatlar\u0131 Belirleyecek&#8230;\u2019"},"content":{"rendered":"<p class=\"qtranxs-available-languages-message qtranxs-available-languages-message-en\">Sorry, this entry is only available in <a href=\"https:\/\/www.enerjigazetesi.ist\/tr\/wp-json\/wp\/v2\/posts\/39166\" class=\"qtranxs-available-language-link qtranxs-available-language-link-tr\" title=\"Turkish\">Turkish<\/a>. For the sake of viewer convenience, the content is shown below in the alternative language. You may click the link to switch the active language.<\/p><p><\/p>\n<p style=\"color: #363636;\"><strong>Ba\u015fbakan Yard\u0131mc\u0131s\u0131 Ali Babacan, \u201cBu y\u0131l sonu itibariyle cari a\u00e7\u0131k ve enflasyon konusunda nas\u0131l bir tablo g\u00f6rece\u011fimiz biraz da petrol fiyatlar\u0131n\u0131n bundan sonraki d\u00f6nemde seyriyle alakal\u0131 olacak\u201d dedi.<a href=\"https:\/\/www.enerjigazetesi.ist\/wp-content\/uploads\/2015\/05\/enflasyonu-petrol-fiyatlari-belirleyecek.jpg\"><img loading=\"lazy\" class=\"alignright  wp-image-39167\" src=\"https:\/\/www.enerjigazetesi.ist\/wp-content\/uploads\/2015\/05\/enflasyonu-petrol-fiyatlari-belirleyecek.jpg\" alt=\"enflasyonu-petrol-fiyatlari-belirleyecek\" width=\"300\" height=\"184\" \/><\/a><\/strong><\/p>\n<p style=\"color: #363636;\">Babacan, D\u00fcnya Gazetesi ve DHL Express i\u015fbirli\u011fiyle Akbank ve Vodafone sponsorlu\u011funda bu y\u0131l 14.\u2019s\u00fc d\u00fczenlenen \u201c\u0130hracat\u0131n Y\u0131ld\u0131zlar\u0131-\u0130hracat\u0131 Te\u015fvik \u00d6d\u00fclleri\u201d t\u00f6reninde, ihracat\u0131n T\u00fcrkiye ekonomisinin itici g\u00fcc\u00fc ve s\u00fcr\u00fckleyicisi oldu\u011funu s\u00f6yledi.<\/p>\n<p style=\"color: #363636;\">T\u00fcrkiye\u2019nin ekonomik yap\u0131s\u0131n\u0131n ancak yat\u0131r\u0131m yapt\u0131k\u00e7a, \u00fcrettik\u00e7e, ihra\u00e7 ettik\u00e7e ve bunlara dayal\u0131 bir b\u00fcy\u00fcme elde ettik\u00e7e sa\u011fl\u0131kl\u0131 i\u015fledi\u011fini belirten Babacan, i\u00e7 t\u00fcketim \u00f6nemli olsa da sadece i\u00e7 t\u00fcketim yoluyla b\u00fcy\u00fcmenin s\u00fcrd\u00fcr\u00fclebilir b\u00fcy\u00fcme getirmedi\u011fini ifade etti.<\/p>\n<p style=\"color: #363636;\"><strong>\u201cB\u00fcy\u00fcmemizin yeniden dengelenmesini sa\u011flad\u0131k\u201d<\/strong><\/p>\n<p style=\"color: #363636;\">Ali Babacan, \u00f6zellikle i\u00e7 t\u00fcketim ve kredilerle ilgili tedbirlerin asl\u0131nda pek \u00e7ok \u00fclkede genelde merkez bankalar\u0131na b\u0131rak\u0131ld\u0131\u011f\u0131na dikkati \u00e7ekerek, \u015f\u00f6yle konu\u015ftu:<\/p>\n<p style=\"color: #363636;\">\u201c\u00c7\u00fcnk\u00fc h\u00fck\u00fcmetlerin kendi elleriyle \u2018\u0130\u00e7 t\u00fcketim ya da t\u00fcketici kredileri kontrols\u00fcz gidiyor; ben bunu biraz yava\u015flatay\u0131m\u2019 diyebilmesi d\u00fcnyada \u00e7ok enderdir. Bizim gibi \u00e7\u0131k\u0131p bunu a\u00e7\u0131k a\u00e7\u0131k konu\u015fabilen h\u00fck\u00fcmet az. Hatta biz konu\u015ftu\u011fumuzda bize k\u0131zan da \u00e7ok oluyor bazen. Ama biz hep ger\u00e7ekleri s\u00f6yl\u00fcyoruz, ger\u00e7ekleri payla\u015f\u0131yoruz ve ger\u00e7ek\u00e7i bir zeminde y\u00fcr\u00fcyoruz. Dolay\u0131s\u0131yla genelde bu frenleme i\u015fini merkez bankalar\u0131 yapar; h\u00fck\u00fcmetler de \u2018Ne yapal\u0131m, bunu merkez bankas\u0131 yap\u0131yor\u2019 der. Biz \u00f6yle bir yolu tercih etmedik.<\/p>\n<p style=\"color: #363636;\"><strong>\u201c\u0130hracat\u0131n \u00fcr\u00fcn kompozisyonu ve niteli\u011fi kritik\u201d<\/strong><\/p>\n<p style=\"color: #363636;\">\u0130hracat\u0131n niceli\u011finin yan\u0131nda bunun kompozisyonunun niteli\u011finin de kritik oldu\u011funu vurgulayan Babacan, ihra\u00e7 edilen \u00fcr\u00fcnlerin katma de\u011feri y\u00fcksek \u00fcr\u00fcnler olmas\u0131n\u0131n \u00f6nemine i\u015faret etti.<\/p>\n<p style=\"color: #363636;\">Babacan, Ar-Ge, inovasyon ve bilgiye dayanan bir ihra\u00e7 \u00fcr\u00fcn\u00fc kompozisyonunun T\u00fcrkiye i\u00e7in bundan sonraki d\u00f6nemde \u00e7ok \u00f6nemli ve belirleyici olaca\u011f\u0131n\u0131 belirterek, \u201cDiyelim ki alt\u0131n ithal ediyoruz, alt\u0131n ihra\u00e7 ediyoruz. Hem ithalat hem ihracat rakamlar\u0131 b\u00fcy\u00fcyor. Ama bunun T\u00fcrkiye\u2019ye b\u0131rakt\u0131\u011f\u0131, o aradaki, alt\u0131n\u0131n al-sattaki o y\u00fczdesidir, o kadar; bir \u015fey b\u0131rakm\u0131yor T\u00fcrkiye\u2019ye. Ama \u00f6te yandan ger\u00e7ekten y\u00fcksek teknoloji \u00fcr\u00fcn\u00fc bir ihracat\u0131m\u0131z varsa ve bunun girdileri, know-how ve bilgi as\u0131l fiyat\u0131n i\u00e7ine yans\u0131yorsa i\u015fte \u00f6yle bir ihracat\u0131n T\u00fcrkiye\u2019ye faydas\u0131 \u00e7ok b\u00fcy\u00fck\u201d yorumunu yapt\u0131.<\/p>\n<p style=\"color: #363636;\">Babacan, \u201cT\u00fcrkiye bir\u00e7ok alanda ilerledi ama ilerlemedi\u011fi hatta itibar kaybetti\u011fi bir alan var o da maalesef yarg\u0131. Kurumlar\u0131n g\u00fcven anketlerine ve kamuoyu \u00e7al\u0131\u015fmalar\u0131na bak\u0131ld\u0131\u011f\u0131nda g\u00fcven noktas\u0131nda yarg\u0131m\u0131z maalesef alt s\u0131ralarda \u00e7\u0131k\u0131yor\u201d dedi.<\/p>\n<p style=\"color: #363636;\">\u201cT\u00fcrkiye\u2019nin ger\u00e7ek anlamda bir hukuk devleti olabilmesi i\u00e7in vermemiz gereken m\u00fccadele, m\u00fccadele diyelim \u00e7\u00fcnk\u00fc maalesef bu 12,5 y\u0131ll\u0131k d\u00f6nemde T\u00fcrkiye bir\u00e7ok alanda ilerledi ama ilerlemedi\u011fi hatta itibar kaybetti\u011fi bir alan var o da maalesef yarg\u0131. Kurumlar\u0131n g\u00fcven anketlerine ve kamuoyu \u00e7al\u0131\u015fmalar\u0131na bak\u0131ld\u0131\u011f\u0131nda g\u00fcven noktas\u0131nda yarg\u0131m\u0131z maalesef alt s\u0131ralarda \u00e7\u0131k\u0131yor. Yine halk\u0131m\u0131z\u0131n memnuniyetini \u00f6l\u00e7en ara\u015ft\u0131rmalarda da memnuniyet seviyesinin h\u0131zla d\u00fc\u015ft\u00fc\u011f\u00fc bir alan.<\/p>\n<p style=\"color: #363636;\">\u201cT\u00fcrkiye\u2019nin \u00f6n\u00fcm\u00fczdeki d\u00f6nemde yap\u0131sal reform anlam\u0131nda ev \u00f6devleri haz\u0131r\u201d<\/p>\n<p style=\"color: #363636;\">Aksi halde T\u00fcrkiye n\u00fcfusunun b\u00fcy\u00fck ve gen\u00e7 oldu\u011funu bununla da \u00f6v\u00fcnd\u00fcklerini belirten Babacan, s\u00f6zlerini \u015f\u00f6yle s\u00fcrd\u00fcrd\u00fc:<\/p>\n<p style=\"color: #363636;\">\u201cT\u00fcrkiye b\u00fcy\u00fck bir n\u00fcfusu olan \u00fclke diyoruz. Bu n\u00fcfusumuzu e\u011fitirsek, \u00fclke daha y\u00fcksek katma de\u011fer \u00fcreten bir \u00fclke haline gelecek. Bir \u00fclkenin milli gelirinin hesap metotlar\u0131 farkl\u0131d\u0131r. Metotlardan bir tanesi de; o \u00fclkede olu\u015fturulan katma de\u011ferlerin toplam\u0131d\u0131r. \u0130\u015fte o \u00fclkede olu\u015fturulan katma de\u011ferlerimize, eme\u011fin ve beyin g\u00fcc\u00fcn\u00fcn olu\u015fturdu\u011fu katma de\u011fer en \u00f6nemli fakt\u00f6r. Para zaten para kazan\u0131r. Az \u00e7ok kazan\u0131r. Sermayenin zaten bir getirisi olur. Ama o eme\u011fin, i\u015f g\u00fcc\u00fcn\u00fcn, beynin getirisi ancak ve ancak daha iyi e\u011fitilmi\u015f bir n\u00fcfus ile m\u00fcmk\u00fcn.<\/p>\n<p style=\"color: #363636;\"><strong>\u201cAld\u0131\u011f\u0131m\u0131z tedbirler banka karlar\u0131n\u0131 bir miktar etkiliyor\u201d<\/strong><\/p>\n<p style=\"color: #363636;\">Bu yap\u0131sal reformlar\u0131n \u00f6nemli oldu\u011funu ama bunlar\u0131n yan\u0131nda bir de makro ekonomik \u00e7er\u00e7eve bulundu\u011funa dikkati \u00e7eken Babacan, makro ekonomik \u00e7er\u00e7evede \u00fclkenin b\u00fct\u00e7esi, kamu maliyesi oldu\u011funu s\u00f6yledi.<\/p>\n<p style=\"color: #363636;\">B\u00fct\u00e7e a\u00e7\u0131\u011f\u0131n\u0131n ge\u00e7en y\u0131l milli gelirin y\u00fczde 1,3\u2032e ve kamu borcunun da milli gelire oran\u0131n\u0131n y\u00fczde 33\u2032e d\u00fc\u015ft\u00fc\u011f\u00fcn\u00fc an\u0131msatan Babacan, bunun T\u00fcrkiye\u2019nin sa\u011flam ayaklar\u0131ndan bir tanesi oldu\u011funu ifade etti.<\/p>\n<p style=\"color: #363636;\">T\u00fcrkiye\u2019nin bir ba\u015fka sa\u011flam aya\u011f\u0131n\u0131n bankac\u0131l\u0131k oldu\u011funu dile getiren Babacan, bankalar\u0131m\u0131z\u0131n sermaye yeterlilik rasyosu ortalama y\u00fczde 16 civar\u0131nda bulundu\u011fu bilgisini verdi.<\/p>\n<p style=\"color: #363636;\">Babacan, d\u00fcnyada pek \u00e7ok \u00fclkeyle mukayese edildi\u011finde bunun iyi bir oran oldu\u011funu vurgulayarak, yasal oran y\u00fczde 8 iken kendilerinin bunu fiilen 2003, 2004 y\u0131l\u0131ndan itibaren y\u00fczde 12\u2032ye \u00e7\u0131kard\u0131klar\u0131n\u0131 hat\u0131rlatt\u0131.<\/p>\n<p style=\"color: #363636;\">\u201cYap\u0131sal reformlar ger\u00e7ekle\u015firse d\u00fcnya ekonomisi tam y\u00fczde 2 daha fazla b\u00fcy\u00fcyor\u201d<\/p>\n<p style=\"color: #363636;\">Yap\u0131sal reformlar\u0131n T\u00fcrkiye\u2019nin G20 d\u00f6nem ba\u015fkanl\u0131\u011f\u0131nda d\u00fcnya i\u00e7inde \u00e7ok \u00f6nemli konular oldu\u011funu aktaran Babacan, d\u00fcnyada yap\u0131sal reformlar\u0131n ger\u00e7ekle\u015ftirilmesini istediklerini belirtti.<\/p>\n<p style=\"color: #363636;\">Hatta yap\u0131sal reformlarda G20 \u00fcyeleri i\u00e7in bir takip \u00e7er\u00e7evesini olu\u015fturmak istediklerini kaydeden Ali Babacan, s\u00f6zlerini \u015f\u00f6yle tamamlad\u0131:<\/p>\n<p style=\"color: #363636;\">\u201cGe\u00e7en sene ilk aral\u0131k ay\u0131nda a\u00e7\u0131klad\u0131k. \u015eubat ay\u0131 bakanlar toplant\u0131s\u0131nda baz\u0131 \u00fclkelerin itiraz\u0131 nedeniyle sonu\u00e7land\u0131ramad\u0131k ama en sonunda Washington toplant\u0131s\u0131nda b\u00fct\u00fcn \u00fclkeler kabul etti. Ba\u015fkanl\u0131\u011f\u0131n\u0131 yapt\u0131\u011f\u0131m toplant\u0131n\u0131n sonu\u00e7 bildirgesini okursan\u0131z orada ifadeler a\u00e7\u0131k bir \u015fekilde yaz\u0131l\u0131. Biz yap\u0131sal reformlar\u0131m\u0131z\u0131 ortak bir \u00e7er\u00e7eve i\u00e7ine koyaca\u011f\u0131z ve onlar\u0131 hep birlikte takip edece\u011fiz. 20 \u00fcyeden bahsediyorum. Yap\u0131sal reformlar\u0131n aksat\u0131l\u0131p aksat\u0131lmad\u0131\u011f\u0131 ile ilgili bir birimize kar\u015f\u0131 art\u0131k bir sorumluluk hissedece\u011fiz. Bir birimizi sorumlu tutaca\u011f\u0131z. Neden? Yap\u0131sal reformlar ger\u00e7ekle\u015firse d\u00fcnya ekonomisi tam y\u00fczde 2 daha fazla b\u00fcy\u00fcyor. 2018 y\u0131l\u0131na kadar bunlar ger\u00e7ekle\u015firse, bu art\u0131 iki puan d\u00fcnya ekonomisinin b\u00fcy\u00fcmesi demek.<\/p>\n<p style=\"color: #363636;\">Kaynak: AA<\/p>\n<p><\/p>","protected":false},"excerpt":{"rendered":"<p>Sorry, this entry is only available in Turkish. For the sake of viewer convenience, the content is shown below in the alternative language. You may click the link to switch the active language. Ba\u015fbakan Yard\u0131mc\u0131s\u0131 Ali Babacan, \u201cBu y\u0131l sonu itibariyle cari a\u00e7\u0131k ve enflasyon konusunda nas\u0131l bir tablo g\u00f6rece\u011fimiz biraz da petrol fiyatlar\u0131n\u0131n bundan [&hellip;]<\/p>\n","protected":false},"author":1,"featured_media":39167,"comment_status":"open","ping_status":"open","sticky":false,"template":"","format":"standard","meta":[],"categories":[53,44],"tags":[],"views":693,"_links":{"self":[{"href":"https:\/\/www.enerjigazetesi.ist\/en\/wp-json\/wp\/v2\/posts\/39166"}],"collection":[{"href":"https:\/\/www.enerjigazetesi.ist\/en\/wp-json\/wp\/v2\/posts"}],"about":[{"href":"https:\/\/www.enerjigazetesi.ist\/en\/wp-json\/wp\/v2\/types\/post"}],"author":[{"embeddable":true,"href":"https:\/\/www.enerjigazetesi.ist\/en\/wp-json\/wp\/v2\/users\/1"}],"replies":[{"embeddable":true,"href":"https:\/\/www.enerjigazetesi.ist\/en\/wp-json\/wp\/v2\/comments?post=39166"}],"version-history":[{"count":1,"href":"https:\/\/www.enerjigazetesi.ist\/en\/wp-json\/wp\/v2\/posts\/39166\/revisions"}],"predecessor-version":[{"id":39168,"href":"https:\/\/www.enerjigazetesi.ist\/en\/wp-json\/wp\/v2\/posts\/39166\/revisions\/39168"}],"wp:featuredmedia":[{"embeddable":true,"href":"https:\/\/www.enerjigazetesi.ist\/en\/wp-json\/wp\/v2\/media\/39167"}],"wp:attachment":[{"href":"https:\/\/www.enerjigazetesi.ist\/en\/wp-json\/wp\/v2\/media?parent=39166"}],"wp:term":[{"taxonomy":"category","embeddable":true,"href":"https:\/\/www.enerjigazetesi.ist\/en\/wp-json\/wp\/v2\/categories?post=39166"},{"taxonomy":"post_tag","embeddable":true,"href":"https:\/\/www.enerjigazetesi.ist\/en\/wp-json\/wp\/v2\/tags?post=39166"}],"curies":[{"name":"wp","href":"https:\/\/api.w.org\/{rel}","templated":true}]}}