{"id":39157,"date":"2015-05-10T15:42:15","date_gmt":"2015-05-10T12:42:15","guid":{"rendered":"https:\/\/www.enerjigazetesi.ist\/?p=39157"},"modified":"2015-05-23T14:59:02","modified_gmt":"2015-05-23T11:59:02","slug":"yegm-baskasinin-ruzgarini-kesene-izin-yok","status":"publish","type":"post","link":"https:\/\/www.enerjigazetesi.ist\/en\/yegm-baskasinin-ruzgarini-kesene-izin-yok\/","title":{"rendered":"(Turkish) YEGM: Ba\u015fkas\u0131n\u0131n R\u00fczgar\u0131n\u0131 Kesene \u0130zin Yok!"},"content":{"rendered":"<p class=\"qtranxs-available-languages-message qtranxs-available-languages-message-en\">Sorry, this entry is only available in <a href=\"https:\/\/www.enerjigazetesi.ist\/tr\/wp-json\/wp\/v2\/posts\/39157\" class=\"qtranxs-available-language-link qtranxs-available-language-link-tr\" title=\"Turkish\">Turkish<\/a>. For the sake of viewer convenience, the content is shown below in the alternative language. You may click the link to switch the active language.<\/p><p><strong>YEGM Makine M\u00fchendisi Mustafa \u00c7al\u0131\u015fkan, ba\u015fkas\u0131n\u0131n r\u00fczgar\u0131n\u0131 kesenlerin r\u00fczgar yat\u0131r\u0131m izni alamayacaklar\u0131n\u0131 s\u00f6yledi.<\/strong><\/p>\n<p>21.Uluslararas\u0131 Enerji ve \u00c7evre Konferans\u0131`nda 2015 RES M\u00fcracaatlar\u0131 ve T\u00fcrkiye R\u00fczgar Sekt\u00f6r\u00fcne Etkileri konulu T\u00fcrkiye R\u00fczgar Enerjisi Birli\u011fi (T\u00dcREB)\u00d6zel Oturumunda konu\u015fan Yenilenebilir Enerji Genel M\u00fcd\u00fcr\u00fcl\u00fc\u011f\u00fc Makine M\u00fche<a href=\"https:\/\/www.enerjigazetesi.ist\/wp-content\/uploads\/2015\/05\/yegm-baskasinin-ruzgarini-kesene-izin-yok.jpg\"><img loading=\"lazy\" class=\"alignleft wp-image-39158 size-medium\" src=\"https:\/\/www.enerjigazetesi.ist\/wp-content\/uploads\/2015\/05\/yegm-baskasinin-ruzgarini-kesene-izin-yok-300x224.jpg\" alt=\"yegm-baskasinin-ruzgarini-kesene-izin-yok\" width=\"300\" height=\"224\" srcset=\"https:\/\/www.enerjigazetesi.ist\/wp-content\/uploads\/2015\/05\/yegm-baskasinin-ruzgarini-kesene-izin-yok-300x224.jpg 300w, https:\/\/www.enerjigazetesi.ist\/wp-content\/uploads\/2015\/05\/yegm-baskasinin-ruzgarini-kesene-izin-yok-66x50.jpg 66w, https:\/\/www.enerjigazetesi.ist\/wp-content\/uploads\/2015\/05\/yegm-baskasinin-ruzgarini-kesene-izin-yok.jpg 448w\" sizes=\"(max-width: 300px) 100vw, 300px\" \/><\/a>ndisi Mustafa \u00c7al\u0131\u015fkan, ba\u015fkas\u0131n\u0131n r\u00fczgar\u0131n\u0131 kesenlerin r\u00fczgar yat\u0131r\u0131m izni alamayacaklar\u0131n\u0131 s\u00f6yledi.<\/p>\n<p>\u00c7al\u0131\u015fkan, &#8220;Bundan sonraki yar\u0131\u015fmalarda \u00f6nemli olacak kesi\u015fme noktas\u0131. Ba\u015fkas\u0131n\u0131n r\u00fczgar\u0131n\u0131 kesenler izin alamayacak.&#8221; ifadesini kulland\u0131.<\/p>\n<p><strong>1100 YEN\u0130 BA\u015eVURUYU 1.5 AYDA DE\u011eERLEND\u0130RECE\u011e\u0130Z<\/strong><\/p>\n<p>\u00c7al\u0131\u015fkan ayr\u0131ca, yeni ald\u0131klar\u0131 1100 ba\u015fvurunun teknik de\u011ferlendirmesini de 1.5 ay gibi bir s\u00fcrede bitireceklerini de s\u00f6zlerine ekledi.<\/p>\n<p><strong>SEKT\u00d6RE PARALEL R\u00dcZGAR SANAY\u0130 GEL\u0130\u015eECEK<\/strong><\/p>\n<p>Oturum Ba\u015fkan\u0131 T\u00dcREB Y\u00f6netim Kurulu Ba\u015fkan\u0131 Mustafa Serdar Ataseven ise 10 bin MV`l\u0131k bir r\u00fczgar santralini devreye almad\u0131\u011f\u0131n\u0131zda T\u00fcrkiye olarak g\u00fcnde 7 milyon dolar d\u0131\u015far\u0131ya para \u00f6dendi\u011fini ve bunun da y\u0131lda 2.5-3 milyar dolar etti\u011fini belirterek, &#8220;Ben sekt\u00f6r\u00fcn geli\u015fmesine paralel r\u00fczgar sanayinin de geli\u015fece\u011fine inan\u0131yorum.&#8221; dedi.<\/p>\n<p>Kaynak: <a href=\"http:\/\/enerjigunlugu.net\/yegm:-baskasinin-ruzgarini-kesene-izin-yok_13535.html#.VU9WX47tmko\" target=\"_blank\" rel=\"nofollow\">Enerji G\u00fcnl\u00fc\u011f\u00fc<\/a><\/p>","protected":false},"excerpt":{"rendered":"<p>Sorry, this entry is only available in Turkish. For the sake of viewer convenience, the content is shown below in the alternative language. You may click the link to switch the active language.YEGM Makine M\u00fchendisi Mustafa \u00c7al\u0131\u015fkan, ba\u015fkas\u0131n\u0131n r\u00fczgar\u0131n\u0131 kesenlerin r\u00fczgar yat\u0131r\u0131m izni alamayacaklar\u0131n\u0131 s\u00f6yledi. 21.Uluslararas\u0131 Enerji ve \u00c7evre Konferans\u0131`nda 2015 RES M\u00fcracaatlar\u0131 ve T\u00fcrkiye [&hellip;]<\/p>\n","protected":false},"author":1,"featured_media":39158,"comment_status":"open","ping_status":"open","sticky":false,"template":"","format":"standard","meta":[],"categories":[53,50],"tags":[],"views":904,"_links":{"self":[{"href":"https:\/\/www.enerjigazetesi.ist\/en\/wp-json\/wp\/v2\/posts\/39157"}],"collection":[{"href":"https:\/\/www.enerjigazetesi.ist\/en\/wp-json\/wp\/v2\/posts"}],"about":[{"href":"https:\/\/www.enerjigazetesi.ist\/en\/wp-json\/wp\/v2\/types\/post"}],"author":[{"embeddable":true,"href":"https:\/\/www.enerjigazetesi.ist\/en\/wp-json\/wp\/v2\/users\/1"}],"replies":[{"embeddable":true,"href":"https:\/\/www.enerjigazetesi.ist\/en\/wp-json\/wp\/v2\/comments?post=39157"}],"version-history":[{"count":1,"href":"https:\/\/www.enerjigazetesi.ist\/en\/wp-json\/wp\/v2\/posts\/39157\/revisions"}],"predecessor-version":[{"id":39159,"href":"https:\/\/www.enerjigazetesi.ist\/en\/wp-json\/wp\/v2\/posts\/39157\/revisions\/39159"}],"wp:featuredmedia":[{"embeddable":true,"href":"https:\/\/www.enerjigazetesi.ist\/en\/wp-json\/wp\/v2\/media\/39158"}],"wp:attachment":[{"href":"https:\/\/www.enerjigazetesi.ist\/en\/wp-json\/wp\/v2\/media?parent=39157"}],"wp:term":[{"taxonomy":"category","embeddable":true,"href":"https:\/\/www.enerjigazetesi.ist\/en\/wp-json\/wp\/v2\/categories?post=39157"},{"taxonomy":"post_tag","embeddable":true,"href":"https:\/\/www.enerjigazetesi.ist\/en\/wp-json\/wp\/v2\/tags?post=39157"}],"curies":[{"name":"wp","href":"https:\/\/api.w.org\/{rel}","templated":true}]}}