{"id":39154,"date":"2015-05-10T15:37:25","date_gmt":"2015-05-10T12:37:25","guid":{"rendered":"https:\/\/www.enerjigazetesi.ist\/?p=39154"},"modified":"2015-05-23T14:59:16","modified_gmt":"2015-05-23T11:59:16","slug":"turk-akimindan-dogalgaz-akisi-2016-da-baslayacak","status":"publish","type":"post","link":"https:\/\/www.enerjigazetesi.ist\/en\/turk-akimindan-dogalgaz-akisi-2016-da-baslayacak\/","title":{"rendered":"(Turkish) T\u00fcrk Ak\u0131m\u0131`ndan Do\u011falgaz Ak\u0131\u015f\u0131 2016`da Ba\u015flayacak&#8230;"},"content":{"rendered":"<p class=\"qtranxs-available-languages-message qtranxs-available-languages-message-en\">Sorry, this entry is only available in <a href=\"https:\/\/www.enerjigazetesi.ist\/tr\/wp-json\/wp\/v2\/posts\/39154\" class=\"qtranxs-available-language-link qtranxs-available-language-link-tr\" title=\"Turkish\">Turkish<\/a>. For the sake of viewer convenience, the content is shown below in the alternative language. You may click the link to switch the active language.<\/p><p><strong>T\u00fcrk Ak\u0131m\u0131`n\u0131n yap\u0131m\u0131na ba\u015flanmas\u0131 ve bu hat \u00fczerinden do\u011falgaz tedarikinin Aral\u0131k 2016`da ba\u015flamas\u0131 konusunda anla\u015fma sa\u011fland\u0131.<\/strong><\/p>\n<p>Gazprom CEO`su Aleksey Miller ile T\u00fcrkiye Enerji ve Tabii Kaynaklar Bakan\u0131 Taner Y\u0131ld\u0131z`\u0131n bug\u00fcn Ankara`da ger\u00e7ekle\u015ftirdikleri \u00e7al\u0131\u015fma toplant\u0131s\u0131nda, T\u00fcrk Ak\u0131m\u0131 \u00fczerinden do\u011falgaz tedarikinin Aral\u0131k 2016`da ba\u015flam<a href=\"https:\/\/www.enerjigazetesi.ist\/wp-content\/uploads\/2015\/05\/turk-akimindan-dogalgaz-akisi-2016-da-baslayacak.jpg\"><img loading=\"lazy\" class=\"alignright size-medium wp-image-39155\" src=\"https:\/\/www.enerjigazetesi.ist\/wp-content\/uploads\/2015\/05\/turk-akimindan-dogalgaz-akisi-2016-da-baslayacak-300x172.jpg\" alt=\"turk-akimindan-dogalgaz-akisi-2016-da-baslayacak\" width=\"300\" height=\"172\" srcset=\"https:\/\/www.enerjigazetesi.ist\/wp-content\/uploads\/2015\/05\/turk-akimindan-dogalgaz-akisi-2016-da-baslayacak-300x172.jpg 300w, https:\/\/www.enerjigazetesi.ist\/wp-content\/uploads\/2015\/05\/turk-akimindan-dogalgaz-akisi-2016-da-baslayacak-80x45.jpg 80w, https:\/\/www.enerjigazetesi.ist\/wp-content\/uploads\/2015\/05\/turk-akimindan-dogalgaz-akisi-2016-da-baslayacak.jpg 475w\" sizes=\"(max-width: 300px) 100vw, 300px\" \/><\/a>as\u0131 konusunda anla\u015fma sa\u011fland\u0131.<\/p>\n<p>Aleksey Miller ile Taner Y\u0131ld\u0131z, Rus do\u011falgaz\u0131n\u0131n T\u00fcrkiye`ye temini, Mavi Ak\u0131m boru hatt\u0131n\u0131n modernizasyonu ve Rusya`dan T\u00fcrkiye`ye Karadeniz \u00fczerinden yeni boru hatt\u0131 yap\u0131m\u0131 konular\u0131n\u0131 g\u00f6r\u00fc\u015ft\u00fc.<\/p>\n<p>Toplant\u0131da, 2015`in ilk d\u00f6rt ay\u0131nda Mavi Ak\u0131m`dan T\u00fcrkiye`ye 5,4 milyar metrek\u00fcp do\u011falgaz temin edildi\u011fi, bunun da 2014`\u00fcn ayn\u0131 d\u00f6nemine g\u00f6re % 4`l\u00fck bir art\u0131\u015fa kar\u015f\u0131l\u0131k geldi\u011fi ifade edildi. Taraflar, son on y\u0131lda T\u00fcrkiye`deki do\u011falgaz t\u00fcketiminin iki kattan fazla artt\u0131\u011f\u0131n\u0131 ve T\u00fcrkiye piyasas\u0131n\u0131n Rusya`dan enerji ithalat\u0131n\u0131n daha da artmas\u0131na ilgi g\u00f6sterdi\u011fini vurgulad\u0131.<\/p>\n<p>Aleksey Miller konuya ili\u015fkin olarak &#8220;Bug\u00fcn \u00e7ok yap\u0131c\u0131 ve \u00f6nemli g\u00f6r\u00fc\u015fmelerde bulunduk. T\u00fcrk Ak\u0131m\u0131`n\u0131n yap\u0131m\u0131na ba\u015flanmas\u0131 ve bu hat \u00fczerinden do\u011falgaz tedarikinin Aral\u0131k 2016`da ba\u015flamas\u0131 konusunda anla\u015fma sa\u011fland\u0131. Gazprom, T\u00fcrk Ak\u0131m\u0131 konusundaki \u00e7al\u0131\u015fma takvimi i\u00e7in bug\u00fcn sa\u011flanan anla\u015fmay\u0131 temel alacak,&#8221; yorumunda bulundu.<\/p>\n<p>Kaynak: <a href=\"http:\/\/enerjigunlugu.net\/turk-akimindan-dogalgaz-akisi-2016da-baslayacak_13508.html#.VU9VIo7tmko\" target=\"_blank\" rel=\"nofollow\">Enerji G\u00fcnl\u00fc\u011f\u00fc<\/a><\/p>","protected":false},"excerpt":{"rendered":"<p>Sorry, this entry is only available in Turkish. For the sake of viewer convenience, the content is shown below in the alternative language. You may click the link to switch the active language.T\u00fcrk Ak\u0131m\u0131`n\u0131n yap\u0131m\u0131na ba\u015flanmas\u0131 ve bu hat \u00fczerinden do\u011falgaz tedarikinin Aral\u0131k 2016`da ba\u015flamas\u0131 konusunda anla\u015fma sa\u011fland\u0131. Gazprom CEO`su Aleksey Miller ile T\u00fcrkiye Enerji [&hellip;]<\/p>\n","protected":false},"author":1,"featured_media":39155,"comment_status":"open","ping_status":"open","sticky":false,"template":"","format":"standard","meta":[],"categories":[46,53],"tags":[],"views":620,"_links":{"self":[{"href":"https:\/\/www.enerjigazetesi.ist\/en\/wp-json\/wp\/v2\/posts\/39154"}],"collection":[{"href":"https:\/\/www.enerjigazetesi.ist\/en\/wp-json\/wp\/v2\/posts"}],"about":[{"href":"https:\/\/www.enerjigazetesi.ist\/en\/wp-json\/wp\/v2\/types\/post"}],"author":[{"embeddable":true,"href":"https:\/\/www.enerjigazetesi.ist\/en\/wp-json\/wp\/v2\/users\/1"}],"replies":[{"embeddable":true,"href":"https:\/\/www.enerjigazetesi.ist\/en\/wp-json\/wp\/v2\/comments?post=39154"}],"version-history":[{"count":1,"href":"https:\/\/www.enerjigazetesi.ist\/en\/wp-json\/wp\/v2\/posts\/39154\/revisions"}],"predecessor-version":[{"id":39156,"href":"https:\/\/www.enerjigazetesi.ist\/en\/wp-json\/wp\/v2\/posts\/39154\/revisions\/39156"}],"wp:featuredmedia":[{"embeddable":true,"href":"https:\/\/www.enerjigazetesi.ist\/en\/wp-json\/wp\/v2\/media\/39155"}],"wp:attachment":[{"href":"https:\/\/www.enerjigazetesi.ist\/en\/wp-json\/wp\/v2\/media?parent=39154"}],"wp:term":[{"taxonomy":"category","embeddable":true,"href":"https:\/\/www.enerjigazetesi.ist\/en\/wp-json\/wp\/v2\/categories?post=39154"},{"taxonomy":"post_tag","embeddable":true,"href":"https:\/\/www.enerjigazetesi.ist\/en\/wp-json\/wp\/v2\/tags?post=39154"}],"curies":[{"name":"wp","href":"https:\/\/api.w.org\/{rel}","templated":true}]}}