{"id":39148,"date":"2015-05-10T15:28:23","date_gmt":"2015-05-10T12:28:23","guid":{"rendered":"https:\/\/www.enerjigazetesi.ist\/?p=39148"},"modified":"2015-05-23T14:59:33","modified_gmt":"2015-05-23T11:59:33","slug":"kose-yazisi-lisanssiz-elektrigin-civisini-cikardik","status":"publish","type":"post","link":"https:\/\/www.enerjigazetesi.ist\/en\/kose-yazisi-lisanssiz-elektrigin-civisini-cikardik\/","title":{"rendered":"(Turkish) K\u00f6\u015fe Yaz\u0131s\u0131: Lisanss\u0131z Elektri\u011fin \u00c7ivisini \u00c7\u0131kard\u0131k!"},"content":{"rendered":"<p class=\"qtranxs-available-languages-message qtranxs-available-languages-message-en\">Sorry, this entry is only available in <a href=\"https:\/\/www.enerjigazetesi.ist\/tr\/wp-json\/wp\/v2\/posts\/39148\" class=\"qtranxs-available-language-link qtranxs-available-language-link-tr\" title=\"Turkish\">Turkish<\/a>. For the sake of viewer convenience, the content is shown below in the alternative language. You may click the link to switch the active language.<\/p><p><strong>Ben \u015firketlerin uzun vadeli yat\u0131r\u0131m ama\u00e7l\u0131 lisanss\u0131z g\u00fcne\u015f enerjisi santrali (GES) kurmas\u0131n\u0131n \u00f6n\u00fcn\u00fc a\u00e7an uygulamaya ve bu alandaki \u00e7antac\u0131lara kar\u015f\u0131y\u0131m.<\/strong><\/p>\n<p>Bu \u00e7er\u00e7evede,lisanss\u0131z GES\u2019lerin 10 y\u0131l\u0131n sonunda lisansl\u0131 tesisler haline getirilmesini \u00f6ng\u00f6ren d\u00fczenleme haz\u0131rl\u0131klar\u0131n\u0131 da onaylam\u0131yorum.<\/p>\n<p>Bana g\u00f6re lisanss\u0131z GES uygulamalar\u0131 sadece \u00f6z t\u00fcketimi ve sosyal ama\u00e7l\u0131 projeleri kapsamal\u0131yd\u0131.<a href=\"https:\/\/www.enerjigazetesi.ist\/wp-content\/uploads\/2015\/05\/lisanssiz-elektrigin-civisini-cikardik.jpg\"><img loading=\"lazy\" class=\"alignright size-medium wp-image-39149\" src=\"https:\/\/www.enerjigazetesi.ist\/wp-content\/uploads\/2015\/05\/lisanssiz-elektrigin-civisini-cikardik-300x212.jpg\" alt=\"lisanssiz-elektrigin-civisini-cikardik\" width=\"300\" height=\"212\" srcset=\"https:\/\/www.enerjigazetesi.ist\/wp-content\/uploads\/2015\/05\/lisanssiz-elektrigin-civisini-cikardik-300x212.jpg 300w, https:\/\/www.enerjigazetesi.ist\/wp-content\/uploads\/2015\/05\/lisanssiz-elektrigin-civisini-cikardik-70x50.jpg 70w, https:\/\/www.enerjigazetesi.ist\/wp-content\/uploads\/2015\/05\/lisanssiz-elektrigin-civisini-cikardik.jpg 494w\" sizes=\"(max-width: 300px) 100vw, 300px\" \/><\/a><\/p>\n<p>Oysa g\u00f6r\u00fc\u015fe a\u00e7\u0131lan taslakla getirilmesi d\u00fc\u015f\u00fcn\u00fclen uygulama, resmen, \u00e7antac\u0131lara ve yurt d\u0131\u015f\u0131 a\u011f\u0131rl\u0131kl\u0131 yat\u0131r\u0131m guruplar\u0131yla fonlara alt\u0131n tepsi i\u00e7inde sunulmu\u015f bir arma\u011fan.<\/p>\n<p>Ba\u015ftan bu i\u015fe ad\u0131m atanlar, uygulamadaki y\u00f6netmenli\u011fe g\u00f6re 10 y\u0131ll\u0131k devlet al\u0131m garantisi ile bu i\u015fe girmediler mi? Evet&#8230;<\/p>\n<p>Ve bu ki\u015filer 10 y\u0131l\u0131n sonundan itibaren nas\u0131l bir uygulaman\u0131n devreye sokulaca\u011f\u0131 konusundaki belirsizli\u011fe EVET demediler mi? Dediler\u2026<\/p>\n<p>O zaman bu taslak da neyin nesi? Kendimi a\u011f\u0131r ifadeler kullanmamak i\u00e7in zor tutuyorum.<\/p>\n<p>Bu \u00e7antac\u0131lar ve lisanss\u0131z GES uygulamas\u0131n\u0131 ticari ama\u00e7la, yani asl\u0131nda k\u00f6t\u00fcye kullananlar\u0131n sayesinde, pek \u00e7ok sosyal ama\u00e7l\u0131 ve \u00f6zellikle belediyeler eliyle hayata ge\u00e7irilmeye \u00e7al\u0131\u015f\u0131lan projeler onlar\u0131n trafo merkezlerindeki ( 154 kV TM ) kapasiteleri kapatmalar\u0131ndan \u00f6t\u00fcr\u00fc hayata ge\u00e7irilemedi.<\/p>\n<p>\u015eimdi bu taslak ile bir de m\u00fck\u00e2fat m\u0131 verilecek bu durumdaki ki\u015filere?<\/p>\n<p>\u00d6z t\u00fcketim i\u00e7in \u00e7at\u0131lar\u0131na tesis kurmak isteyen \u015firketler de TM kapasitelerinin dolu g\u00f6r\u00fcnmesinden dolay\u0131 bunu yapam\u0131yor.<\/p>\n<p>Lisanss\u0131z Elektrik \u00dcretim Y\u00f6netmenli\u011fi\u2019nin esas ama\u00e7lar\u0131ndan biri fabrikalar\u0131n elektrik harcamalar\u0131n\u0131 d\u00fc\u015f\u00fcrmek de\u011fil miydi? O zaman devlet bunlar\u0131 neden korumuyor ve d\u00fczenlemeyi \u201ck\u00f6t\u00fcye kullanan\u201d bu grubu koruyor?<\/p>\n<p>Gelin bu meseleye bir de Lisansl\u0131 GES yat\u0131r\u0131mc\u0131lar\u0131n\u0131n g\u00f6z\u00fcyle bakmaya \u00e7al\u0131\u015fal\u0131m. \u00d6l\u00e7\u00fcmler yapt\u0131lar, \u00f6nden para harcad\u0131lar ve gecen g\u00fcn yap\u0131lan TE\u0130A\u015e ihalelerinde MW ba\u015f\u0131na y\u00fcksek rakamlar \u00f6deyip lisans hakk\u0131 almaya \u00e7al\u0131\u015ft\u0131lar.<\/p>\n<p>\u0130haleyi kazanamayanlar ise lisansl\u0131 GES ba\u015fvurusu s\u00fcrecine kat\u0131l\u0131p zaman ve para harcad\u0131lar. \u015eimdi tart\u0131\u015fmaya a\u00e7\u0131lan bu taslak, bu durumdaki ki\u015filere (hatta bunlara ki\u015fi de\u011fil ger\u00e7ek anlamda yat\u0131r\u0131mc\u0131 demek daha do\u011fru) kar\u015f\u0131 yap\u0131lm\u0131\u015f bir ay\u0131p de\u011fil midir?<\/p>\n<p>Ben bu konumdaki bir yat\u0131r\u0131mc\u0131 olsam \u201cben enayi miyim\u201d derdim. Bence lisansl\u0131 GES yat\u0131r\u0131m\u0131na girmeye y\u00f6nelenlerden pek \u00e7o\u011fu da b\u00f6yle d\u00fc\u015f\u00fcnm\u00fc\u015f olmal\u0131.<\/p>\n<p>\u00d6rne\u011fin Karaman ilinde 65 ba\u015fvuru yap\u0131ld\u0131 ve bunlardan 2 \u015eirket ihaleyi kazanabildi. Geriye kalan ve yakla\u015f\u0131k 1.000 MW civar\u0131ndaki kurulu g\u00fc\u00e7 i\u00e7in ba\u015fvurmu\u015f yat\u0131r\u0131mc\u0131lar bu taslaktaki uygulamayla kendilerini nas\u0131l hissederler sizce? Hi\u00e7 bunu d\u00fc\u015f\u00fcnen oldu mu?<\/p>\n<p>Gelelim bu de\u011fi\u015fiklik tasla\u011f\u0131nda yer alan en \u00f6nemli noktaya. Lisans\u0131z GES\u2019in 10 y\u0131l sonra lisansl\u0131 hale getirilmesi \u00fclke ekonomisine ne kadar fayda sa\u011flayacak? Bana g\u00f6re \u00e7ok az. Lisanss\u0131z elektrik \u00fcretimi uygulamas\u0131nda \u00f6z t\u00fcketim esas al\u0131nsayd\u0131 bunun getirisi \u00e7ok daha y\u00fcksek olurdu.<\/p>\n<p>Yaz\u0131n\u0131n <a href=\"http:\/\/enerjigunlugu.net\/lisanssiz-elektrigin-civisini-cikardik_13539.html#.VU9S-Y7tmko\" target=\"_blank\" rel=\"nofollow\">Devam\u0131 \u0130\u00e7in TIKLAYINIZ&gt;&gt;&gt;<\/a><\/p>\n<p>Kaynak: Enerji G\u00fcnl\u00fc\u011f\u00fc<\/p>","protected":false},"excerpt":{"rendered":"<p>Sorry, this entry is only available in Turkish. For the sake of viewer convenience, the content is shown below in the alternative language. You may click the link to switch the active language.Ben \u015firketlerin uzun vadeli yat\u0131r\u0131m ama\u00e7l\u0131 lisanss\u0131z g\u00fcne\u015f enerjisi santrali (GES) kurmas\u0131n\u0131n \u00f6n\u00fcn\u00fc a\u00e7an uygulamaya ve bu alandaki \u00e7antac\u0131lara kar\u015f\u0131y\u0131m. Bu \u00e7er\u00e7evede,lisanss\u0131z GES\u2019lerin [&hellip;]<\/p>\n","protected":false},"author":1,"featured_media":39149,"comment_status":"open","ping_status":"open","sticky":false,"template":"","format":"standard","meta":[],"categories":[51,53],"tags":[],"views":805,"_links":{"self":[{"href":"https:\/\/www.enerjigazetesi.ist\/en\/wp-json\/wp\/v2\/posts\/39148"}],"collection":[{"href":"https:\/\/www.enerjigazetesi.ist\/en\/wp-json\/wp\/v2\/posts"}],"about":[{"href":"https:\/\/www.enerjigazetesi.ist\/en\/wp-json\/wp\/v2\/types\/post"}],"author":[{"embeddable":true,"href":"https:\/\/www.enerjigazetesi.ist\/en\/wp-json\/wp\/v2\/users\/1"}],"replies":[{"embeddable":true,"href":"https:\/\/www.enerjigazetesi.ist\/en\/wp-json\/wp\/v2\/comments?post=39148"}],"version-history":[{"count":1,"href":"https:\/\/www.enerjigazetesi.ist\/en\/wp-json\/wp\/v2\/posts\/39148\/revisions"}],"predecessor-version":[{"id":39150,"href":"https:\/\/www.enerjigazetesi.ist\/en\/wp-json\/wp\/v2\/posts\/39148\/revisions\/39150"}],"wp:featuredmedia":[{"embeddable":true,"href":"https:\/\/www.enerjigazetesi.ist\/en\/wp-json\/wp\/v2\/media\/39149"}],"wp:attachment":[{"href":"https:\/\/www.enerjigazetesi.ist\/en\/wp-json\/wp\/v2\/media?parent=39148"}],"wp:term":[{"taxonomy":"category","embeddable":true,"href":"https:\/\/www.enerjigazetesi.ist\/en\/wp-json\/wp\/v2\/categories?post=39148"},{"taxonomy":"post_tag","embeddable":true,"href":"https:\/\/www.enerjigazetesi.ist\/en\/wp-json\/wp\/v2\/tags?post=39148"}],"curies":[{"name":"wp","href":"https:\/\/api.w.org\/{rel}","templated":true}]}}