{"id":39141,"date":"2015-05-09T11:45:55","date_gmt":"2015-05-09T08:45:55","guid":{"rendered":"https:\/\/www.enerjigazetesi.ist\/?p=39141"},"modified":"2015-05-23T14:59:46","modified_gmt":"2015-05-23T11:59:46","slug":"kibrisin-gunesi-formsolar-ile-artik-daha-verimli","status":"publish","type":"post","link":"https:\/\/www.enerjigazetesi.ist\/en\/kibrisin-gunesi-formsolar-ile-artik-daha-verimli\/","title":{"rendered":"(Turkish) K\u0131br\u0131s\u2019\u0131n G\u00fcne\u015fi FormSolar ile Art\u0131k Daha Verimli&#8230;"},"content":{"rendered":"<p class=\"qtranxs-available-languages-message qtranxs-available-languages-message-en\">Sorry, this entry is only available in <a href=\"https:\/\/www.enerjigazetesi.ist\/tr\/wp-json\/wp\/v2\/posts\/39141\" class=\"qtranxs-available-language-link qtranxs-available-language-link-tr\" title=\"Turkish\">Turkish<\/a>. For the sake of viewer convenience, the content is shown below in the alternative language. You may click the link to switch the active language.<\/p><p><strong>Form \u015eirketler Grubu b\u00fcnyesinde faaliyet g\u00f6steren Form Solar, K\u0131br\u0131s\u2019ta iddial\u0131 bir projeye imza at\u0131yor. Uluslararas\u0131 K\u0131br\u0131s \u00dcniversitesi\u2019nde K\u0131br\u0131s\u2019\u0131n en b\u00fcy\u00fck \u00dcniversite Kamp\u00fcs\u00fc G\u00fcne\u015f Enerjisi Santrali Projesi\u2019ni hayata ge\u00e7iriyor.<\/strong><\/p>\n<p>Eyl\u00fcl 2015\u2019te tamamlanmas\u0131 planlanan projenin toplam yat\u0131r\u0131m tutar\u0131n\u0131n 1.5 milyon Euro olmas\u0131 bekleniyor. K\u0131br<a href=\"https:\/\/www.enerjigazetesi.ist\/wp-content\/uploads\/2015\/05\/kibrisin-gunesi-formsolar-ile-artik-daha-verimli.jpg\"><img loading=\"lazy\" class=\"alignleft wp-image-39142 size-medium\" src=\"https:\/\/www.enerjigazetesi.ist\/wp-content\/uploads\/2015\/05\/kibrisin-gunesi-formsolar-ile-artik-daha-verimli-300x150.jpg\" alt=\"kibrisin-gunesi-form-solar-ile-artik-daha-verimli\" width=\"300\" height=\"150\" srcset=\"https:\/\/www.enerjigazetesi.ist\/wp-content\/uploads\/2015\/05\/kibrisin-gunesi-formsolar-ile-artik-daha-verimli-300x150.jpg 300w, https:\/\/www.enerjigazetesi.ist\/wp-content\/uploads\/2015\/05\/kibrisin-gunesi-formsolar-ile-artik-daha-verimli-500x250.jpg 500w, https:\/\/www.enerjigazetesi.ist\/wp-content\/uploads\/2015\/05\/kibrisin-gunesi-formsolar-ile-artik-daha-verimli-80x40.jpg 80w, https:\/\/www.enerjigazetesi.ist\/wp-content\/uploads\/2015\/05\/kibrisin-gunesi-formsolar-ile-artik-daha-verimli.jpg 800w\" sizes=\"(max-width: 300px) 100vw, 300px\" \/><\/a>\u0131s\u2019\u0131n kamp\u00fcse kurulu en b\u00fcy\u00fck g\u00fcne\u015f enerjisi santrallerinden biri olacak projede arazi, \u00e7at\u0131, otopark gibi farkl\u0131 alanlara fotovoltaik g\u00fcne\u015f panelleri kurulacak.<\/p>\n<p>Proje ile bir y\u0131lda yakla\u015f\u0131k 2,000,000 kWh elektrik enerjisi \u00fcretilmesi bekleniyor. B\u00f6ylece 1 y\u0131lda do\u011faya 470 ton karbon sal\u0131n\u0131m\u0131 engellenmi\u015f olacak. 25 y\u0131ll\u0131k s\u00fcre\u00e7te ise do\u011faya 11,750 ton\u2019luk karbon sal\u0131n\u0131m\u0131n\u0131n engellenmesi hedefleniyor. Bunun anlam\u0131 do\u011faya y\u0131lda 1.544 a\u011fa\u00e7, 25 y\u0131lda ise 38.600 a\u011fa\u00e7 kazand\u0131r\u0131lmas\u0131yla e\u015fde\u011ferdir.<\/p>\n<p>Projede, pik g\u00fcc\u00fc 310 Wp olan 4,193 adet Yingli Solar marka g\u00fcne\u015f paneli kullan\u0131lacak. Ayr\u0131ca g\u00fcne\u015f enerjisi sisteminde panellerin \u00fcretti\u011fi enerjiyi \u015febeke elektri\u011fine d\u00f6n\u00fc\u015ft\u00fcren \u00e7\u0131k\u0131\u015f g\u00fcc\u00fc 25kW olan 53 adet SMA marka inverter da kullan\u0131lacak. Toplam kurulum g\u00fcc\u00fc 1,300 kW olacak projenin 20 kW\u2019l\u0131k k\u0131sm\u0131 kamp\u00fcs d\u0131\u015f\u0131ndaki merkez ofis \u00e7at\u0131 alanlar\u0131, 200 kW\u2019l\u0131k k\u0131sm\u0131 ise Levent Grubu\u2019nun fabrikalar\u0131ndaki \u00e7at\u0131 alanlar\u0131nda kullan\u0131lacak.<\/p>\n<p>Kaynak: Solar Baba<\/p>","protected":false},"excerpt":{"rendered":"<p>Sorry, this entry is only available in Turkish. For the sake of viewer convenience, the content is shown below in the alternative language. You may click the link to switch the active language.Form \u015eirketler Grubu b\u00fcnyesinde faaliyet g\u00f6steren Form Solar, K\u0131br\u0131s\u2019ta iddial\u0131 bir projeye imza at\u0131yor. Uluslararas\u0131 K\u0131br\u0131s \u00dcniversitesi\u2019nde K\u0131br\u0131s\u2019\u0131n en b\u00fcy\u00fck \u00dcniversite Kamp\u00fcs\u00fc G\u00fcne\u015f [&hellip;]<\/p>\n","protected":false},"author":1,"featured_media":39142,"comment_status":"open","ping_status":"open","sticky":false,"template":"","format":"standard","meta":[],"categories":[53,49],"tags":[],"views":772,"_links":{"self":[{"href":"https:\/\/www.enerjigazetesi.ist\/en\/wp-json\/wp\/v2\/posts\/39141"}],"collection":[{"href":"https:\/\/www.enerjigazetesi.ist\/en\/wp-json\/wp\/v2\/posts"}],"about":[{"href":"https:\/\/www.enerjigazetesi.ist\/en\/wp-json\/wp\/v2\/types\/post"}],"author":[{"embeddable":true,"href":"https:\/\/www.enerjigazetesi.ist\/en\/wp-json\/wp\/v2\/users\/1"}],"replies":[{"embeddable":true,"href":"https:\/\/www.enerjigazetesi.ist\/en\/wp-json\/wp\/v2\/comments?post=39141"}],"version-history":[{"count":1,"href":"https:\/\/www.enerjigazetesi.ist\/en\/wp-json\/wp\/v2\/posts\/39141\/revisions"}],"predecessor-version":[{"id":39143,"href":"https:\/\/www.enerjigazetesi.ist\/en\/wp-json\/wp\/v2\/posts\/39141\/revisions\/39143"}],"wp:featuredmedia":[{"embeddable":true,"href":"https:\/\/www.enerjigazetesi.ist\/en\/wp-json\/wp\/v2\/media\/39142"}],"wp:attachment":[{"href":"https:\/\/www.enerjigazetesi.ist\/en\/wp-json\/wp\/v2\/media?parent=39141"}],"wp:term":[{"taxonomy":"category","embeddable":true,"href":"https:\/\/www.enerjigazetesi.ist\/en\/wp-json\/wp\/v2\/categories?post=39141"},{"taxonomy":"post_tag","embeddable":true,"href":"https:\/\/www.enerjigazetesi.ist\/en\/wp-json\/wp\/v2\/tags?post=39141"}],"curies":[{"name":"wp","href":"https:\/\/api.w.org\/{rel}","templated":true}]}}