{"id":39138,"date":"2015-05-09T11:42:08","date_gmt":"2015-05-09T08:42:08","guid":{"rendered":"https:\/\/www.enerjigazetesi.ist\/?p=39138"},"modified":"2015-05-23T14:59:53","modified_gmt":"2015-05-23T11:59:53","slug":"turkiye-gunes-enerjisinde-bolgesel-us-olabilir","status":"publish","type":"post","link":"https:\/\/www.enerjigazetesi.ist\/en\/turkiye-gunes-enerjisinde-bolgesel-us-olabilir\/","title":{"rendered":"(Turkish) T\u00fcrkiye G\u00fcne\u015f Enerjisinde B\u00f6lgesel \u00dcs Olabilir!"},"content":{"rendered":"<p class=\"qtranxs-available-languages-message qtranxs-available-languages-message-en\">Sorry, this entry is only available in <a href=\"https:\/\/www.enerjigazetesi.ist\/tr\/wp-json\/wp\/v2\/posts\/39138\" class=\"qtranxs-available-language-link qtranxs-available-language-link-tr\" title=\"Turkish\">Turkish<\/a>. For the sake of viewer convenience, the content is shown below in the alternative language. You may click the link to switch the active language.<\/p><p><strong>Uluslararas\u0131 Yat\u0131r\u0131m Zirvesi&#8221;nin ikinci g\u00fcn\u00fcnde, T\u00fcrkiye&#8217;nin \u00f6nde gelen enerji \u00fcreticilerinden Zorlu Enerji&#8217;nin Genel M\u00fcd\u00fcr\u00fc Sinan Ak, g\u00fcne\u015f enerjisinde T\u00fcrkiye&#8217;nin b\u00f6lgesel \u00fcretim \u00fcss\u00fc haline gelebilece\u011fini ifade etti.<\/strong><\/p>\n<p>Ak, &#8220;G\u00fcne\u015f enerjisi yat\u0131r\u0131mlar\u0131nda arz\u0131n \u00e7ok \u00fczerindeki talebin kar\u015f\u0131lanmas\u0131 halinde yat\u0131r\u0131mlar\u0131n \u00f6n\u00fc a\u00e7\u0131lacak. Bu a<a href=\"https:\/\/www.enerjigazetesi.ist\/wp-content\/uploads\/2015\/05\/turkiye-gunes-enerjisinde-bolgesel-us-olabilir.jpg\"><img loading=\"lazy\" class=\"alignright size-medium wp-image-39139\" src=\"https:\/\/www.enerjigazetesi.ist\/wp-content\/uploads\/2015\/05\/turkiye-gunes-enerjisinde-bolgesel-us-olabilir-300x150.jpg\" alt=\"turkiye-gunes-enerjisinde-bolgesel-us-olabilir\" width=\"300\" height=\"150\" srcset=\"https:\/\/www.enerjigazetesi.ist\/wp-content\/uploads\/2015\/05\/turkiye-gunes-enerjisinde-bolgesel-us-olabilir-300x150.jpg 300w, https:\/\/www.enerjigazetesi.ist\/wp-content\/uploads\/2015\/05\/turkiye-gunes-enerjisinde-bolgesel-us-olabilir-500x250.jpg 500w, https:\/\/www.enerjigazetesi.ist\/wp-content\/uploads\/2015\/05\/turkiye-gunes-enerjisinde-bolgesel-us-olabilir-80x40.jpg 80w, https:\/\/www.enerjigazetesi.ist\/wp-content\/uploads\/2015\/05\/turkiye-gunes-enerjisinde-bolgesel-us-olabilir.jpg 800w\" sizes=\"(max-width: 300px) 100vw, 300px\" \/><\/a>nlamda yerli \u00fcretimin ger\u00e7ekle\u015ftirilmesinin \u00f6nemine inan\u0131yoruz&#8221; dedi. Uluslararas\u0131 Yat\u0131r\u0131m Zirvesi&#8217;nin ikinci g\u00fcn\u00fcndeki &#8220;T\u00fcrkiye&#8217;de Enerji F\u0131rsatlar\u0131 ve S\u00fcre\u00e7&#8221; ba\u015fl\u0131kl\u0131 \u00f6zel oturumda konu\u015fan Sinan Ak, &#8220;Enerji yat\u0131r\u0131mc\u0131lar\u0131 i\u00e7in \u00f6nemli olan dengeli portf\u00f6y\u00fc korumak. Petrol ve do\u011falgaz fiyatlar\u0131n\u0131n de\u011fi\u015fkenli\u011fini g\u00f6z \u00f6n\u00fcnde bulundurursak bug\u00fcn, yat\u0131r\u0131mc\u0131lar i\u00e7in yenilebilir enerji yat\u0131r\u0131mlar\u0131, te\u015fvik mekanizmas\u0131ndan dolay\u0131 avantaj\u0131n\u0131 koruyor. Jeotermal ve r\u00fczgarda \u00f6nemli yat\u0131r\u0131mlar\u0131m\u0131z var. \u00d6n\u00fcm\u00fczdeki d\u00f6nemde 30 bin megavat\u0131n (MW) \u00fczerinde g\u00fcne\u015f santrali ve r\u00fczgar yat\u0131r\u0131m\u0131n\u0131n devreye girece\u011fini g\u00f6z\u00f6n\u00fcnde bulundurdu\u011fumuzda, yabanc\u0131 yat\u0131r\u0131mc\u0131lar\u0131n da bu alanda yat\u0131r\u0131m yapmalar\u0131n\u0131n \u00f6nemli olaca\u011f\u0131n\u0131 d\u00fc\u015f\u00fcn\u00fcyoruz&#8221;\u00a0dedi.<\/p>\n<p>Sinan Ak ayr\u0131ca, g\u00fcne\u015f panelleri \u00fcretimi konusunda T\u00fcrkiye&#8217;nin \u00f6n\u00fcnde ciddi bir f\u0131rsat bulundu\u011funu, e\u011fer bu konuda do\u011fru ad\u0131mlar at\u0131l\u0131r ve yerli \u00fcretime a\u011f\u0131rl\u0131k verilirse T\u00fcrkiye&#8217;nin, b\u00f6lgenin g\u00fcne\u015f paneli ihtiyac\u0131n\u0131 kar\u015f\u0131layabilecek bir \u00fcretim \u00fcss\u00fcne d\u00f6n\u00fc\u015febilece\u011fini s\u00f6zlerine ekledi. Ak, &#8220;G\u00fcne\u015f enerjisinde talep, arz\u0131n \u00e7ok \u00fczerinde. Kamunun yat\u0131r\u0131mlar\u0131 talep oran\u0131nda desteklemesi y\u00f6n\u00fcnde yat\u0131r\u0131mlar\u0131n artaca\u011f\u0131n\u0131 s\u00f6yleyebiliriz&#8221; dedi.<\/p>\n<p>Kaynak: Aktif Haber<\/p>","protected":false},"excerpt":{"rendered":"<p>Sorry, this entry is only available in Turkish. For the sake of viewer convenience, the content is shown below in the alternative language. You may click the link to switch the active language.Uluslararas\u0131 Yat\u0131r\u0131m Zirvesi&#8221;nin ikinci g\u00fcn\u00fcnde, T\u00fcrkiye&#8217;nin \u00f6nde gelen enerji \u00fcreticilerinden Zorlu Enerji&#8217;nin Genel M\u00fcd\u00fcr\u00fc Sinan Ak, g\u00fcne\u015f enerjisinde T\u00fcrkiye&#8217;nin b\u00f6lgesel \u00fcretim \u00fcss\u00fc haline [&hellip;]<\/p>\n","protected":false},"author":1,"featured_media":39139,"comment_status":"open","ping_status":"open","sticky":false,"template":"","format":"standard","meta":[],"categories":[53,49],"tags":[],"views":648,"_links":{"self":[{"href":"https:\/\/www.enerjigazetesi.ist\/en\/wp-json\/wp\/v2\/posts\/39138"}],"collection":[{"href":"https:\/\/www.enerjigazetesi.ist\/en\/wp-json\/wp\/v2\/posts"}],"about":[{"href":"https:\/\/www.enerjigazetesi.ist\/en\/wp-json\/wp\/v2\/types\/post"}],"author":[{"embeddable":true,"href":"https:\/\/www.enerjigazetesi.ist\/en\/wp-json\/wp\/v2\/users\/1"}],"replies":[{"embeddable":true,"href":"https:\/\/www.enerjigazetesi.ist\/en\/wp-json\/wp\/v2\/comments?post=39138"}],"version-history":[{"count":1,"href":"https:\/\/www.enerjigazetesi.ist\/en\/wp-json\/wp\/v2\/posts\/39138\/revisions"}],"predecessor-version":[{"id":39140,"href":"https:\/\/www.enerjigazetesi.ist\/en\/wp-json\/wp\/v2\/posts\/39138\/revisions\/39140"}],"wp:featuredmedia":[{"embeddable":true,"href":"https:\/\/www.enerjigazetesi.ist\/en\/wp-json\/wp\/v2\/media\/39139"}],"wp:attachment":[{"href":"https:\/\/www.enerjigazetesi.ist\/en\/wp-json\/wp\/v2\/media?parent=39138"}],"wp:term":[{"taxonomy":"category","embeddable":true,"href":"https:\/\/www.enerjigazetesi.ist\/en\/wp-json\/wp\/v2\/categories?post=39138"},{"taxonomy":"post_tag","embeddable":true,"href":"https:\/\/www.enerjigazetesi.ist\/en\/wp-json\/wp\/v2\/tags?post=39138"}],"curies":[{"name":"wp","href":"https:\/\/api.w.org\/{rel}","templated":true}]}}