{"id":39129,"date":"2015-05-09T11:29:11","date_gmt":"2015-05-09T08:29:11","guid":{"rendered":"https:\/\/www.enerjigazetesi.ist\/?p=39129"},"modified":"2015-05-23T15:00:59","modified_gmt":"2015-05-23T12:00:59","slug":"schneider-electric-icci-2015de-yerini-aldi","status":"publish","type":"post","link":"https:\/\/www.enerjigazetesi.ist\/en\/schneider-electric-icci-2015de-yerini-aldi\/","title":{"rendered":"(Turkish) Schneider Electric ICCI 2015\u2019de Yerini Ald\u0131&#8230;"},"content":{"rendered":"<p class=\"qtranxs-available-languages-message qtranxs-available-languages-message-en\">Sorry, this entry is only available in <a href=\"https:\/\/www.enerjigazetesi.ist\/tr\/wp-json\/wp\/v2\/posts\/39129\" class=\"qtranxs-available-language-link qtranxs-available-language-link-tr\" title=\"Turkish\">Turkish<\/a>. For the sake of viewer convenience, the content is shown below in the alternative language. You may click the link to switch the active language.<\/p><p><strong>Schneider Electric, bu y\u0131l 6-7-8 May\u0131s tarihlerinde 21\u2019ncisi ger\u00e7ekle\u015fen, T\u00fcrkiye\u2019de enerji sekt\u00f6r\u00fcn\u00fcn en \u00f6nemli bulu\u015fma noktas\u0131 olan ICCI Enerji ve \u00c7evre Fuar\u0131 ve Konferans\u0131\u2019nda yerini ald\u0131.<\/strong><\/p>\n<p>Enerji y\u00f6netiminde d\u00fcnya \u00e7ap\u0131nda uzman Schneider Electric, ICCI 2015\u2019te Yenilenebilir Enerji \u00e7\u00f6z\u00fcmleri ve Saha Servis \u00e7\u00f6z\u00fcmlerini alan\u0131nda geli\u015ftirdi\u011fi maliyetleri azaltan yenilik\u00e7i \u00e7\u00f6z\u00fcmlerini sergiledi.<a href=\"https:\/\/www.enerjigazetesi.ist\/wp-content\/uploads\/2015\/05\/schneider-electric-iccida-yerini-aldi.jpg\"><img loading=\"lazy\" class=\"alignleft wp-image-39130\" src=\"https:\/\/www.enerjigazetesi.ist\/wp-content\/uploads\/2015\/05\/schneider-electric-iccida-yerini-aldi.jpg\" alt=\"schneider-electric-iccida-yerini-aldi\" width=\"300\" height=\"205\" \/><\/a><\/p>\n<p>ICCI 2015\u2019te 9. Salon H 104 \u2013 I 101 numaral\u0131 stantta misafirlerini a\u011f\u0131rlayan Schneider Electric stand\u0131nda r\u00fczg\u00e2r, hidroelektrik ve g\u00fcne\u015f enerjisi \u00e7\u00f6z\u00fcmleri, lokal ve global referans projeleri ile birlikte tan\u0131t\u0131l\u0131rken enerji g\u00f6r\u00fcnt\u00fcleme ve merkezi kontrol sistemleri de fuar ziyaret\u00e7ilerinin bilgisine sunuldu.<\/p>\n<p><strong>Schneider Electric\u2019ten ICCI 2015\u2019e s\u00fcrd\u00fcr\u00fclebilir \u00e7\u00f6z\u00fcmler!<\/strong><\/p>\n<p>R\u00fczg\u00e2r, hidroelektrik ve g\u00fcne\u015f enerjisi alanlar\u0131nda s\u00fcrd\u00fcr\u00fclebilir bir d\u00fcnya i\u00e7in \u00e7\u00f6z\u00fcmler \u00fcreten Schneider Electric, anahtar teslim projeleri ile otomasyon y\u00f6netimi ve i\u015fletme maliyetleri b\u00fcy\u00fck \u00f6l\u00e7\u00fcde azaltabiliyor. Ayr\u0131ca geli\u015fmi\u015f alarm, e\u015f zamanl\u0131 bilgi sistemi ve raporlamay\u0131 kullanarak \u00fcretimin art\u0131ran detayl\u0131 maliyet analizi, kapasite ve hata bildirimleri ile gelecek yat\u0131r\u0131m planlar\u0131n\u0131n tahmin edilmesine y\u00f6nelik \u00e7\u00f6z\u00fcmler de fuarda ziyaret\u00e7ilerle payla\u015f\u0131ld\u0131.<\/p>\n<p>Schneider Electric hakk\u0131nda daha fazla bilgi edinmek i\u00e7in, <strong>http:\/\/www.schneider-electric.com.tr<\/strong> adresi ziyaret edilebilir.<\/p>\n<p>Kaynak: B\u00fcltenler<\/p>\n<p>&nbsp;<\/p>","protected":false},"excerpt":{"rendered":"<p>Sorry, this entry is only available in Turkish. For the sake of viewer convenience, the content is shown below in the alternative language. You may click the link to switch the active language.Schneider Electric, bu y\u0131l 6-7-8 May\u0131s tarihlerinde 21\u2019ncisi ger\u00e7ekle\u015fen, T\u00fcrkiye\u2019de enerji sekt\u00f6r\u00fcn\u00fcn en \u00f6nemli bulu\u015fma noktas\u0131 olan ICCI Enerji ve \u00c7evre Fuar\u0131 ve [&hellip;]<\/p>\n","protected":false},"author":1,"featured_media":39130,"comment_status":"open","ping_status":"open","sticky":false,"template":"","format":"standard","meta":[],"categories":[53],"tags":[],"views":719,"_links":{"self":[{"href":"https:\/\/www.enerjigazetesi.ist\/en\/wp-json\/wp\/v2\/posts\/39129"}],"collection":[{"href":"https:\/\/www.enerjigazetesi.ist\/en\/wp-json\/wp\/v2\/posts"}],"about":[{"href":"https:\/\/www.enerjigazetesi.ist\/en\/wp-json\/wp\/v2\/types\/post"}],"author":[{"embeddable":true,"href":"https:\/\/www.enerjigazetesi.ist\/en\/wp-json\/wp\/v2\/users\/1"}],"replies":[{"embeddable":true,"href":"https:\/\/www.enerjigazetesi.ist\/en\/wp-json\/wp\/v2\/comments?post=39129"}],"version-history":[{"count":1,"href":"https:\/\/www.enerjigazetesi.ist\/en\/wp-json\/wp\/v2\/posts\/39129\/revisions"}],"predecessor-version":[{"id":39131,"href":"https:\/\/www.enerjigazetesi.ist\/en\/wp-json\/wp\/v2\/posts\/39129\/revisions\/39131"}],"wp:featuredmedia":[{"embeddable":true,"href":"https:\/\/www.enerjigazetesi.ist\/en\/wp-json\/wp\/v2\/media\/39130"}],"wp:attachment":[{"href":"https:\/\/www.enerjigazetesi.ist\/en\/wp-json\/wp\/v2\/media?parent=39129"}],"wp:term":[{"taxonomy":"category","embeddable":true,"href":"https:\/\/www.enerjigazetesi.ist\/en\/wp-json\/wp\/v2\/categories?post=39129"},{"taxonomy":"post_tag","embeddable":true,"href":"https:\/\/www.enerjigazetesi.ist\/en\/wp-json\/wp\/v2\/tags?post=39129"}],"curies":[{"name":"wp","href":"https:\/\/api.w.org\/{rel}","templated":true}]}}