{"id":39115,"date":"2015-05-09T11:14:32","date_gmt":"2015-05-09T08:14:32","guid":{"rendered":"https:\/\/www.enerjigazetesi.ist\/?p=39115"},"modified":"2015-05-23T15:01:29","modified_gmt":"2015-05-23T12:01:29","slug":"bakan-yildizdan-icci-2015-fuarinda-aciklamalar","status":"publish","type":"post","link":"https:\/\/www.enerjigazetesi.ist\/en\/bakan-yildizdan-icci-2015-fuarinda-aciklamalar\/","title":{"rendered":"(Turkish) Bakan Y\u0131ld\u0131z&#8217;dan ICCI 2015 Fuar\u0131nda A\u00e7\u0131klamalar!"},"content":{"rendered":"<p class=\"qtranxs-available-languages-message qtranxs-available-languages-message-en\">Sorry, this entry is only available in <a href=\"https:\/\/www.enerjigazetesi.ist\/tr\/wp-json\/wp\/v2\/posts\/39115\" class=\"qtranxs-available-language-link qtranxs-available-language-link-tr\" title=\"Turkish\">Turkish<\/a>. For the sake of viewer convenience, the content is shown below in the alternative language. You may click the link to switch the active language.<\/p><p><strong>\u0130stanbul Fuar ve Kongre Merkezi\u2019nde d\u00fczenlenen 21. Uluslararas\u0131 Enerji ve \u00c7evre Fuar\u0131 ve Konferans\u0131\u2019n\u0131n a\u00e7\u0131l\u0131\u015f\u0131na kat\u0131lan Bakan Y\u0131ld\u0131z, gazetecilerin g\u00fcndeme ili\u015fkin sorular\u0131n\u0131 yan\u0131tlad\u0131.<\/strong><\/p>\n<p>Bir soru \u00fczerine, \u00fclkenin geli\u015fip b\u00fcy\u00fcmesi i\u00e7in enerji sekt\u00f6r\u00fcnde yat\u0131r\u0131mlar\u0131n \u015fart oldu\u011funu s\u00f6yleyen Y\u0131ld\u0131z\u2019a, baz\u0131 \u00f6zel sekt\u00f6r temsilcilerinin Gazprom ile do\u011falgaz fiyatlar\u0131nda indirim konusunda anla\u015fmaya var\u0131lmas\u0131ndan bakanl\u0131\u011f\u0131n\u0131n haberi olup olmad\u0131\u011f\u0131 soruldu.<\/p>\n<p><strong>RUSYA\u2019DAN ALINAN DO\u011eALGAZDA \u0130ND\u0130R\u0130M<\/strong><a href=\"https:\/\/www.enerjigazetesi.ist\/wp-content\/uploads\/2015\/05\/bakan-yildizdan-icci-2015-fuarinda-aciklamalar.jpg\"><img loading=\"lazy\" class=\"alignleft wp-image-39116 size-full\" src=\"https:\/\/www.enerjigazetesi.ist\/wp-content\/uploads\/2015\/05\/bakan-yildizdan-icci-2015-fuarinda-aciklamalar.jpg\" alt=\"bakan-yildizdan-icci-2015-fuarinda-aciklamalar\" width=\"300\" height=\"252\" srcset=\"https:\/\/www.enerjigazetesi.ist\/wp-content\/uploads\/2015\/05\/bakan-yildizdan-icci-2015-fuarinda-aciklamalar.jpg 300w, https:\/\/www.enerjigazetesi.ist\/wp-content\/uploads\/2015\/05\/bakan-yildizdan-icci-2015-fuarinda-aciklamalar-59x50.jpg 59w\" sizes=\"(max-width: 300px) 100vw, 300px\" \/><\/a><\/p>\n<p>BOTA\u015e yetkililerinin Gazprom ile g\u00f6r\u00fc\u015fmelerini s\u00fcrd\u00fcrd\u00fc\u011f\u00fcn\u00fc vurgulayan Y\u0131ld\u0131z, \u201d T\u00fcrkiye \u2018de kullan\u0131lan 50 milyar metrek\u00fcp do\u011falgaz\u0131n 10 milyar metrek\u00fcp\u00fc \u00f6zel sekt\u00f6r, 5\u2032te 4\u2032\u00fc de BOTA\u015e taraf\u0131ndan al\u0131n\u0131yor. Her ikisinin fiyat mekanizmalar\u0131 T\u00fcrkiye\u2019nin toplam arz\u0131 ve talebi a\u00e7\u0131s\u0131ndan \u00f6nemli. Biz BOTA\u015e olarak uygun bir fiyat olu\u015fturmaya \u00e7al\u0131\u015ft\u0131k pazarl\u0131\u011f\u0131m\u0131zda. \u00d6zel sekt\u00f6r i\u00e7in de \u015funu konu\u015ftuk; \u00f6zel sekt\u00f6r\u00fcn zarar etmeyece\u011fi bir fiyat. Ama \u015fu anda \u00f6zel sekt\u00f6r\u00fcn maliyetleri BOTA\u015e maliyetlerinin \u00fczerinde. Dolay\u0131s\u0131yla piyasada satabilmeleri i\u00e7in mallar\u0131n\u0131 uygun fiyatta almalar\u0131 gerekiyor. \u00d6zel sekt\u00f6r ne kadar d\u00fc\u015f\u00fck fiyattan al\u0131rsa, bizim a\u00e7\u0131m\u0131zdan o kadar iyidir. \u015eu an geldikleri nokta, zarar etmeyecekleri kalemleri koruyup kollamakt\u0131r. Onlar zarar etmemeliler. 10 milyar metrek\u00fcpl\u00fck gaz\u0131 al\u0131p satmal\u0131lar. T\u00fcrkiye\u2019nin toplam ihtiyac\u0131n\u0131 kar\u015f\u0131l\u0131yor olmal\u0131lar. Gazprom da \u2018Ben \u00f6zel \u015firketlere zarar ettirmeyece\u011fim\u2019 dedi. Fiyat\u0131 daha d\u00fc\u015f\u00fck bir noktaya \u00e7ekmek i\u00e7in kendilerinin gayretleri oldu. Beni ilgilendiren en \u00f6nemli yan \u015fudur; 50 milyar metrek\u00fcp do\u011falgaz al\u0131nmal\u0131 ve 50 milyar metrek\u00fcp do\u011falgaz sat\u0131lmal\u0131d\u0131r. Bu da zarar edilmeden yap\u0131lmal\u0131d\u0131r\u201d diye konu\u015ftu.<\/p>\n<p><strong>\u201cB\u0130R MERKEZDEN Y\u00d6NET\u0130LEN PROTESTOLAR\u201d<\/strong><\/p>\n<p>T\u00fcrkiye\u2019nin 2023\u2032e kadar yeni enerji politikalar\u0131n\u0131 hayata ge\u00e7irece\u011fini ve bunun da yeni \u00e7evre protestolar\u0131n\u0131 g\u00fcndeme getirece\u011fini hat\u0131rlatan bir gazeteciye Bakan Y\u0131ld\u0131z, \u201cBir protesto o \u00fclkenin \u00e7\u0131kar\u0131naysa, iyi bir \u015feydir. Ama ben bu protestolar\u0131n \u00f6nemli bir k\u0131sm\u0131n\u0131n manip\u00fclatif, hatta kas\u0131tl\u0131 oldu\u011fu kanaatindeyim\u201d yan\u0131t\u0131n\u0131 verdi. Taner Y\u0131ld\u0131z, s\u00f6zlerini \u015f\u00f6yle s\u00fcrd\u00fcrd\u00fc: \u201cBen eline tencere tava alan masum Anadolu insan\u0131n\u0131 kastetmiyorum. \u0130l il dola\u015fan, belli bir merkezden y\u00f6netilen ve T\u00fcrkiye\u2019nin kalk\u0131nmas\u0131na bir kar\u015f\u0131 \u00e7\u0131k\u0131\u015f olarak g\u00f6r\u00fcyorum. Siz HES\u2019e kar\u015f\u0131 \u00e7\u0131kars\u0131n\u0131z, g\u00fcne\u015fe kar\u015f\u0131 \u00e7\u0131kars\u0131n\u0131z, r\u00fczgara kar\u015f\u0131 \u00e7\u0131kars\u0131n\u0131z, do\u011falgaza kar\u015f\u0131 \u00e7\u0131kmazsan\u0131z, ben bunun alt\u0131nda iyi niyet aramam arkada\u015flar. Bu, T\u00fcrkiye\u2019nin kalk\u0131nmas\u0131na olan kar\u015f\u0131 \u00e7\u0131k\u0131\u015ft\u0131r. B\u00fcy\u00fcmeye devam edece\u011fiz. T\u00fcrkiye\u2019ye ge\u00e7en y\u0131l az ya\u011fmur ya\u011fd\u0131. Barajlar\u0131m\u0131z var. Su gelmezse nas\u0131l yapaca\u011f\u0131z? \u2018Su gelmedi, o y\u00fczden elektri\u011fimiz yok\u2019 diyemeyiz. Kaynak \u00e7e\u015fitlendirmemiz laz\u0131m. D\u00fcnyan\u0131n her taraf\u0131ndan enerji politikalar\u0131n\u0131n temelinde bu vard\u0131r. Do\u011falgaz olur, n\u00fckleer olur, di\u011fer kaynaklar da olur. Samimi olan \u00e7evreyle ilgili b\u00fct\u00fcn hassasiyetleri ba\u015f\u0131m\u0131z\u0131n \u00fczerine diyoruz. Manip\u00fclatif olursa buna kar\u015f\u0131 oldu\u011fumuzu s\u00f6yl\u00fcyoruz.\u201d<\/p>\n<p><strong>TEKNOLOJ\u0130N\u0130N YERELLE\u015eT\u0130R\u0130LMES\u0130<\/strong><\/p>\n<p>Enerji sekt\u00f6r\u00fcnde kullan\u0131lan ithal teknolojilerin yerle\u015fik hale getirilmesi gerekti\u011fi fikrine kat\u0131ld\u0131\u011f\u0131n\u0131 s\u00f6yleyen Enerji ve Tabii Kaynaklar Bakan\u0131 Taner Y\u0131ld\u0131z, \u201cG\u00fcne\u015fle ilgili yat\u0131r\u0131m yapacak insanlar, T\u00fcrkiye\u2019ye yat\u0131r\u0131m yapmak zorundalar. LED fabrikalar\u0131 kurmak zorundalar. D\u0131\u015far\u0131dan ithal edildi\u011finde biz o yat\u0131r\u0131mlar\u0131 normalde yapt\u0131rm\u0131yoruz. Kendi teknolojisini \u00fcreten r\u00fczgar santralleriyle beraber bunu geli\u015ftirece\u011fiz. Bir yandan i\u015fletme maliyetlerini d\u00fc\u015f\u00fcrelim derken, yat\u0131r\u0131m maliyetlerini cari tahrik edilmesi ad\u0131na kullanmamal\u0131y\u0131z\u201d diye konu\u015ftu.<\/p>\n<p><strong>N\u00dcKLEER SANTRAL KURACAK \u015e\u0130RKETLER\u0130N VERG\u0130LEND\u0130R\u0130LMES\u0130<\/strong><\/p>\n<p>T\u00fcrkiye\u2019de yap\u0131lacak n\u00fckleer santrallerin \u015firketlerinin vergi vermemek i\u00e7in yurtd\u0131\u015f\u0131nda \u015firket a\u00e7t\u0131\u011f\u0131 iddialar\u0131na tepki g\u00f6steren Bakan Y\u0131ld\u0131z, n\u00fckleer santrallerinin bir k\u0131s\u0131m vergi istisnalar\u0131na ve kolayl\u0131klar\u0131na sahip oldu\u011funa i\u015faret etti. Y\u0131ld\u0131z, \u201cBunlar sitelerinde a\u00e7\u0131klanm\u0131\u015ft\u0131r. H\u00fck\u00fcmetler aras\u0131 anla\u015fman\u0131n TBMM\u2019den ge\u00e7mesini m\u00fcteakip anla\u015fman\u0131n detaylar\u0131 verilmeye ba\u015fland\u0131. Bunu \u015feffafl\u0131k ad\u0131na yap\u0131yoruz. Ay\u0131rt etmemiz gereken \u00f6nemli bir husus var. O nedir? Japonya\u2019n\u0131n kuraca\u011f\u0131 n\u00fckleer g\u00fc\u00e7 santralinin \u015firketlerinin yurtd\u0131\u015f\u0131nda \u015firketler olmas\u0131 ayr\u0131 bir konu, T\u00fcrkiye\u2019de kurulacak proje \u015firketinin vergi \u00f6demesi ayr\u0131 bir konu. Rusya Federasyonu proje \u015firketinin Ankara \u2018da \u00e7ok b\u00fcy\u00fck bir binas\u0131 var. 3.1 milyar dolarl\u0131k sermaye giri\u015fi oldu \u015fu ana kadar. Paralar harcand\u0131. Harcanmaya devam ediliyor. Ge\u00e7en y\u0131l kurumlar vergisinde 39. s\u0131radan 56 milyon TL\u2019lik vergi \u00f6dedi bu \u015firket\u201d diye konu\u015ftu. Bahsi ge\u00e7en yat\u0131r\u0131m\u0131n T\u00fcrkiye\u2019nin bir yerde yapt\u0131\u011f\u0131 en b\u00fcy\u00fck yat\u0131r\u0131m oldu\u011funu s\u00f6yleyen Y\u0131ld\u0131z, \u201cT\u00fcrkiye\u2019de bir yerde 22 milyar dolar yat\u0131r\u0131m yap\u0131yorsunuz. Bunlar \u015faka de\u011fil. Bunlar ciddi \u015feyler. Bu t\u00fcr haberlerle ne uluslararas\u0131 yat\u0131r\u0131mc\u0131m\u0131z\u0131 ne de bizim ili\u015fkilerimizi y\u0131pratmayal\u0131m\u201d dedi.<\/p>\n<p><strong>IRAK PETROL\u00dcN\u00dcN DURUMU<\/strong><\/p>\n<p>Bir soru \u00fczerine, Kerk\u00fck-Yumurtal\u0131k Petrol Boru Hatt\u0131\u2019n\u0131n Irak\u2019ta g\u00fcnl\u00fck 1,5 milyon varile kadar \u00fcretilebilecek petrol\u00fc aktarma kapasitesi oldu\u011funu vurgulayan Bakan Y\u0131ld\u0131z, \u201c\u00dcretilirse, iletiriz. \u00dcretilmiyorsa, \u00fcretildi\u011fi kadar iletiriz. \u015eu anda bu yakla\u015f\u0131k 450 bin varil civar\u0131nda. Irak\u2019\u0131n kapasitesini art\u0131rmas\u0131n\u0131 bekliyoruz. 1 milyon varile ne kadar k\u0131sa zamanda ge\u00e7erlerse, Irak\u2019\u0131n daha h\u0131zl\u0131 normalle\u015fmesi sa\u011flanm\u0131\u015f olur\u201d dedi. \u201cBa\u011f\u0131ms\u0131z bir K\u00fcrdistan devletinin kurulmas\u0131 halinde enerji politikalar\u0131n\u0131n de\u011fi\u015fip de\u011fi\u015fmeyece\u011fini\u201d soran bir gazeteciye de yan\u0131t veren Y\u0131ld\u0131z, \u201cT\u00fcrkiye bir hukuk devletidir. Kom\u015fu ve karde\u015f \u00fclke Irak\u2019\u0131n toprak b\u00fct\u00fcnl\u00fc\u011f\u00fcne, siyasi b\u00fct\u00fcnl\u00fc\u011f\u00fcne sadece sayg\u0131 de\u011fil, itina da g\u00f6stermektedir. O y\u00fczden ba\u011f\u0131ms\u0131z K\u00fcrdistan devletiyle alakal\u0131 g\u00f6r\u00fc\u015flerimizi daha \u00f6nceden de belirttik. B\u00f6yle bir \u015fey T\u00fcrkiye\u2019nin tasvip etti\u011fi bir konu de\u011fildir. Irak\u2019\u0131n toprak b\u00fct\u00fcnl\u00fc\u011f\u00fc T\u00fcrkiye i\u00e7in esast\u0131r\u201d diye konu\u015ftu.<\/p>\n<p><strong>\u201cN\u00dcKLEER VE R\u00dcZGAR SANTRALLER\u0130 B\u0130RB\u0130RLER\u0130N\u0130N TAMAMLAYICISI\u201d<\/strong><\/p>\n<p>Bir soru \u00fczerine, n\u00fckleer g\u00fc\u00e7 santralleri ile r\u00fczgar ve g\u00fcne\u015f panellerinin birbirine ihtiya\u00e7 duyan yat\u0131r\u0131mlar oldu\u011funu s\u00f6yleyen Bakan Y\u0131ld\u0131z, \u201c1800 saat g\u00fcne\u015fin a\u00e7t\u0131\u011f\u0131, 2200 saat r\u00fczgar\u0131n oldu\u011fu bir \u00fclkede ya\u015f\u0131yoruz. Biz \u2018R\u00fczgar esmedi, elektri\u011fimiz \u015fu anda yok\u2019 diyemeyiz. Nerede ne eksik var, onu tamamlayaca\u011f\u0131z. N\u00fckleer g\u00fc\u00e7 santralleri 8 bin saat \u00e7al\u0131\u015fan santrallerdir. O y\u00fczden biri di\u011ferinin tamamlay\u0131c\u0131s\u0131d\u0131r. Birini tercih etmek, di\u011ferinden vazge\u00e7mek anlam\u0131na gelmiyor\u201d dedi.<\/p>\n<p><strong>KA\u00c7AK ELEKTR\u0130K<\/strong><\/p>\n<p>Ka\u00e7ak elektrik kullan\u0131m\u0131yla ilgili yeni tasarruflar\u0131n\u0131n olup olmad\u0131\u011f\u0131 sorusuna da yan\u0131t veren Y\u0131ld\u0131z, \u201cE\u011fer bir vatanda\u015f\u0131m\u0131z kendisine tan\u0131nan hukuk \u00e7er\u00e7evesinde kulland\u0131\u011f\u0131 elektri\u011fin paras\u0131n\u0131 \u00f6demiyorsa, bu hem devlet hakk\u0131 hem de kul hakk\u0131na girer. \u00d6deyemeyen vatanda\u015flar\u0131m\u0131za \u00f6deme kolayl\u0131\u011f\u0131 sa\u011flanacakt\u0131r. 5 taksit yapal\u0131m, 6 taksit yapal\u0131m. Ama \u00f6deme niyetinin olmas\u0131 laz\u0131m. Se\u00e7im \u00f6ncesinde ve sonras\u0131nda bu ger\u00e7ek de\u011fi\u015fmiyor. 35 milyon adet aboneden bahsediyoruz. 78 milyona g\u00f6t\u00fcrd\u00fc\u011f\u00fcm\u00fcz hizmetin adilane olabilmesi i\u00e7in herkesin elektrik paras\u0131n\u0131 \u00f6demesi laz\u0131m\u201d dedi.<\/p>\n<p><strong>\u201cEN UCUZ DO\u011eALGAZ B\u0130ZDE\u201d<\/strong><\/p>\n<p>AK Parti \u2018den \u00f6nce asgari \u00fccretin 100 birim elektrik sat\u0131n alabildi\u011fini belirten Y\u0131ld\u0131z, \u201cBug\u00fcn 200 birim elektrik alabiliyor. Asgari \u00fccretin al\u0131m g\u00fcc\u00fc elektrik \u00fczerinde y\u00fckseldi. Bu hem sekt\u00f6r\u00fcn ba\u015far\u0131s\u0131ndan hem de siyasi istikrar\u0131n kararl\u0131l\u0131\u011f\u0131ndan kaynaklan\u0131yor. O y\u00fczden biz yeterli kararl\u0131l\u0131\u011f\u0131 g\u00f6sterdi\u011fimiz kanaatindeyiz. AB \u00fclkeleri aras\u0131nda do\u011falgaz\u0131 en ucuz kullanan, elektri\u011fi de en ucuz kullanan 3 \u00fclkeden biriyiz\u201d diye konu\u015ftu.<\/p>\n<p><strong>ERMEN\u0130STAN\u2019DAK\u0130 METZAMOR SANTRAL\u0130<\/strong><\/p>\n<p>Ermenistan\u2019daki Metzamor Santrali\u2019nin risk te\u015fkil etmesiyle ilgili bir soruyu da yan\u0131tlayan Y\u0131ld\u0131z, \u201cB\u00fct\u00fcn riskleriyle beraber, dolan \u00f6mr\u00fcyle beraber, Uluslararas\u0131 Atom Enerjisi Ajans\u0131\u2019n\u0131n bir k\u0131s\u0131m direktiflerine ayk\u0131r\u0131 olarak \u00e7al\u0131\u015ft\u0131r\u0131lmas\u0131n\u0131 do\u011fru bulmuyoruz. Yaln\u0131zca enerji ihtiyac\u0131 var diye bir n\u00fckleer santral burnumuzun dibinde tehlikeli bir \u015fekilde \u00e7al\u0131\u015ft\u0131r\u0131lamaz. Bununla alakal\u0131 giri\u015fimlerimizi yapt\u0131k. Ermenistan\u2019\u0131n savunmas\u0131, \u2018Bu n\u00fckleer santral durursa elektriksiz kal\u0131r\u0131z\u2019 diyorlar, onun mutlaka farkl\u0131 \u00e7\u00f6z\u00fcmlerinin oldu\u011fu kanaatindeyim\u201d diye konu\u015ftu.<\/p>\n<p>Kaynak: DHA<\/p>","protected":false},"excerpt":{"rendered":"<p>Sorry, this entry is only available in Turkish. For the sake of viewer convenience, the content is shown below in the alternative language. You may click the link to switch the active language.\u0130stanbul Fuar ve Kongre Merkezi\u2019nde d\u00fczenlenen 21. Uluslararas\u0131 Enerji ve \u00c7evre Fuar\u0131 ve Konferans\u0131\u2019n\u0131n a\u00e7\u0131l\u0131\u015f\u0131na kat\u0131lan Bakan Y\u0131ld\u0131z, gazetecilerin g\u00fcndeme ili\u015fkin sorular\u0131n\u0131 yan\u0131tlad\u0131. [&hellip;]<\/p>\n","protected":false},"author":1,"featured_media":39116,"comment_status":"open","ping_status":"open","sticky":false,"template":"","format":"standard","meta":[],"categories":[53],"tags":[],"views":470,"_links":{"self":[{"href":"https:\/\/www.enerjigazetesi.ist\/en\/wp-json\/wp\/v2\/posts\/39115"}],"collection":[{"href":"https:\/\/www.enerjigazetesi.ist\/en\/wp-json\/wp\/v2\/posts"}],"about":[{"href":"https:\/\/www.enerjigazetesi.ist\/en\/wp-json\/wp\/v2\/types\/post"}],"author":[{"embeddable":true,"href":"https:\/\/www.enerjigazetesi.ist\/en\/wp-json\/wp\/v2\/users\/1"}],"replies":[{"embeddable":true,"href":"https:\/\/www.enerjigazetesi.ist\/en\/wp-json\/wp\/v2\/comments?post=39115"}],"version-history":[{"count":2,"href":"https:\/\/www.enerjigazetesi.ist\/en\/wp-json\/wp\/v2\/posts\/39115\/revisions"}],"predecessor-version":[{"id":39118,"href":"https:\/\/www.enerjigazetesi.ist\/en\/wp-json\/wp\/v2\/posts\/39115\/revisions\/39118"}],"wp:featuredmedia":[{"embeddable":true,"href":"https:\/\/www.enerjigazetesi.ist\/en\/wp-json\/wp\/v2\/media\/39116"}],"wp:attachment":[{"href":"https:\/\/www.enerjigazetesi.ist\/en\/wp-json\/wp\/v2\/media?parent=39115"}],"wp:term":[{"taxonomy":"category","embeddable":true,"href":"https:\/\/www.enerjigazetesi.ist\/en\/wp-json\/wp\/v2\/categories?post=39115"},{"taxonomy":"post_tag","embeddable":true,"href":"https:\/\/www.enerjigazetesi.ist\/en\/wp-json\/wp\/v2\/tags?post=39115"}],"curies":[{"name":"wp","href":"https:\/\/api.w.org\/{rel}","templated":true}]}}