{"id":39109,"date":"2015-05-08T14:45:31","date_gmt":"2015-05-08T11:45:31","guid":{"rendered":"https:\/\/www.enerjigazetesi.ist\/?p=39109"},"modified":"2015-05-23T15:01:38","modified_gmt":"2015-05-23T12:01:38","slug":"epdk-baskani-yilmazdan-akaryakitta-tavan-fiyat-aciklamasi","status":"publish","type":"post","link":"https:\/\/www.enerjigazetesi.ist\/en\/epdk-baskani-yilmazdan-akaryakitta-tavan-fiyat-aciklamasi\/","title":{"rendered":"(Turkish) EPDK Ba\u015fkan\u0131 Y\u0131lmaz\u2019dan Akaryak\u0131tta Tavan Fiyat A\u00e7\u0131klamas\u0131&#8230;"},"content":{"rendered":"<p class=\"qtranxs-available-languages-message qtranxs-available-languages-message-en\">Sorry, this entry is only available in <a href=\"https:\/\/www.enerjigazetesi.ist\/tr\/wp-json\/wp\/v2\/posts\/39109\" class=\"qtranxs-available-language-link qtranxs-available-language-link-tr\" title=\"Turkish\">Turkish<\/a>. For the sake of viewer convenience, the content is shown below in the alternative language. You may click the link to switch the active language.<\/p><p><\/p>\n<p style=\"color: #000000;\"><strong>Tavan fiyat uygulamas\u0131yla akaryak\u0131t sekt\u00f6r\u00fcne iki ayl\u0131k bir m\u00fcdahalenin sonunda bu hususta kal\u0131c\u0131 bir d\u00fczenlemeyle ilgili sekt\u00f6rle birlikte \u00e7al\u0131\u015ft\u0131klar\u0131n\u0131 dile getiren Enerji Piyasas\u0131 D\u00fczenleme Kurumu (EPDK) Ba\u015fkan\u0131 Mustafa Y\u0131lmaz, \u201c\u015eu an akaryak\u0131tta tavan fiyata ili\u015fkin bir d\u00fczenlememiz, \u00e7al\u0131\u015fmam\u0131z yok.<span id=\"more-71431\"><\/span>\u00a0Bir daha b\u00f6yle bir \u015fey ya\u015fanmayaca\u011f\u0131n\u0131 \u00fcmit ediyorum. Haks\u0131z kazan\u00e7 elde etmeye ve t\u00fcketiciyi suistimal etmeye \u00e7al\u0131\u015f\u0131lmas\u0131 taktirde bu yasan\u0131n h\u00fckm\u00fc duruyor. Biz ihtiya\u00e7 oldu\u011fu zaman bu m\u00fcdahaleyi yapar\u0131z\u201d ifadelerini kuland\u0131.<\/strong><\/p>\n<p style=\"color: #000000;\">Y\u0131lmaz, genelde piyasay\u0131 y\u00f6nlendirme \u015feklindeki birtak\u0131m d\u00fczenlemeler, al\u0131nm\u0131\u015f kurul kararlar\u0131 oldu\u011funu h<a href=\"https:\/\/www.enerjigazetesi.ist\/wp-content\/uploads\/2015\/05\/epdk-baskani-yilmazdan-akaryakitta-tavan-fiyat-aciklamasi.jpg\"><img loading=\"lazy\" class=\"alignright size-medium wp-image-39110\" src=\"https:\/\/www.enerjigazetesi.ist\/wp-content\/uploads\/2015\/05\/epdk-baskani-yilmazdan-akaryakitta-tavan-fiyat-aciklamasi-300x189.jpg\" alt=\"epdk-baskani-yilmazdan-akaryakitta-tavan-fiyat-aciklamasi\" width=\"300\" height=\"189\" srcset=\"https:\/\/www.enerjigazetesi.ist\/wp-content\/uploads\/2015\/05\/epdk-baskani-yilmazdan-akaryakitta-tavan-fiyat-aciklamasi-300x189.jpg 300w, https:\/\/www.enerjigazetesi.ist\/wp-content\/uploads\/2015\/05\/epdk-baskani-yilmazdan-akaryakitta-tavan-fiyat-aciklamasi-500x315.jpg 500w, https:\/\/www.enerjigazetesi.ist\/wp-content\/uploads\/2015\/05\/epdk-baskani-yilmazdan-akaryakitta-tavan-fiyat-aciklamasi-80x50.jpg 80w, https:\/\/www.enerjigazetesi.ist\/wp-content\/uploads\/2015\/05\/epdk-baskani-yilmazdan-akaryakitta-tavan-fiyat-aciklamasi.jpg 646w\" sizes=\"(max-width: 300px) 100vw, 300px\" \/><\/a>at\u0131rlatarak, \u201cBuna benzer karar alma s\u00fcrecimiz devam ediyor, bu da piyasay\u0131 y\u00f6nlendirme konusunun gelecekte nas\u0131l olu\u015faca\u011f\u0131na dair ciddi bir d\u00fczenlemeyi i\u00e7eriyor\u201d dedi.<\/p>\n<p style=\"color: #000000;\">\u015eimdilik bir tavan fiyat uygulamas\u0131 d\u00fc\u015f\u00fcn\u00fclmedi\u011fini, sadece piyasan\u0131n kendi dinamikleri \u00fczerine oturtulmaya \u00e7al\u0131\u015f\u0131ld\u0131\u011f\u0131n\u0131 vurgulayan Y\u0131lmaz, bunda da ciddi bir mesafe katettiklerinin alt\u0131n\u0131 \u00e7izdi. Sekt\u00f6r\u00fcn de bu sinyali ald\u0131\u011f\u0131n\u0131 ifade eden Y\u0131lmaz, \u015fu an olu\u015fan akaryak\u0131t fiyatlar\u0131n\u0131n da bunun sa\u011fland\u0131\u011f\u0131n\u0131n bir g\u00f6stergesi oldu\u011funu kaydetti. EPDK\u2019n\u0131n piyasaya son d\u00f6nemde piyasaya \u00e7ok m\u00fcdahale etti\u011fi ele\u015ftirilerine y\u00f6nelik Y\u0131lmaz \u015funlar\u0131 s\u00f6yledi:<\/p>\n<p style=\"color: #000000;\">\u201cBu hususta temel hedefimiz serbest ve liberal bir piyasa olu\u015fturmak. Bizim EPDK olarak piyasaya m\u00fcdahalemiz \u00e7ok s\u0131n\u0131rl\u0131. Tavan fiyat uygulamas\u0131yla akaryak\u0131t sekt\u00f6r\u00fcne bir m\u00fcdahalemiz s\u00f6z konusu olabiliyor. Bunun d\u0131\u015f\u0131nda \u00f6zellikle elektrik piyasas\u0131na herhangi bir m\u00fcdahalemiz s\u00f6z konusu de\u011fil. Piyasaya \u00e7ok m\u00fcdahaleci olundu\u011fu ele\u015ftirileri ger\u00e7e\u011fi yans\u0131tm\u0131yor.\u201d<\/p>\n<p style=\"color: #000000;\">Kaynak: Enerji Enstit\u00fcs\u00fc<\/p>\n<p><\/p>","protected":false},"excerpt":{"rendered":"<p>Sorry, this entry is only available in Turkish. For the sake of viewer convenience, the content is shown below in the alternative language. You may click the link to switch the active language. Tavan fiyat uygulamas\u0131yla akaryak\u0131t sekt\u00f6r\u00fcne iki ayl\u0131k bir m\u00fcdahalenin sonunda bu hususta kal\u0131c\u0131 bir d\u00fczenlemeyle ilgili sekt\u00f6rle birlikte \u00e7al\u0131\u015ft\u0131klar\u0131n\u0131 dile getiren Enerji [&hellip;]<\/p>\n","protected":false},"author":1,"featured_media":39110,"comment_status":"open","ping_status":"open","sticky":false,"template":"","format":"standard","meta":[],"categories":[53,44],"tags":[],"views":707,"_links":{"self":[{"href":"https:\/\/www.enerjigazetesi.ist\/en\/wp-json\/wp\/v2\/posts\/39109"}],"collection":[{"href":"https:\/\/www.enerjigazetesi.ist\/en\/wp-json\/wp\/v2\/posts"}],"about":[{"href":"https:\/\/www.enerjigazetesi.ist\/en\/wp-json\/wp\/v2\/types\/post"}],"author":[{"embeddable":true,"href":"https:\/\/www.enerjigazetesi.ist\/en\/wp-json\/wp\/v2\/users\/1"}],"replies":[{"embeddable":true,"href":"https:\/\/www.enerjigazetesi.ist\/en\/wp-json\/wp\/v2\/comments?post=39109"}],"version-history":[{"count":1,"href":"https:\/\/www.enerjigazetesi.ist\/en\/wp-json\/wp\/v2\/posts\/39109\/revisions"}],"predecessor-version":[{"id":39111,"href":"https:\/\/www.enerjigazetesi.ist\/en\/wp-json\/wp\/v2\/posts\/39109\/revisions\/39111"}],"wp:featuredmedia":[{"embeddable":true,"href":"https:\/\/www.enerjigazetesi.ist\/en\/wp-json\/wp\/v2\/media\/39110"}],"wp:attachment":[{"href":"https:\/\/www.enerjigazetesi.ist\/en\/wp-json\/wp\/v2\/media?parent=39109"}],"wp:term":[{"taxonomy":"category","embeddable":true,"href":"https:\/\/www.enerjigazetesi.ist\/en\/wp-json\/wp\/v2\/categories?post=39109"},{"taxonomy":"post_tag","embeddable":true,"href":"https:\/\/www.enerjigazetesi.ist\/en\/wp-json\/wp\/v2\/tags?post=39109"}],"curies":[{"name":"wp","href":"https:\/\/api.w.org\/{rel}","templated":true}]}}