{"id":39103,"date":"2015-05-08T14:38:32","date_gmt":"2015-05-08T11:38:32","guid":{"rendered":"https:\/\/www.enerjigazetesi.ist\/?p=39103"},"modified":"2015-05-23T15:01:53","modified_gmt":"2015-05-23T12:01:53","slug":"epdkdan-ispanyol-firmalara-yatirim-daveti","status":"publish","type":"post","link":"https:\/\/www.enerjigazetesi.ist\/en\/epdkdan-ispanyol-firmalara-yatirim-daveti\/","title":{"rendered":"(Turkish) EPDK\u2019dan \u0130spanyol Firmalara Yat\u0131r\u0131m Daveti&#8230;"},"content":{"rendered":"<p class=\"qtranxs-available-languages-message qtranxs-available-languages-message-en\">Sorry, this entry is only available in <a href=\"https:\/\/www.enerjigazetesi.ist\/tr\/wp-json\/wp\/v2\/posts\/39103\" class=\"qtranxs-available-language-link qtranxs-available-language-link-tr\" title=\"Turkish\">Turkish<\/a>. For the sake of viewer convenience, the content is shown below in the alternative language. You may click the link to switch the active language.<\/p><p><\/p>\n<p style=\"color: #000000;\"><strong>Enerji Piyasas\u0131 D\u00fczenleme Kurulu (EPDK) Ba\u015fkan\u0131 Mustafa Y\u0131lmaz, \u201cProjelerimizde T\u00fcrk veya yabanc\u0131 ayr\u0131m\u0131 yapm\u0131yoruz. \u0130spanya, ba\u015fta yenilenebilir enerji olmak \u00fczere enerji sekt\u00f6r\u00fcndeki tecr\u00fcbelerini \u00fclkemize ta\u015f\u0131yacakt\u0131r\u201d dedi.<\/strong><span id=\"more-71432\"><\/span><\/p>\n<p style=\"color: #000000;\">Ba\u015fbakanl\u0131k T\u00fcrkiye Yat\u0131r\u0131m Destek ve Tan\u0131t\u0131m Ajans\u0131 (TYDTA) ve Ernst&amp;Young Global Limited firmas\u0131n\u0131n i\u015fbirli\u011fiyle Madrid\u2019de d\u00fczenlenen \u201cT\u00fcrkiye\u2019de Enerji Sekt\u00f6r\u00fc, F\u0131rsatlar, G\u00f6r\u00fcn\u00fcm ve Geli\u015fmeler\u201d konulu toplant\u0131da konu\u015fan Y\u0131lmaz, \u0130spanya ile T\u00fcrkiye aras\u0131ndaki mevcut ticaret hacminin 11 milyar dolar civar\u0131nda oldu\u011funu s\u00f6yledi.<a href=\"https:\/\/www.enerjigazetesi.ist\/wp-content\/uploads\/2015\/05\/epdkdan-ispanyol-firmalara-yatirim-daveti.jpg\"><img loading=\"lazy\" class=\"alignright size-medium wp-image-39104\" src=\"https:\/\/www.enerjigazetesi.ist\/wp-content\/uploads\/2015\/05\/epdkdan-ispanyol-firmalara-yatirim-daveti-300x175.jpg\" alt=\"epdkdan-ispanyol-firmalara-yatirim-daveti\" width=\"300\" height=\"175\" srcset=\"https:\/\/www.enerjigazetesi.ist\/wp-content\/uploads\/2015\/05\/epdkdan-ispanyol-firmalara-yatirim-daveti-300x175.jpg 300w, https:\/\/www.enerjigazetesi.ist\/wp-content\/uploads\/2015\/05\/epdkdan-ispanyol-firmalara-yatirim-daveti-500x291.jpg 500w, https:\/\/www.enerjigazetesi.ist\/wp-content\/uploads\/2015\/05\/epdkdan-ispanyol-firmalara-yatirim-daveti-80x46.jpg 80w, https:\/\/www.enerjigazetesi.ist\/wp-content\/uploads\/2015\/05\/epdkdan-ispanyol-firmalara-yatirim-daveti.jpg 860w\" sizes=\"(max-width: 300px) 100vw, 300px\" \/><\/a><\/p>\n<p style=\"color: #000000;\">T\u00fcrkiye\u2019de 450 \u0130spanyol firmas\u0131n\u0131n, \u0130spanya\u2019da da 90 civar\u0131nda T\u00fcrk firmas\u0131n\u0131n faaliyet g\u00f6sterdi\u011fini dile getiren Y\u0131lmaz, \u201cT\u00fcrkiye ve \u0130spanya aras\u0131nda enerji i\u015fbirli\u011finin ve yat\u0131r\u0131m\u0131n g\u00fc\u00e7lenmesini istiyoruz. \u015eunu \u00e7ok a\u00e7\u0131k s\u00f6yl\u00fcyorum ki, projelerimizde T\u00fcrk veya yabanc\u0131 ayr\u0131m\u0131 yapm\u0131yoruz. \u0130spanya, ba\u015fta yenilenebilir enerji olmak \u00fczere enerji sekt\u00f6r\u00fcndeki tecr\u00fcbelerini \u00fclkemize ta\u015f\u0131yacakt\u0131r. \u0130spanya\u2019n\u0131n firmalar\u0131n\u0131 y\u00fckselen T\u00fcrkiye\u2019nin y\u00fckselen do\u011fal gaz ve enerji projelerinde yer almaya davet ediyorum\u201d ifadelerini kulland\u0131.<\/p>\n<p style=\"color: #000000;\">TYDTA Ba\u015fkan\u0131 Arda Ermut da son 13 y\u0131lda yat\u0131r\u0131mc\u0131lar a\u00e7\u0131s\u0131ndan T\u00fcrkiye\u2019deki f\u0131rsatlar\u0131n \u00e7ok geli\u015fti\u011fini, yeni kurallar ve kolayl\u0131klar getirildi\u011fini belirtti.<\/p>\n<p style=\"color: #000000;\">T\u00fcrkiye\u2019nin enerji hedeflerini ger\u00e7ekle\u015ftirmesinde \u0130spanya\u2019n\u0131n \u00e7ok b\u00fcy\u00fck katk\u0131s\u0131 olaca\u011f\u0131na inand\u0131\u011f\u0131n\u0131 kaydeden Ermut, \u201cT\u00fcrkiye, yenilenebilir enerji projeleri ba\u015fta olmak \u00fczere \u0130spanyol firmalar i\u00e7in \u00e7ok b\u00fcy\u00fck f\u0131rsatlar sunuyor. Bu, T\u00fcrkiye\u2019nin sadece i\u00e7 pazar\u0131 i\u00e7in de\u011fil kom\u015fu \u00fclkeleriyle olan g\u00fc\u00e7l\u00fc ihracat\u0131 da g\u00f6z \u00f6n\u00fcne al\u0131nd\u0131\u011f\u0131nda \u00e7ok geni\u015f \u00e7apl\u0131 bir f\u0131rsatt\u0131r\u201d diye konu\u015ftu.<\/p>\n<p style=\"color: #000000;\">Ernst&amp;Young Global Limited\u2019in \u0130spanya, \u0130talya ve Portekiz Sorumlusu Luis Buzzi de T\u00fcrkiye\u2019nin enerji sekt\u00f6r\u00fcndeki stratejik \u00f6neminin fark\u0131nda olduklar\u0131n\u0131 dile getirdi. Buzzi, T\u00fcrkiye\u2019nin, stratejik pozisyonu ve pazardaki g\u00fcc\u00fc ile enerji, ula\u015ft\u0131rma ve da\u011f\u0131t\u0131m sekt\u00f6rlerinde uluslararas\u0131 yat\u0131r\u0131m \u015firketlerine yeni f\u0131rsatlar sundu\u011funun alt\u0131n\u0131 \u00e7izdi.<\/p>\n<p style=\"color: #000000;\">Kaynak: Enerji Enstit\u00fcs\u00fc<\/p>\n<p><\/p>","protected":false},"excerpt":{"rendered":"<p>Sorry, this entry is only available in Turkish. For the sake of viewer convenience, the content is shown below in the alternative language. You may click the link to switch the active language. Enerji Piyasas\u0131 D\u00fczenleme Kurulu (EPDK) Ba\u015fkan\u0131 Mustafa Y\u0131lmaz, \u201cProjelerimizde T\u00fcrk veya yabanc\u0131 ayr\u0131m\u0131 yapm\u0131yoruz. \u0130spanya, ba\u015fta yenilenebilir enerji olmak \u00fczere enerji sekt\u00f6r\u00fcndeki [&hellip;]<\/p>\n","protected":false},"author":1,"featured_media":39104,"comment_status":"open","ping_status":"open","sticky":false,"template":"","format":"standard","meta":[],"categories":[53],"tags":[],"views":679,"_links":{"self":[{"href":"https:\/\/www.enerjigazetesi.ist\/en\/wp-json\/wp\/v2\/posts\/39103"}],"collection":[{"href":"https:\/\/www.enerjigazetesi.ist\/en\/wp-json\/wp\/v2\/posts"}],"about":[{"href":"https:\/\/www.enerjigazetesi.ist\/en\/wp-json\/wp\/v2\/types\/post"}],"author":[{"embeddable":true,"href":"https:\/\/www.enerjigazetesi.ist\/en\/wp-json\/wp\/v2\/users\/1"}],"replies":[{"embeddable":true,"href":"https:\/\/www.enerjigazetesi.ist\/en\/wp-json\/wp\/v2\/comments?post=39103"}],"version-history":[{"count":1,"href":"https:\/\/www.enerjigazetesi.ist\/en\/wp-json\/wp\/v2\/posts\/39103\/revisions"}],"predecessor-version":[{"id":39105,"href":"https:\/\/www.enerjigazetesi.ist\/en\/wp-json\/wp\/v2\/posts\/39103\/revisions\/39105"}],"wp:featuredmedia":[{"embeddable":true,"href":"https:\/\/www.enerjigazetesi.ist\/en\/wp-json\/wp\/v2\/media\/39104"}],"wp:attachment":[{"href":"https:\/\/www.enerjigazetesi.ist\/en\/wp-json\/wp\/v2\/media?parent=39103"}],"wp:term":[{"taxonomy":"category","embeddable":true,"href":"https:\/\/www.enerjigazetesi.ist\/en\/wp-json\/wp\/v2\/categories?post=39103"},{"taxonomy":"post_tag","embeddable":true,"href":"https:\/\/www.enerjigazetesi.ist\/en\/wp-json\/wp\/v2\/tags?post=39103"}],"curies":[{"name":"wp","href":"https:\/\/api.w.org\/{rel}","templated":true}]}}