{"id":39100,"date":"2015-05-08T14:35:14","date_gmt":"2015-05-08T11:35:14","guid":{"rendered":"https:\/\/www.enerjigazetesi.ist\/?p=39100"},"modified":"2015-05-23T15:02:00","modified_gmt":"2015-05-23T12:02:00","slug":"yenilenebilir-enerjiyi-destekliyoruz-ama-nukleer-gerekli","status":"publish","type":"post","link":"https:\/\/www.enerjigazetesi.ist\/en\/yenilenebilir-enerjiyi-destekliyoruz-ama-nukleer-gerekli\/","title":{"rendered":"(Turkish) \u201cYenilenebilir Enerjiyi Destekliyoruz Ama N\u00fckleer Gerekli!\u201d"},"content":{"rendered":"<p class=\"qtranxs-available-languages-message qtranxs-available-languages-message-en\">Sorry, this entry is only available in <a href=\"https:\/\/www.enerjigazetesi.ist\/tr\/wp-json\/wp\/v2\/posts\/39100\" class=\"qtranxs-available-language-link qtranxs-available-language-link-tr\" title=\"Turkish\">Turkish<\/a>. For the sake of viewer convenience, the content is shown below in the alternative language. You may click the link to switch the active language.<\/p><p><\/p>\n<p style=\"color: #000000;\"><strong>Limak Enerji \u00dcst Y\u00f6neticisi Erg\u00fcven, yenilenebilir enerjiyi desteklediklerini ancak t\u00fcm enerji ihtiyac\u0131n\u0131n buradan kar\u015f\u0131lanamayaca\u011f\u0131n\u0131 belirtti.<\/strong><\/p>\n<p style=\"color: #000000;\">Limak Enerji \u00dcst Y\u00f6neticisi (CEO) Birol Erg\u00fcven, yenilenebilir enerji kullan\u0131m\u0131n\u0131 desteklediklerini ve \u015firket olarak kendilerinin de bu alanda yat\u0131r\u0131m yapt\u0131\u011f\u0131n\u0131 belirterek, \u201cAma \u00fclkenin t\u00fcm enerji ihtiyac\u0131n\u0131n buradan kar\u015f\u0131lanmas\u0131 T\u00fcrkiye gibi \u00fclkelerde m\u00fcmk\u00fcn de\u011fil. N\u00fckleer enerji santrali, teknik a\u00e7\u0131dan da ticari a\u00e7\u0131dan da gerekli, bunu da k<a href=\"https:\/\/www.enerjigazetesi.ist\/wp-content\/uploads\/2015\/05\/yenilenebilir-enerjiyi-destekliyoruz-ama-nukleer-gerekli.jpg\"><img loading=\"lazy\" class=\"alignleft wp-image-39101 size-medium\" src=\"https:\/\/www.enerjigazetesi.ist\/wp-content\/uploads\/2015\/05\/yenilenebilir-enerjiyi-destekliyoruz-ama-nukleer-gerekli-300x175.jpg\" alt=\"yenilenebilir-enerjiyi-destekliyoruz-ama-nukleer-gerekli\" width=\"300\" height=\"175\" srcset=\"https:\/\/www.enerjigazetesi.ist\/wp-content\/uploads\/2015\/05\/yenilenebilir-enerjiyi-destekliyoruz-ama-nukleer-gerekli-300x175.jpg 300w, https:\/\/www.enerjigazetesi.ist\/wp-content\/uploads\/2015\/05\/yenilenebilir-enerjiyi-destekliyoruz-ama-nukleer-gerekli-500x291.jpg 500w, https:\/\/www.enerjigazetesi.ist\/wp-content\/uploads\/2015\/05\/yenilenebilir-enerjiyi-destekliyoruz-ama-nukleer-gerekli-80x46.jpg 80w, https:\/\/www.enerjigazetesi.ist\/wp-content\/uploads\/2015\/05\/yenilenebilir-enerjiyi-destekliyoruz-ama-nukleer-gerekli.jpg 634w\" sizes=\"(max-width: 300px) 100vw, 300px\" \/><\/a>ullanmak zorunday\u0131z\u201d dedi.<span id=\"more-71434\"><\/span><\/p>\n<p style=\"color: #000000;\">Erg\u00fcven, T\u00fcrkiye\u2019deki yenilenebilir enerji kapasitesi, n\u00fckleer enerji, Limak Enerji b\u00fcnyesinde yap\u0131lan \u00e7al\u0131\u015fmalar ve \u015firket hedeflerini de\u011ferlendirdi.<\/p>\n<p style=\"color: #000000;\">T\u00fcrkiye\u2019nin hi\u00e7 de\u011fi\u015fmeyen, s\u00fcreklili\u011fi olan bir enerji t\u00fcketimi oldu\u011funa i\u015faret edip, bunun politika de\u011fil fizik kanunu oldu\u011funu ifade eden Erg\u00fcven, kayna\u011f\u0131, \u015fu an i\u00e7in yenilenebilir enerjiyle kar\u015f\u0131laman\u0131n m\u00fcmk\u00fcn olmad\u0131\u011f\u0131n\u0131 anlatt\u0131.<\/p>\n<p style=\"color: #000000;\">Yenilenebilir enerjinin baz y\u00fck elektrik i\u00e7in yeterli olmad\u0131\u011f\u0131n\u0131 vurgulayan Erg\u00fcven, \u015f\u00f6yle devam etti:<\/p>\n<p style=\"color: #000000;\">Yenilenebilir enerji kullan\u0131lmal\u0131d\u0131r, destekliyoruz. Biz de yenilenebilir enerjiye yat\u0131r\u0131m yap\u0131yoruz. Buna kar\u015f\u0131n bir \u00fclkenin b\u00fct\u00fcn enerji ihtiyac\u0131n\u0131n da \u00fclke \u00e7ok k\u00fc\u00e7\u00fck olmad\u0131\u011f\u0131 s\u00fcrece, yenilenebilirden kar\u015f\u0131lanmas\u0131, \u00f6zellikle T\u00fcrkiye gibi \u00fclkelerde m\u00fcmk\u00fcn de\u011fil.\u201d<\/p>\n<p style=\"color: #000000;\">Erg\u00fcven T\u00fcrkiye\u2019de k\u00f6m\u00fcr\u00fcn de n\u00fckleer santralin de olmas\u0131, sahip olunan b\u00fct\u00fcn kaynaklar\u0131n kullan\u0131lmas\u0131 gerekti\u011fini vurgulayarak, kaynaklar\u0131n k\u0131s\u0131tl\u0131 olmas\u0131ndan \u00f6t\u00fcr\u00fc baz y\u00fck olarak \u00e7al\u0131\u015fan bir n\u00fckleer santralin de gereklili\u011fine i\u015faret etti.<\/p>\n<p style=\"color: #000000;\">Bu \u00e7er\u00e7evede n\u00fckleer konusunda T\u00fcrkiye\u2019de verilen tepkilere ve konunun kamuoyunda yer al\u0131\u015f \u015fekline de de\u011finen Erg\u00fcven, \u015fu de\u011ferlendirmelerde bulundu:<\/p>\n<p style=\"color: #000000;\">\u201d N\u00fckleer enerjiye, bu teknolojiye sahip olabilmek, bunu y\u00f6netebilmek, zaten o \u00fclkenin teknolojide belli bir yere geldi\u011finin en \u00f6nemli g\u00f6stergesi. Haliyle T\u00fcrkiye\u2019nin kendisine n\u00fckleer teknolojiyi kullanan bir \u00fclke hedefi koymas\u0131 zaten zorunludur. N\u00fckleer enerji santrali, teknik a\u00e7\u0131dan da ticari a\u00e7\u0131dan da gerekli. Tepkilere gelince, insanlar\u0131n n\u00fckleer enerjiden psikolojik olarak korkmas\u0131n\u0131, uzak durmas\u0131n\u0131 anl\u0131yorum.<\/p>\n<p style=\"color: #000000;\">D\u00fcnyada k\u00f6t\u00fc \u00f6rnekler var ama d\u00fc\u015fme ihtimaline ra\u011fmen nas\u0131l hepimiz u\u00e7a\u011fa biniyorsak n\u00fckleerde de durum b\u00f6yle ki bu ihtimal u\u00e7akta, n\u00fckleer santral kazas\u0131na g\u00f6re daha da y\u00fcksek, bunu da kullanmak zorunday\u0131z. Ge\u00e7mi\u015fte yap\u0131lan kazalara bak\u0131ld\u0131\u011f\u0131nda bunlar\u0131n hepsi 20-30 sene \u00f6ncenin teknolojisi. Biz 2015 senesinde ba\u015flad\u0131\u011f\u0131m\u0131z n\u00fckleer santral i\u015finde bug\u00fcn\u00fcn teknolojisini son noktas\u0131na kadar kulland\u0131\u011f\u0131m\u0131zda korkulacak \u015fey son derece minimize edilebilir.\u201d<\/p>\n<p style=\"color: #000000;\">Birol Erg\u00fcven, bunu yan\u0131 s\u0131ra n\u00fckleer enerjiden samimi duygularla korkan insanlar\u0131n da ikna edilmesi gerekti\u011fini, insanlar\u0131n bir anda ya\u015fad\u0131\u011f\u0131 yerin yan taraf\u0131nda bir n\u00fckleer santralin olmas\u0131n\u0131 kolay kar\u015f\u0131lamamas\u0131n\u0131n ya da korkmas\u0131n\u0131n normal oldu\u011funu dile getirdi.<\/p>\n<p style=\"color: #000000;\">N\u00fckleer korkusunu normal kar\u015f\u0131lad\u0131\u011f\u0131n\u0131 ve bu insanlara n\u00fckleer enerjinin do\u011fru anlat\u0131lmas\u0131 gerekti\u011fini belirten Erg\u00fcven, \u201cT\u00fcrkiye\u2019de r\u00fczgar santralinin \u00e7ok zararl\u0131 oldu\u011fundan, \u00e7evreye zarar verdi\u011finden dem vurarak r\u00fczgar santrallerine kar\u015f\u0131 \u00e7\u0131kan insanlar var. \u0130ki g\u00fcn sonra g\u00fcne\u015f enerjisine de kar\u015f\u0131 \u00e7\u0131kanlar olaca\u011f\u0131na eminim. Korku ararsak alt\u0131n\u0131 doldururuz, bu korkular\u0131n alt\u0131n\u0131 bilgiyle doldurmak \u00f6nemli\u201d diye konu\u015ftu.<\/p>\n<p style=\"color: #000000;\">Kaynak: Enerji Enstit\u00fcs\u00fc<\/p>\n<p><\/p>","protected":false},"excerpt":{"rendered":"<p>Sorry, this entry is only available in Turkish. For the sake of viewer convenience, the content is shown below in the alternative language. You may click the link to switch the active language. Limak Enerji \u00dcst Y\u00f6neticisi Erg\u00fcven, yenilenebilir enerjiyi desteklediklerini ancak t\u00fcm enerji ihtiyac\u0131n\u0131n buradan kar\u015f\u0131lanamayaca\u011f\u0131n\u0131 belirtti. Limak Enerji \u00dcst Y\u00f6neticisi (CEO) Birol Erg\u00fcven, [&hellip;]<\/p>\n","protected":false},"author":1,"featured_media":39101,"comment_status":"open","ping_status":"open","sticky":false,"template":"","format":"standard","meta":[],"categories":[53,43],"tags":[],"views":949,"_links":{"self":[{"href":"https:\/\/www.enerjigazetesi.ist\/en\/wp-json\/wp\/v2\/posts\/39100"}],"collection":[{"href":"https:\/\/www.enerjigazetesi.ist\/en\/wp-json\/wp\/v2\/posts"}],"about":[{"href":"https:\/\/www.enerjigazetesi.ist\/en\/wp-json\/wp\/v2\/types\/post"}],"author":[{"embeddable":true,"href":"https:\/\/www.enerjigazetesi.ist\/en\/wp-json\/wp\/v2\/users\/1"}],"replies":[{"embeddable":true,"href":"https:\/\/www.enerjigazetesi.ist\/en\/wp-json\/wp\/v2\/comments?post=39100"}],"version-history":[{"count":1,"href":"https:\/\/www.enerjigazetesi.ist\/en\/wp-json\/wp\/v2\/posts\/39100\/revisions"}],"predecessor-version":[{"id":39102,"href":"https:\/\/www.enerjigazetesi.ist\/en\/wp-json\/wp\/v2\/posts\/39100\/revisions\/39102"}],"wp:featuredmedia":[{"embeddable":true,"href":"https:\/\/www.enerjigazetesi.ist\/en\/wp-json\/wp\/v2\/media\/39101"}],"wp:attachment":[{"href":"https:\/\/www.enerjigazetesi.ist\/en\/wp-json\/wp\/v2\/media?parent=39100"}],"wp:term":[{"taxonomy":"category","embeddable":true,"href":"https:\/\/www.enerjigazetesi.ist\/en\/wp-json\/wp\/v2\/categories?post=39100"},{"taxonomy":"post_tag","embeddable":true,"href":"https:\/\/www.enerjigazetesi.ist\/en\/wp-json\/wp\/v2\/tags?post=39100"}],"curies":[{"name":"wp","href":"https:\/\/api.w.org\/{rel}","templated":true}]}}