{"id":39094,"date":"2015-05-08T14:25:33","date_gmt":"2015-05-08T11:25:33","guid":{"rendered":"https:\/\/www.enerjigazetesi.ist\/?p=39094"},"modified":"2015-05-23T15:02:14","modified_gmt":"2015-05-23T12:02:14","slug":"yildiz-enerji-sektoru-ekonomiden-daha-hizli-buyumek-zorunda","status":"publish","type":"post","link":"https:\/\/www.enerjigazetesi.ist\/en\/yildiz-enerji-sektoru-ekonomiden-daha-hizli-buyumek-zorunda\/","title":{"rendered":"(Turkish) Y\u0131ld\u0131z: \u201cEnerji Sekt\u00f6r\u00fc Ekonomiden Daha H\u0131zl\u0131 B\u00fcy\u00fcmek Zorunda!\u201d"},"content":{"rendered":"<p class=\"qtranxs-available-languages-message qtranxs-available-languages-message-en\">Sorry, this entry is only available in <a href=\"https:\/\/www.enerjigazetesi.ist\/tr\/wp-json\/wp\/v2\/posts\/39094\" class=\"qtranxs-available-language-link qtranxs-available-language-link-tr\" title=\"Turkish\">Turkish<\/a>. For the sake of viewer convenience, the content is shown below in the alternative language. You may click the link to switch the active language.<\/p><p><\/p>\n<p style=\"color: #000000;\"><strong>Y\u0131ld\u0131z, Enerji ve Tabii Kaynaklar Bakanl\u0131\u011f\u0131, T\u00dcB\u0130TAK ile Bilim, Sanayi ve Teknoloji Bakanl\u0131\u011f\u0131\u2019n\u0131n ortakla\u015fa hayata ge\u00e7irecekleri enerji projelerinin tan\u0131t\u0131m toplant\u0131s\u0131na kat\u0131ld\u0131.<\/strong><\/p>\n<p style=\"color: #000000;\">T\u00fcrkiye\u2019nin b\u00fct\u00fcn yerli kaynaklar\u0131n\u0131n, yenilenebilir enerji kaynaklar\u0131n\u0131n \u00f6n\u00fcn\u00fcn \u00e7ok h\u0131zl\u0131 bir \u015fekilde a\u00e7\u0131lmas\u0131 gerekti\u011fini belirten Y\u0131ld\u0131z, enerji sekt\u00f6r\u00fcn\u00fcn, \u00fclkenin ekonomik b\u00fcy\u00fcme rakamlar\u0131ndan daha h\u0131zl\u0131 b\u00fcy\u00fcmesi gerekti\u011fini <a href=\"https:\/\/www.enerjigazetesi.ist\/wp-content\/uploads\/2015\/05\/yildiz-enerji-sektoru-ekonomiden-daha-hizli-buyumek-zorunda.jpg\"><img loading=\"lazy\" class=\"alignright size-medium wp-image-39095\" src=\"https:\/\/www.enerjigazetesi.ist\/wp-content\/uploads\/2015\/05\/yildiz-enerji-sektoru-ekonomiden-daha-hizli-buyumek-zorunda-300x157.jpg\" alt=\"yildiz-enerji-sektoru-ekonomiden-daha-hizli-buyumek-zorunda\" width=\"300\" height=\"157\" srcset=\"https:\/\/www.enerjigazetesi.ist\/wp-content\/uploads\/2015\/05\/yildiz-enerji-sektoru-ekonomiden-daha-hizli-buyumek-zorunda-300x157.jpg 300w, https:\/\/www.enerjigazetesi.ist\/wp-content\/uploads\/2015\/05\/yildiz-enerji-sektoru-ekonomiden-daha-hizli-buyumek-zorunda-500x262.jpg 500w, https:\/\/www.enerjigazetesi.ist\/wp-content\/uploads\/2015\/05\/yildiz-enerji-sektoru-ekonomiden-daha-hizli-buyumek-zorunda-80x41.jpg 80w, https:\/\/www.enerjigazetesi.ist\/wp-content\/uploads\/2015\/05\/yildiz-enerji-sektoru-ekonomiden-daha-hizli-buyumek-zorunda.jpg 870w\" sizes=\"(max-width: 300px) 100vw, 300px\" \/><\/a>vurgulad\u0131.<span id=\"more-71428\"><\/span><\/p>\n<p style=\"color: #000000;\">\u00d6nceki y\u0131l enerji sekt\u00f6r\u00fcn\u00fcn kurulu g\u00fc\u00e7teki b\u00fcy\u00fcme rakam\u0131 y\u00fczde 11,4 oldu\u011funu hat\u0131rlatan Y\u0131ld\u0131z, \u201cGe\u00e7en y\u0131lda yine y\u00fczde 6\u2019lar civar\u0131nda. Bu y\u0131l benzer bir \u015fekilde bu rakam\u0131n olu\u015fmas\u0131n\u0131 bekliyoruz\u201d diye konu\u015ftu.<\/p>\n<p style=\"color: #000000;\">Yerli kaynaklar ve yerli \u00fcretim desteklenirken, cari a\u00e7\u0131\u011fa olumsuz etki yapacak yat\u0131r\u0131m harcamalar\u0131na dikkat edilmesi gerekti\u011fini belirten Bakan Y\u0131ld\u0131z, \u201cT\u00fcrkiye\u2019de yakla\u015f\u0131k y\u0131lda \u00fcretimi da\u011f\u0131t\u0131m\u0131 ve b\u00fct\u00fcn donan\u0131mlar\u0131yla beraber, yeri geliyor 12 milyar dolarl\u0131k, yeri geliyor 8-9 milyar dolarl\u0131k yat\u0131r\u0131m yap\u0131yoruz. Biz bu pazar\u0131, b\u00f6yle bir talebi olu\u015fturmu\u015fsak, arz\u0131n mutlaka milli kaynaklar\u0131m\u0131zla beraber olu\u015fmas\u0131 laz\u0131m\u201d ifadelerini kulland\u0131.<\/p>\n<p style=\"color: #000000;\">Y\u0131ld\u0131z, T\u00fcrkiye\u2019ye gelen yat\u0131r\u0131mc\u0131lar\u0131n Orta Do\u011fu ve Afrika\u2019n\u0131n da i\u00e7inde oldu\u011fu \u00e7ok geni\u015f bir pazar\u0131 hedefledi\u011fini dile getirdi. Avrupa Birli\u011fi\u2019ne kar\u015f\u0131 bir k\u0131s\u0131m anti-damping uygulamalar\u0131 nedeniyle baz\u0131 \u00fclkelerden yat\u0131r\u0131mc\u0131lar\u0131n gelerek T\u00fcrkiye\u2019de tesislerini kurdu\u011funu ifade eden Y\u0131ld\u0131z, bu nedenle pazar\u0131 yaln\u0131zca T\u00fcrkiye\u2019nin geli\u015fimi, b\u00fcy\u00fcmesi ve enerji hedefleri ile ayn\u0131 oranda g\u00f6rmemek gerekti\u011fine i\u015faret etti.<\/p>\n<p style=\"color: #000000;\">Yerli \u00fcretimin geli\u015fmesi i\u00e7in gerekirse ithal maliyetinin \u00fczerinde de olsa \u00fcretim yap\u0131labilece\u011fini s\u00f6yleyen Y\u0131ld\u0131z, \u201cYerli \u00fcretim yapmak laz\u0131msa, milli duru\u015f sergilemek laz\u0131msa, buna borcu olanlar yaln\u0131zca Enerji ve Sanayi Bakanl\u0131klar\u0131 de\u011fil. Akademisyenler, ayd\u0131nlar, \u00f6zel sekt\u00f6r, sanayiciler\u201d diye konu\u015ftu.<\/p>\n<p style=\"color: #000000;\">Kaynak: Enerji Enstit\u00fcs\u00fc<\/p>\n<p><\/p>","protected":false},"excerpt":{"rendered":"<p>Sorry, this entry is only available in Turkish. For the sake of viewer convenience, the content is shown below in the alternative language. You may click the link to switch the active language. Y\u0131ld\u0131z, Enerji ve Tabii Kaynaklar Bakanl\u0131\u011f\u0131, T\u00dcB\u0130TAK ile Bilim, Sanayi ve Teknoloji Bakanl\u0131\u011f\u0131\u2019n\u0131n ortakla\u015fa hayata ge\u00e7irecekleri enerji projelerinin tan\u0131t\u0131m toplant\u0131s\u0131na kat\u0131ld\u0131. T\u00fcrkiye\u2019nin [&hellip;]<\/p>\n","protected":false},"author":1,"featured_media":39095,"comment_status":"open","ping_status":"open","sticky":false,"template":"","format":"standard","meta":[],"categories":[53],"tags":[],"views":625,"_links":{"self":[{"href":"https:\/\/www.enerjigazetesi.ist\/en\/wp-json\/wp\/v2\/posts\/39094"}],"collection":[{"href":"https:\/\/www.enerjigazetesi.ist\/en\/wp-json\/wp\/v2\/posts"}],"about":[{"href":"https:\/\/www.enerjigazetesi.ist\/en\/wp-json\/wp\/v2\/types\/post"}],"author":[{"embeddable":true,"href":"https:\/\/www.enerjigazetesi.ist\/en\/wp-json\/wp\/v2\/users\/1"}],"replies":[{"embeddable":true,"href":"https:\/\/www.enerjigazetesi.ist\/en\/wp-json\/wp\/v2\/comments?post=39094"}],"version-history":[{"count":1,"href":"https:\/\/www.enerjigazetesi.ist\/en\/wp-json\/wp\/v2\/posts\/39094\/revisions"}],"predecessor-version":[{"id":39096,"href":"https:\/\/www.enerjigazetesi.ist\/en\/wp-json\/wp\/v2\/posts\/39094\/revisions\/39096"}],"wp:featuredmedia":[{"embeddable":true,"href":"https:\/\/www.enerjigazetesi.ist\/en\/wp-json\/wp\/v2\/media\/39095"}],"wp:attachment":[{"href":"https:\/\/www.enerjigazetesi.ist\/en\/wp-json\/wp\/v2\/media?parent=39094"}],"wp:term":[{"taxonomy":"category","embeddable":true,"href":"https:\/\/www.enerjigazetesi.ist\/en\/wp-json\/wp\/v2\/categories?post=39094"},{"taxonomy":"post_tag","embeddable":true,"href":"https:\/\/www.enerjigazetesi.ist\/en\/wp-json\/wp\/v2\/tags?post=39094"}],"curies":[{"name":"wp","href":"https:\/\/api.w.org\/{rel}","templated":true}]}}