{"id":39091,"date":"2015-05-08T14:21:30","date_gmt":"2015-05-08T11:21:30","guid":{"rendered":"https:\/\/www.enerjigazetesi.ist\/?p=39091"},"modified":"2015-05-23T15:02:22","modified_gmt":"2015-05-23T12:02:22","slug":"bakan-isik-milres-projesi-bitme-asamasina-geldi","status":"publish","type":"post","link":"https:\/\/www.enerjigazetesi.ist\/en\/bakan-isik-milres-projesi-bitme-asamasina-geldi\/","title":{"rendered":"(Turkish) Bakan I\u015f\u0131k: \u201cM\u0130LRES Projesi Bitme A\u015famas\u0131na Geldi&#8230;\u201d"},"content":{"rendered":"<p class=\"qtranxs-available-languages-message qtranxs-available-languages-message-en\">Sorry, this entry is only available in <a href=\"https:\/\/www.enerjigazetesi.ist\/tr\/wp-json\/wp\/v2\/posts\/39091\" class=\"qtranxs-available-language-link qtranxs-available-language-link-tr\" title=\"Turkish\">Turkish<\/a>. For the sake of viewer convenience, the content is shown below in the alternative language. You may click the link to switch the active language.<\/p><p><\/p>\n<p style=\"color: #000000;\"><strong>Bilim, Sanayi ve Teknoloji Bakan\u0131 Fikri I\u015f\u0131k, T\u00fcrkiye Bilimsel ve Teknolojik Ara\u015ft\u0131rma Kurumunda (T\u00dcB\u0130TAK) d\u00fczenlenen, Milli Enerji Projeleri Tan\u0131t\u0131m T\u00f6reni\u2019nde yapt\u0131\u011f\u0131 konu\u015fmada, \u201cM\u0130LRES projesi bitme a\u015famas\u0131na geldi. Milli r\u00fczgar santralini yeti\u015firse bu ay i\u00e7inde dikece\u011fiz\u201d dedi.<a href=\"https:\/\/www.enerjigazetesi.ist\/wp-content\/uploads\/2015\/05\/bakan-isik-milres-projesi-bitme-asamasina-geldi.jpg\"><img loading=\"lazy\" class=\"alignleft wp-image-39092 size-medium\" src=\"https:\/\/www.enerjigazetesi.ist\/wp-content\/uploads\/2015\/05\/bakan-isik-milres-projesi-bitme-asamasina-geldi-300x212.jpg\" alt=\"bakan-isik-milres-projesi-bitme-asamasina-geldi\" width=\"300\" height=\"212\" srcset=\"https:\/\/www.enerjigazetesi.ist\/wp-content\/uploads\/2015\/05\/bakan-isik-milres-projesi-bitme-asamasina-geldi-300x212.jpg 300w, https:\/\/www.enerjigazetesi.ist\/wp-content\/uploads\/2015\/05\/bakan-isik-milres-projesi-bitme-asamasina-geldi-500x354.jpg 500w, https:\/\/www.enerjigazetesi.ist\/wp-content\/uploads\/2015\/05\/bakan-isik-milres-projesi-bitme-asamasina-geldi-70x50.jpg 70w, https:\/\/www.enerjigazetesi.ist\/wp-content\/uploads\/2015\/05\/bakan-isik-milres-projesi-bitme-asamasina-geldi.jpg 800w\" sizes=\"(max-width: 300px) 100vw, 300px\" \/><\/a><\/strong><span id=\"more-71422\"><\/span><\/p>\n<p style=\"color: #000000;\">Enerji ve Tabii Kaynaklar Bakan\u0131 Taner Y\u0131ld\u0131z\u2019\u0131n da kat\u0131ld\u0131\u011f\u0131 t\u00f6rende, Milli G\u00fcne\u015f Enerjisi Santral Teknolojisi (M\u0130LGES), Milli Hidroelektrik Santral Teknolojisi (M\u0130LHES), Y\u00fcksek Gerilim Do\u011fru Ak\u0131m Teknolojisi ( YGDA) ve Milli T\u00fcrbin Kanad\u0131 Teknolojisi (M\u0130LKANAT) projeleri tan\u0131t\u0131ld\u0131.<\/p>\n<p style=\"color: #000000;\">M\u0130LGES, M\u0130LHES, YGDA ve M\u0130LKANAT projeleri d\u0131\u015f\u0131nda da Enerji ve Tabii Kaynaklar Bakanl\u0131\u011f\u0131 ile ba\u015fka projeler de geli\u015ftirdiklerini anlatan I\u015f\u0131k, \u201cMilli R\u00fczgar Enerji Sistemleri Geli\u015ftirilmesi ve Prototip T\u00fcrbin \u00dcretimi (M\u0130LRES) projesi bitme a\u015famas\u0131na geldi, yak\u0131nda in\u015fallah dire\u011fe dikece\u011fiz. Kapasitesi 1,5 megavata kadar rahatl\u0131kla \u00e7\u0131kar\u0131labilen milli r\u00fczgar santralini yeti\u015firse bu ay i\u00e7inde dire\u011fe dikece\u011fiz ve ilk milli r\u00fczgar t\u00fcrbini, r\u00fczgar enerjisi \u00fcretmeye ba\u015flayacak\u201d diye konu\u015ftu.<\/p>\n<p style=\"color: #000000;\">Kaynak: Enerji Enstit\u00fcs\u00fc<\/p>\n<p><\/p>","protected":false},"excerpt":{"rendered":"<p>Sorry, this entry is only available in Turkish. For the sake of viewer convenience, the content is shown below in the alternative language. You may click the link to switch the active language. Bilim, Sanayi ve Teknoloji Bakan\u0131 Fikri I\u015f\u0131k, T\u00fcrkiye Bilimsel ve Teknolojik Ara\u015ft\u0131rma Kurumunda (T\u00dcB\u0130TAK) d\u00fczenlenen, Milli Enerji Projeleri Tan\u0131t\u0131m T\u00f6reni\u2019nde yapt\u0131\u011f\u0131 konu\u015fmada, [&hellip;]<\/p>\n","protected":false},"author":1,"featured_media":39092,"comment_status":"open","ping_status":"open","sticky":false,"template":"","format":"standard","meta":[],"categories":[53,50],"tags":[],"views":1042,"_links":{"self":[{"href":"https:\/\/www.enerjigazetesi.ist\/en\/wp-json\/wp\/v2\/posts\/39091"}],"collection":[{"href":"https:\/\/www.enerjigazetesi.ist\/en\/wp-json\/wp\/v2\/posts"}],"about":[{"href":"https:\/\/www.enerjigazetesi.ist\/en\/wp-json\/wp\/v2\/types\/post"}],"author":[{"embeddable":true,"href":"https:\/\/www.enerjigazetesi.ist\/en\/wp-json\/wp\/v2\/users\/1"}],"replies":[{"embeddable":true,"href":"https:\/\/www.enerjigazetesi.ist\/en\/wp-json\/wp\/v2\/comments?post=39091"}],"version-history":[{"count":1,"href":"https:\/\/www.enerjigazetesi.ist\/en\/wp-json\/wp\/v2\/posts\/39091\/revisions"}],"predecessor-version":[{"id":39093,"href":"https:\/\/www.enerjigazetesi.ist\/en\/wp-json\/wp\/v2\/posts\/39091\/revisions\/39093"}],"wp:featuredmedia":[{"embeddable":true,"href":"https:\/\/www.enerjigazetesi.ist\/en\/wp-json\/wp\/v2\/media\/39092"}],"wp:attachment":[{"href":"https:\/\/www.enerjigazetesi.ist\/en\/wp-json\/wp\/v2\/media?parent=39091"}],"wp:term":[{"taxonomy":"category","embeddable":true,"href":"https:\/\/www.enerjigazetesi.ist\/en\/wp-json\/wp\/v2\/categories?post=39091"},{"taxonomy":"post_tag","embeddable":true,"href":"https:\/\/www.enerjigazetesi.ist\/en\/wp-json\/wp\/v2\/tags?post=39091"}],"curies":[{"name":"wp","href":"https:\/\/api.w.org\/{rel}","templated":true}]}}