{"id":39088,"date":"2015-05-08T14:18:12","date_gmt":"2015-05-08T11:18:12","guid":{"rendered":"https:\/\/www.enerjigazetesi.ist\/?p=39088"},"modified":"2015-05-23T15:02:27","modified_gmt":"2015-05-23T12:02:27","slug":"appledan-dev-iklim-degisikligi-harekati","status":"publish","type":"post","link":"https:\/\/www.enerjigazetesi.ist\/en\/appledan-dev-iklim-degisikligi-harekati\/","title":{"rendered":"(Turkish) Apple\u2019dan Dev \u2018\u0130klim De\u011fi\u015fikli\u011fi\u2019 Harekat\u0131!"},"content":{"rendered":"<p class=\"qtranxs-available-languages-message qtranxs-available-languages-message-en\">Sorry, this entry is only available in <a href=\"https:\/\/www.enerjigazetesi.ist\/tr\/wp-json\/wp\/v2\/posts\/39088\" class=\"qtranxs-available-language-link qtranxs-available-language-link-tr\" title=\"Turkish\">Turkish<\/a>. For the sake of viewer convenience, the content is shown below in the alternative language. You may click the link to switch the active language.<\/p><p><strong>Her y\u0131l milyonlarca \u00fcr\u00fcn\u00fc kullan\u0131c\u0131yla bulu\u015fturarak \u2018karbon ayak izleri\u2019 b\u0131rakt\u0131\u011f\u0131n\u0131 belirten Apple, \u201c\u0130klim de\u011fi\u015fikli\u011fini tart\u0131\u015fmak istemiyoruz. Onu durdurmak istiyoruz.\u201d sloganl\u0131 dev bir harekat ba\u015flatt\u0131.<\/strong><\/p>\n<p>Do\u011faya kar\u015f\u0131 b\u00fcy\u00fck bir sosyal sorumluluk projesine imza atan teknoloji devi Apple, \u00e7evre duyarl\u0131l\u0131\u011f\u0131yla da b\u00fcy\u00fck takdir topluyor. \u201cY\u00fcz milyonlarca \u00fcr\u00fcn\u00fc tasarlamak, montaj\u0131n\u0131 ve da\u011f\u0131t\u0131m\u0131n\u0131 yapmak, inan\u0131lmaz miktarda enerji <a href=\"https:\/\/www.enerjigazetesi.ist\/wp-content\/uploads\/2015\/05\/appledan-dev-iklim-degisikligi-harekati.jpg\"><img loading=\"lazy\" class=\"alignright size-medium wp-image-39089\" src=\"https:\/\/www.enerjigazetesi.ist\/wp-content\/uploads\/2015\/05\/appledan-dev-iklim-degisikligi-harekati-300x163.jpg\" alt=\"appledan-dev-iklim-degisikligi-harekati\" width=\"300\" height=\"163\" srcset=\"https:\/\/www.enerjigazetesi.ist\/wp-content\/uploads\/2015\/05\/appledan-dev-iklim-degisikligi-harekati-300x163.jpg 300w, https:\/\/www.enerjigazetesi.ist\/wp-content\/uploads\/2015\/05\/appledan-dev-iklim-degisikligi-harekati-500x271.jpg 500w, https:\/\/www.enerjigazetesi.ist\/wp-content\/uploads\/2015\/05\/appledan-dev-iklim-degisikligi-harekati-80x43.jpg 80w, https:\/\/www.enerjigazetesi.ist\/wp-content\/uploads\/2015\/05\/appledan-dev-iklim-degisikligi-harekati.jpg 738w\" sizes=\"(max-width: 300px) 100vw, 300px\" \/><\/a>gerektiriyor. Bu enerji, karbon ayak izimizi, yani iklim de\u011fi\u015fikli\u011fi sorunundaki pay\u0131m\u0131z\u0131 olu\u015fturuyor\u201d diyen Apple, bu paya d\u00fc\u015fen sorumlulu\u011funu y\u00fczde 100 yenilenebilir enerjiyle \u00e7al\u0131\u015fan tesisler in\u015fa ederek \u00fcstleniyor.<\/p>\n<p><strong>\u00c7evreye verilen t\u00fcm zarar\u0131 raporluyor<\/strong><\/p>\n<p>\u00d6zellikle \u00fcretim a\u015famas\u0131nda \u00e7evreye yay\u0131lan karbon emisyonlar\u0131n\u0131 b\u00fcy\u00fck bir titizlikle \u00f6l\u00e7en Apple, dolayl\u0131 ya da dolays\u0131z olarak \u00e7evreye verilen t\u00fcm zarar\u0131 raporluyor. Apple konuyla ilgili olarak resmi internet sitesinde \u015fu a\u00e7\u0131klamalara yer veriyor: \u201cOfislerimiz, ma\u011fazalar\u0131m\u0131z ve \u00fcr\u00fcnlerimiz gibi do\u011frudan kontrol\u00fcm\u00fczde olan \u015feylerin etkisini azaltmakta ger\u00e7ek bir ilerleme kaydettik. Ancak, tedarik zincirimizin karbon ayak izini azaltmak i\u00e7in yap\u0131lmas\u0131 gereken daha pek \u00e7ok i\u015f var. Ve bu \u00e7abaya \u00f6nc\u00fcl\u00fck etmek, bizim sorumlulu\u011fumuz.\u201d<\/p>\n<p><strong>Tedarik zincirinin zarar\u0131 bile raporlan\u0131yor<\/strong><\/p>\n<p>\u00c7evre \u00fczerindeki etkileri \u00f6l\u00e7me ve bununla ilgili sorumlulu\u011fu \u00fcstlenme konusunda kapsaml\u0131 bir yakla\u015f\u0131m izlediklerini belirten ABD\u2019li teknoloji devi, \u201cA\u00e7\u0131k\u00e7as\u0131, karbon emisyonlar\u0131n\u0131 \u00f6l\u00e7me, denetleme ve kamuya a\u00e7\u0131klama konusunda bu kadar ileri giden ba\u015fka bir \u015firket daha bilmiyoruz. Yaln\u0131zca sahip oldu\u011fumuz tesislerdeki karbon ayak izimizi de\u011fil, tedarik zincirimize ait karbon ayak izini de rapor ediyoruz. \u00dcstelik, genelle\u015ftirilmi\u015f end\u00fcstri standard\u0131 \u00f6l\u00e7\u00fcm y\u00f6ntemlerinin yerine, \u00fcr\u00fcnlerimizin \u00f6mr\u00fcn\u00fcn tamam\u0131na yay\u0131lan karbon ayak izini \u00f6l\u00e7en, kapsaml\u0131 bir \u00fcr\u00fcn \u00f6mr\u00fc analizi kullan\u0131yor\u201d diyor.<\/p>\n<p><strong>2008\u2019den bu yana istikrarl\u0131 d\u00fc\u015f\u00fc\u015f<\/strong><\/p>\n<p>Apple, konuyla ilgili a\u00e7\u0131klamas\u0131nda \u015fu c\u00fcmlelere yer veriyor: \u201cToplam karbon ayak izimizin 2013 y\u0131l\u0131ndan 2014 y\u0131l\u0131na kadar artmas\u0131n\u0131n ard\u0131ndaki \u00f6nemli bir etken, \u00f6zellikle iPhone, MacBook Pro ve MacBook Air olmak \u00fczere her zamankinden daha fazla \u00fcr\u00fcn satm\u0131\u015f olmam\u0131z. \u00dcretti\u011fimiz \u00fcr\u00fcnlerin miktar\u0131 art\u0131yor olmas\u0131na ra\u011fmen, bu \u00fcr\u00fcnlerin \u00fcretimi ve kullan\u0131m\u0131yla ili\u015fkili karbon yo\u011funlu\u011funu azalt\u0131yoruz. Karbon emisyonlar\u0131n\u0131n elde etti\u011fimiz gelire oran\u0131, 2008 y\u0131l\u0131ndan beri her y\u0131l istikrarl\u0131 bir bi\u00e7imde d\u00fc\u015f\u00fcyor.\u201d<\/p>\n<p><strong>\u201cKararl\u0131y\u0131z, h\u0131zla yol al\u0131yoruz\u201d<\/strong><\/p>\n<p>2013 y\u0131l\u0131ndan 2014 y\u0131l\u0131na, \u00fcr\u00fcnlerimizin enerji verimlili\u011finin artmas\u0131 sayesinde, \u00fcr\u00fcn kullan\u0131m\u0131yla ba\u011flant\u0131l\u0131 emisyonlarda y\u00fczde 7\u2019lik bir d\u00fc\u015f\u00fc\u015f g\u00f6rd\u00fcklerini belirten Apple, ayn\u0131 d\u00f6nemde, iOS ayg\u0131tlar\u0131 ve diz\u00fcst\u00fc bilgisayarlar\u0131n\u0131n artan bellekleri ve depolama kapasitelerinin \u00fcretim ihtiya\u00e7lar\u0131na ba\u011fl\u0131 olarak, \u00fcretim emisyonlar\u0131nda y\u00fczde 5\u2019lik bir art\u0131\u015f oldu\u011funu vurguluyor. Apple ayr\u0131ca konuyla ilgili olarak verdi\u011fi bilgilerde, \u201cH\u0131zla yol al\u0131yoruz. \u00dcretim s\u00fcrecimizin \u00e7evre \u00fczerindeki etkisini azaltmaya kararl\u0131y\u0131z\u201d c\u00fcmlesine de yer veriyor.<\/p>\n<p><strong>50 bin \u00e7al\u0131\u015fan\u0131 ve 450 Apple Store\u2019u kaps\u0131yor<\/strong><\/p>\n<p>Enerji tasarrufu sa\u011flayan bir tesisten ziyade y\u00fczde 100 yenilenebilir enerjiyle \u00e7al\u0131\u015fan bir tesisin \u00e7ok daha iyi oldu\u011funu belirten Apple \u015f\u00f6yle devam ediyor: \u201c2014 y\u0131l\u0131 itibar\u0131yla, ABD\u2019deki faaliyetlerimizin y\u00fczde 100\u2019\u00fcn\u00fcn ve d\u00fcnya genelindeki faaliyetlerimizin y\u00fczde 87\u2019sinin g\u00fc\u00e7 ihtiyac\u0131, yenilenebilir enerjiden sa\u011flan\u0131yor. Bunun sonucunda da, karbon emisyonlar\u0131m\u0131z azal\u0131yor. D\u00fcnya genelindeki bu operasyonlar\u0131m\u0131z, t\u00fcm veri merkezlerimizi, yakla\u015f\u0131k 50 bin \u00e7al\u0131\u015fana ev sahipli\u011fi yapan t\u00fcm kurumsal ofislerimizi ve d\u00fcnyan\u0131n d\u00f6rt bir yan\u0131ndaki 450\u2019den fazla Apple Store\u2019u i\u00e7eriyor.\u201d<\/p>\n<p><strong>Hedef t\u00fcm enerjinin yenilenebilir olmas\u0131<\/strong><\/p>\n<p>\u201cAma bizim hedefimiz, t\u00fcm operasyonlar\u0131m\u0131z\u0131n g\u00fc\u00e7 ihtiyac\u0131n\u0131 yenilenebilir enerjiden kar\u015f\u0131lamak. Bu y\u00fczden, g\u00fcne\u015f, r\u00fczgar, mikro-hidro, biyogaz yak\u0131t pilleri ve jeotermal kaynaklardan gelen enerjiden yararlan\u0131yoruz. Hem mevcut binalar\u0131m\u0131z\u0131 hem de yeni bina projelerimizi, m\u00fcmk\u00fcn oldu\u011funca az elektrik kullanacak \u015fekilde tasarl\u0131yoruz. Ve yenilenebilir enerji kaynaklar\u0131 sa\u011flamak i\u00e7in, kendi tesislerimizde enerji \u00fcretimine y\u00f6nelik yat\u0131r\u0131mlar yapman\u0131n yan\u0131 s\u0131ra \u00fc\u00e7\u00fcnc\u00fc taraf enerji tedarik\u00e7ileriyle de i\u015f birli\u011fi yap\u0131yoruz.\u201d<\/p>\n<p>Kaynak:\u00a0<a style=\"color: #c75615;\" href=\"https:\/\/www.trtturk.com\/haber\/apple-dan-dev-iklim-degisikligi-harekati-128857.html\" target=\"_blank\">TRT T\u00fcrk<\/a><\/p>","protected":false},"excerpt":{"rendered":"<p>Sorry, this entry is only available in Turkish. For the sake of viewer convenience, the content is shown below in the alternative language. You may click the link to switch the active language.Her y\u0131l milyonlarca \u00fcr\u00fcn\u00fc kullan\u0131c\u0131yla bulu\u015fturarak \u2018karbon ayak izleri\u2019 b\u0131rakt\u0131\u011f\u0131n\u0131 belirten Apple, \u201c\u0130klim de\u011fi\u015fikli\u011fini tart\u0131\u015fmak istemiyoruz. Onu durdurmak istiyoruz.\u201d sloganl\u0131 dev bir harekat [&hellip;]<\/p>\n","protected":false},"author":1,"featured_media":39089,"comment_status":"open","ping_status":"open","sticky":false,"template":"","format":"standard","meta":[],"categories":[53],"tags":[],"views":584,"_links":{"self":[{"href":"https:\/\/www.enerjigazetesi.ist\/en\/wp-json\/wp\/v2\/posts\/39088"}],"collection":[{"href":"https:\/\/www.enerjigazetesi.ist\/en\/wp-json\/wp\/v2\/posts"}],"about":[{"href":"https:\/\/www.enerjigazetesi.ist\/en\/wp-json\/wp\/v2\/types\/post"}],"author":[{"embeddable":true,"href":"https:\/\/www.enerjigazetesi.ist\/en\/wp-json\/wp\/v2\/users\/1"}],"replies":[{"embeddable":true,"href":"https:\/\/www.enerjigazetesi.ist\/en\/wp-json\/wp\/v2\/comments?post=39088"}],"version-history":[{"count":1,"href":"https:\/\/www.enerjigazetesi.ist\/en\/wp-json\/wp\/v2\/posts\/39088\/revisions"}],"predecessor-version":[{"id":39090,"href":"https:\/\/www.enerjigazetesi.ist\/en\/wp-json\/wp\/v2\/posts\/39088\/revisions\/39090"}],"wp:featuredmedia":[{"embeddable":true,"href":"https:\/\/www.enerjigazetesi.ist\/en\/wp-json\/wp\/v2\/media\/39089"}],"wp:attachment":[{"href":"https:\/\/www.enerjigazetesi.ist\/en\/wp-json\/wp\/v2\/media?parent=39088"}],"wp:term":[{"taxonomy":"category","embeddable":true,"href":"https:\/\/www.enerjigazetesi.ist\/en\/wp-json\/wp\/v2\/categories?post=39088"},{"taxonomy":"post_tag","embeddable":true,"href":"https:\/\/www.enerjigazetesi.ist\/en\/wp-json\/wp\/v2\/tags?post=39088"}],"curies":[{"name":"wp","href":"https:\/\/api.w.org\/{rel}","templated":true}]}}