{"id":39085,"date":"2015-05-08T14:10:39","date_gmt":"2015-05-08T11:10:39","guid":{"rendered":"https:\/\/www.enerjigazetesi.ist\/?p=39085"},"modified":"2015-05-23T15:02:41","modified_gmt":"2015-05-23T12:02:41","slug":"bakan-yildizdan-akkuyu-nukleer-santrali-aciklamasi","status":"publish","type":"post","link":"https:\/\/www.enerjigazetesi.ist\/en\/bakan-yildizdan-akkuyu-nukleer-santrali-aciklamasi\/","title":{"rendered":"(Turkish) Bakan Y\u0131ld\u0131z\u2019dan Akkuyu N\u00fckleer Santrali A\u00e7\u0131klamas\u0131&#8230;"},"content":{"rendered":"<p class=\"qtranxs-available-languages-message qtranxs-available-languages-message-en\">Sorry, this entry is only available in <a href=\"https:\/\/www.enerjigazetesi.ist\/tr\/wp-json\/wp\/v2\/posts\/39085\" class=\"qtranxs-available-language-link qtranxs-available-language-link-tr\" title=\"Turkish\">Turkish<\/a>. For the sake of viewer convenience, the content is shown below in the alternative language. You may click the link to switch the active language.<\/p><p><\/p>\n<p style=\"color: #000000;\"><strong>Enerji ve Tabii Kaynaklar Bakan\u0131 Taner Y\u0131ld\u0131z, Akkuyu N\u00fckleer Santrali ile ilgili Uluslararas\u0131 Atom Enerjisi Ajans\u0131 taraf\u0131ndan haz\u0131rlanan raporun mahkemeye verilmemesine ili\u015fkin, \u201cHukuka taraf olabilecek, hukuki ba\u011flay\u0131c\u0131l\u0131\u011f\u0131 olan bir rapor da de\u011fildir. 2013 y\u0131l\u0131n\u0131n sonunda haz\u0131rlanan tespit raporu \u015fu anda g\u00fcncelli\u011fini bile yitirdi\u201d dedi.<\/strong><span id=\"more-71418\"><\/span><\/p>\n<p style=\"color: #000000;\">T\u00dcB\u0130TAK Enerji Projeleri Milli G\u00fcne\u015f Enerjisi Santral Teknolojisi (M\u0130LGES), Milli Hidroelektrik Santral Teknolojisi (M\u0130LHES), Y\u00fcksek Gerilim Do\u011fru Ak\u0131m Teknolojisi (YGDA), Milli T\u00fcrbin Kanad\u0131 Teknolojisi (M\u0130LKANA<a href=\"https:\/\/www.enerjigazetesi.ist\/wp-content\/uploads\/2015\/05\/bakan-yildizdan-akkuyu-nukleer-santrali-aciklamasi.jpg\"><img loading=\"lazy\" class=\"alignleft wp-image-39086 size-medium\" src=\"https:\/\/www.enerjigazetesi.ist\/wp-content\/uploads\/2015\/05\/bakan-yildizdan-akkuyu-nukleer-santrali-aciklamasi-300x178.jpg\" alt=\"bakan-yildizdan-akkuyu-nukleer-santrali-aciklamasi\" width=\"300\" height=\"178\" srcset=\"https:\/\/www.enerjigazetesi.ist\/wp-content\/uploads\/2015\/05\/bakan-yildizdan-akkuyu-nukleer-santrali-aciklamasi-300x178.jpg 300w, https:\/\/www.enerjigazetesi.ist\/wp-content\/uploads\/2015\/05\/bakan-yildizdan-akkuyu-nukleer-santrali-aciklamasi-500x296.jpg 500w, https:\/\/www.enerjigazetesi.ist\/wp-content\/uploads\/2015\/05\/bakan-yildizdan-akkuyu-nukleer-santrali-aciklamasi-80x47.jpg 80w, https:\/\/www.enerjigazetesi.ist\/wp-content\/uploads\/2015\/05\/bakan-yildizdan-akkuyu-nukleer-santrali-aciklamasi.jpg 650w\" sizes=\"(max-width: 300px) 100vw, 300px\" \/><\/a>T) ba\u015flang\u0131\u00e7 t\u00f6reninin ard\u0131ndan Enerji ve Tabii Kaynaklar Bakan\u0131 Taner Y\u0131ld\u0131z ve Bilim, Sanayi ve Teknoloji Bakan\u0131 Fikri I\u015f\u0131k gazetecilerin sorular\u0131n\u0131 cevaplad\u0131. Bir gazetecinin \u0130\u00e7el\u2019deki Akkuyu N\u00fckleer Santrali ile ilgili Uluslararas\u0131 Atom Enerjisi Ajans\u0131 taraf\u0131ndan haz\u0131rlanan raporu Enerji Bakanl\u0131\u011f\u0131\u2019n\u0131n mahkemeye vermedi\u011fi, gizledi\u011fi y\u00f6n\u00fcndeki haberlerin sorulmas\u0131 \u00fczerine Bakan Y\u0131ld\u0131z, \u201cBizim g\u00f6n\u00fcll\u00fc olarak \u015fuana kadar T\u00fcrkiye\u2019de n\u00fckleer g\u00fc\u00e7 santralleriyle alakal\u0131 40 y\u0131ll\u0131k ser\u00fcven ilk defa fiili duruma ge\u00e7iriliyor.<\/p>\n<p style=\"color: #000000;\">3.1 milyar dolarl\u0131k \u015fuana kadar gelen sermaye bir \u015fekliyle art\u0131k harcamalar\u0131n\u0131 yap\u0131yor, ihalelerini yap\u0131yor. Biz \u00f6zellikle Uluslararas\u0131 Atom Enerji Ajans\u0131\u2019ndan g\u00f6n\u00fcll\u00fc olarak T\u00fcrkiye\u2019deki durumun bir tespitinin yap\u0131lmas\u0131n\u0131 istedik. Kendileri 31 \u00fclkede bu operasyonlarla alakal\u0131 tespitler yap\u0131yorlar. Bu rapor bir denetim raporu de\u011fildir. Bizim istedi\u011fimiz bir tespit raporudur. O y\u00fczden bunu baz\u0131 \u00fclkeler a\u00e7\u0131klarlar, baz\u0131 \u00fclkeler a\u00e7\u0131klamazlar. Her a\u00e7\u0131klanmayan konunun gizlilik ifade etti\u011fini s\u00f6ylemek bence kasta mahsus bir \u015feydir. Burada n\u00fckleer g\u00fc\u00e7 santrallerinin yap\u0131lmas\u0131na mani olacak, ona kar\u015f\u0131 duru\u015fu farkl\u0131 \u00fcsluplarla farkl\u0131 \u00e7evreler tahrik ediyorlar\u201d dedi.<\/p>\n<p style=\"color: #000000;\">\u201cBug\u00fcn \u00c7ED ile alakal\u0131 a\u00e7\u0131lan bir davan\u0131n konusu bu tespit raporu de\u011fildir\u201d diyen Y\u0131ld\u0131z, \u201cHukuka taraf olabilecek, hukuki ba\u011flay\u0131c\u0131l\u0131\u011f\u0131 olan bir rapor da de\u011fildir. O y\u00fczden bununla alakal\u0131 bir gizem olu\u015fturmaya \u00e7al\u0131\u015f\u0131lmak son derece yanl\u0131d\u0131r, kas\u0131tl\u0131d\u0131r. Bu raporda \u00c7ED biran \u00f6nce \u00e7\u0131ks\u0131n diyor. Kanuni d\u00fczenlemeler yap\u0131lmam\u0131\u015ft\u0131r diyor. Kanuni d\u00fczenlemeler g\u00f6nderdik. Hatta proje Uygulama Daire Ba\u015fkanl\u0131\u011f\u0131 mutlaka daha da geli\u015ftirilmelidir deniyor. Onu Ba\u015fbakanl\u0131\u011fa g\u00f6nderdik. Bir firman\u0131n tutulmas\u0131 laz\u0131m in\u015faat uygulamalar\u0131yla alakal\u0131. \u00c7ek Cumhuriyeti\u2019nden bir firma bunu kazand\u0131. 2013 y\u0131l\u0131n\u0131n sonunda haz\u0131rlanan tespit raporu \u015fuanda g\u00fcncelli\u011fini bile yitirdi. Bizim o rapordan kar\u015f\u0131l\u0131\u011f\u0131n\u0131 verdi\u011fimiz \u00e7ok nokta var. Bu raporun hi\u00e7 alakas\u0131 olmayan \u00c7ED s\u00fcreciyle alakal\u0131 mahkemeye verilmiyor olmas\u0131n\u0131n n\u00fckleerle alakal\u0131 herhangi bir \u015feyi sakl\u0131yor intiba\u0131n\u0131 olu\u015fturmak, bir gizem olu\u015fturmak yanl\u0131\u015ft\u0131r\u201d de\u011ferlendirmesini yapt\u0131.<\/p>\n<p style=\"color: #000000;\">Kaynak: Enerji Enstit\u00fcs\u00fc<\/p>\n<p><\/p>","protected":false},"excerpt":{"rendered":"<p>Sorry, this entry is only available in Turkish. For the sake of viewer convenience, the content is shown below in the alternative language. You may click the link to switch the active language. Enerji ve Tabii Kaynaklar Bakan\u0131 Taner Y\u0131ld\u0131z, Akkuyu N\u00fckleer Santrali ile ilgili Uluslararas\u0131 Atom Enerjisi Ajans\u0131 taraf\u0131ndan haz\u0131rlanan raporun mahkemeye verilmemesine ili\u015fkin, [&hellip;]<\/p>\n","protected":false},"author":1,"featured_media":39086,"comment_status":"open","ping_status":"open","sticky":false,"template":"","format":"standard","meta":[],"categories":[53,43],"tags":[],"views":832,"_links":{"self":[{"href":"https:\/\/www.enerjigazetesi.ist\/en\/wp-json\/wp\/v2\/posts\/39085"}],"collection":[{"href":"https:\/\/www.enerjigazetesi.ist\/en\/wp-json\/wp\/v2\/posts"}],"about":[{"href":"https:\/\/www.enerjigazetesi.ist\/en\/wp-json\/wp\/v2\/types\/post"}],"author":[{"embeddable":true,"href":"https:\/\/www.enerjigazetesi.ist\/en\/wp-json\/wp\/v2\/users\/1"}],"replies":[{"embeddable":true,"href":"https:\/\/www.enerjigazetesi.ist\/en\/wp-json\/wp\/v2\/comments?post=39085"}],"version-history":[{"count":1,"href":"https:\/\/www.enerjigazetesi.ist\/en\/wp-json\/wp\/v2\/posts\/39085\/revisions"}],"predecessor-version":[{"id":39087,"href":"https:\/\/www.enerjigazetesi.ist\/en\/wp-json\/wp\/v2\/posts\/39085\/revisions\/39087"}],"wp:featuredmedia":[{"embeddable":true,"href":"https:\/\/www.enerjigazetesi.ist\/en\/wp-json\/wp\/v2\/media\/39086"}],"wp:attachment":[{"href":"https:\/\/www.enerjigazetesi.ist\/en\/wp-json\/wp\/v2\/media?parent=39085"}],"wp:term":[{"taxonomy":"category","embeddable":true,"href":"https:\/\/www.enerjigazetesi.ist\/en\/wp-json\/wp\/v2\/categories?post=39085"},{"taxonomy":"post_tag","embeddable":true,"href":"https:\/\/www.enerjigazetesi.ist\/en\/wp-json\/wp\/v2\/tags?post=39085"}],"curies":[{"name":"wp","href":"https:\/\/api.w.org\/{rel}","templated":true}]}}