{"id":39082,"date":"2015-05-08T14:04:58","date_gmt":"2015-05-08T11:04:58","guid":{"rendered":"https:\/\/www.enerjigazetesi.ist\/?p=39082"},"modified":"2015-05-23T15:02:50","modified_gmt":"2015-05-23T12:02:50","slug":"gazpromun-ceosu-turk-akimini-gorusmek-icin-ankaraya-geliyor","status":"publish","type":"post","link":"https:\/\/www.enerjigazetesi.ist\/en\/gazpromun-ceosu-turk-akimini-gorusmek-icin-ankaraya-geliyor\/","title":{"rendered":"(Turkish) Gazprom\u2019un CEO\u2019su T\u00fcrk Ak\u0131m\u0131n\u0131 G\u00f6r\u00fc\u015fmek \u0130\u00e7in Ankara\u2019ya Geliyor!"},"content":{"rendered":"<p class=\"qtranxs-available-languages-message qtranxs-available-languages-message-en\">Sorry, this entry is only available in <a href=\"https:\/\/www.enerjigazetesi.ist\/tr\/wp-json\/wp\/v2\/posts\/39082\" class=\"qtranxs-available-language-link qtranxs-available-language-link-tr\" title=\"Turkish\">Turkish<\/a>. For the sake of viewer convenience, the content is shown below in the alternative language. You may click the link to switch the active language.<\/p><p><strong>Rus enerji devi Gazprom\u2019un CEO\u2019su Alexey Miller, Rusya\u2019n\u0131n Karadeniz\u2019in alt\u0131ndan T\u00fcrkiye\u2019ye do\u011falgaz ta\u015f\u0131mak i\u00e7in planlad\u0131\u011f\u0131 T\u00fcrk Ak\u0131m\u0131 hatt\u0131 ve T\u00fcrkiye\u2019nin ald\u0131\u011f\u0131 gaz\u0131n fiyatlar\u0131n\u0131 g\u00f6r\u00fc\u015fmek \u00fczere bug\u00fcn Ankara\u2019ya geliyor.<\/strong><span id=\"more-71417\"><\/span><\/p>\n<p>Gazprom\u2019dan bir heyetin sabah saatlerinde T\u00fcrkiye\u2019ye geldi\u011fini ve g\u00f6r\u00fc\u015fmelerin ba\u015flad\u0131\u011f\u0131n\u0131, ana g\u00fcndemin T\u00fcrk Ak\u0131m\u0131 hatt\u0131 konusundaki geli\u015fmeler ile do\u011falgaz fiyatlar\u0131ndaki indirimin oldu\u011funu bildirildi.<a href=\"https:\/\/www.enerjigazetesi.ist\/wp-content\/uploads\/2015\/05\/gazpromun-ceosu-turk-akimini-gorusmek-icin-ankaraya-geliyor.jpg\"><img loading=\"lazy\" class=\"alignright size-medium wp-image-39083\" src=\"https:\/\/www.enerjigazetesi.ist\/wp-content\/uploads\/2015\/05\/gazpromun-ceosu-turk-akimini-gorusmek-icin-ankaraya-geliyor-300x157.jpg\" alt=\"gazpromun-ceosu-turk-akimini-gorusmek-icin-ankaraya-geliyor\" width=\"300\" height=\"157\" srcset=\"https:\/\/www.enerjigazetesi.ist\/wp-content\/uploads\/2015\/05\/gazpromun-ceosu-turk-akimini-gorusmek-icin-ankaraya-geliyor-300x157.jpg 300w, https:\/\/www.enerjigazetesi.ist\/wp-content\/uploads\/2015\/05\/gazpromun-ceosu-turk-akimini-gorusmek-icin-ankaraya-geliyor-500x262.jpg 500w, https:\/\/www.enerjigazetesi.ist\/wp-content\/uploads\/2015\/05\/gazpromun-ceosu-turk-akimini-gorusmek-icin-ankaraya-geliyor-80x41.jpg 80w, https:\/\/www.enerjigazetesi.ist\/wp-content\/uploads\/2015\/05\/gazpromun-ceosu-turk-akimini-gorusmek-icin-ankaraya-geliyor.jpg 870w\" sizes=\"(max-width: 300px) 100vw, 300px\" \/><\/a><\/p>\n<p>Rusya Devlet Ba\u015fkan\u0131 Vladimir Putin\u2019in ge\u00e7en y\u0131l Aral\u0131k ay\u0131nda yapt\u0131\u011f\u0131 Ankara ziyareti s\u0131ras\u0131nda g\u00fcndeme gelen G\u00fcney Ak\u0131m do\u011falgaz boru hatt\u0131 projesinin iptal edilerek yerine Rusya\u2019dan ba\u015flay\u0131p Trakya\u2019da karaya \u00e7\u0131kacak 63 milyar metrek\u00fcpl\u00fck gaz hatt\u0131 yap\u0131lmas\u0131 g\u00fcndeme geldi.<\/p>\n<p>T\u00fcrkiye, Rusya\u2019n\u0131n \u00f6nerdi\u011fi boru hatt\u0131 konusunda halen nihai karar\u0131n\u0131 vermezken, Rusya hatt\u0131n 2016 y\u0131l\u0131 Aral\u0131k ay\u0131nda ilk a\u015famas\u0131n\u0131n hayata ge\u00e7irilmesini istedi\u011fi hatt\u0131n in\u015fas\u0131 i\u00e7in \u00e7al\u0131\u015fmalara ba\u015flanmas\u0131 gerekiyor.<\/p>\n<p>T\u00fcrkiye\u2019nin y\u0131ll\u0131k 50 milyar metrek\u00fcpl\u00fck do\u011falgaz t\u00fcketiminde en b\u00fcy\u00fck tedarik\u00e7isi olan Rusya ile do\u011falgaz fiyatlar\u0131 konusunda da baz\u0131 g\u00f6r\u00fc\u015fmeler yap\u0131laca\u011f\u0131n\u0131 kaydeden bir yetkili, \u201c1 Ocak\u2019tan ge\u00e7erli olmak \u00fczere do\u011falgaz fiyatlar\u0131nda y\u00fczde 10.25\u2019lik bir indirim oldu ancak nihai imzalar hen\u00fcz at\u0131lmad\u0131. BOTA\u015e\u2019\u0131n maliyetleri \u015fu anda 10 milyar metrek\u00fcp gaz getiren \u00f6zel sekt\u00f6r \u015firketlerinden daha iyi durumda\u201d dedi.<\/p>\n<p>Sekt\u00f6r yetkilileri, bu duruma ra\u011fmen sat\u0131\u015f fiyatlar\u0131 a\u00e7\u0131s\u0131ndan BOTA\u015e ile \u00f6zel sekt\u00f6r \u015firketleri aras\u0131nda bir paralellik oldu\u011funu belirtiyor.<\/p>\n<p>Yetkililer, Miller\u2019in bug\u00fcn Enerji Bakan\u0131 Taner Y\u0131ld\u0131z ile bir araya gelece\u011fini ve \u00f6zellikle bu konular\u0131n de\u011ferlendirilece\u011fini kaydetti.<\/p>\n<p>Petrol fiyatlar\u0131n\u0131n ge\u00e7en seneden ba\u015flayarak \u00e7ok h\u0131zl\u0131 \u015fekilde d\u00fc\u015f\u00fc\u015f g\u00f6stermesi buna ba\u011fl\u0131 olarak belirlenen do\u011falgaz fiyatlar\u0131nda da d\u00fc\u015f\u00fc\u015f\u00fc beraberinde getirdi. Fiyatlar alt\u0131 ve dokuz ayl\u0131k gecikmeyle do\u011falgaz fiyatlar\u0131na yans\u0131yor.<\/p>\n<p>Enerji Bakan\u0131 Taner Y\u0131ld\u0131z bu sabah gazetecilerin g\u00fcndeme dair sorular\u0131n\u0131 yan\u0131tlarken, iki y\u0131l \u00f6ncesine kadar \u00f6zel sekt\u00f6r fiyatlar\u0131n\u0131n BOTA\u015e al\u0131m fiyatlar\u0131ndan daha d\u00fc\u015f\u00fck oldu\u011funu ancak \u015fimdi BOTA\u015e\u2019\u0131n al\u0131m fiyatlar\u0131n\u0131n daha d\u00fc\u015f\u00fck oldu\u011funu belirterek, \u201cYeni bir fiyat s\u00f6zle\u015fmesi yapt\u0131\u011f\u0131m\u0131zda bunu (Gazprom\u2019a) s\u00f6yledik. \u00d6zel sekt\u00f6r zarar etmesin ederse bu gaz\u0131 getiremez. K\u00e2r\u0131na kar\u0131\u015fmay\u0131z ama zarar ederse bu arz s\u0131k\u0131nt\u0131s\u0131 olabilir. Onlar da biz zarar ettirmeyece\u011fiz dediler\u201d dedi ve \u015f\u00f6yle devam etti:<\/p>\n<p>\u201cFiyat\u0131 daha y\u00fcksek olan kalemi ayn\u0131 noktaya getirmek i\u00e7in daha fazla indirim yapmak zorundas\u0131n\u0131z, dedik. BOTA\u015e\u2019tan daha fazla indirim ald\u0131 da farkl\u0131 bir alg\u0131\u2026 Biz BOTA\u015e olarak daha ucuza gaz alma \u00e7abam\u0131z devam edecek.\u201d<\/p>\n<p>Kaynak: Enerji Enstit\u00fcs\u00fc<\/p>","protected":false},"excerpt":{"rendered":"<p>Sorry, this entry is only available in Turkish. For the sake of viewer convenience, the content is shown below in the alternative language. You may click the link to switch the active language.Rus enerji devi Gazprom\u2019un CEO\u2019su Alexey Miller, Rusya\u2019n\u0131n Karadeniz\u2019in alt\u0131ndan T\u00fcrkiye\u2019ye do\u011falgaz ta\u015f\u0131mak i\u00e7in planlad\u0131\u011f\u0131 T\u00fcrk Ak\u0131m\u0131 hatt\u0131 ve T\u00fcrkiye\u2019nin ald\u0131\u011f\u0131 gaz\u0131n fiyatlar\u0131n\u0131 [&hellip;]<\/p>\n","protected":false},"author":1,"featured_media":39083,"comment_status":"open","ping_status":"open","sticky":false,"template":"","format":"standard","meta":[],"categories":[46,53],"tags":[],"views":806,"_links":{"self":[{"href":"https:\/\/www.enerjigazetesi.ist\/en\/wp-json\/wp\/v2\/posts\/39082"}],"collection":[{"href":"https:\/\/www.enerjigazetesi.ist\/en\/wp-json\/wp\/v2\/posts"}],"about":[{"href":"https:\/\/www.enerjigazetesi.ist\/en\/wp-json\/wp\/v2\/types\/post"}],"author":[{"embeddable":true,"href":"https:\/\/www.enerjigazetesi.ist\/en\/wp-json\/wp\/v2\/users\/1"}],"replies":[{"embeddable":true,"href":"https:\/\/www.enerjigazetesi.ist\/en\/wp-json\/wp\/v2\/comments?post=39082"}],"version-history":[{"count":1,"href":"https:\/\/www.enerjigazetesi.ist\/en\/wp-json\/wp\/v2\/posts\/39082\/revisions"}],"predecessor-version":[{"id":39084,"href":"https:\/\/www.enerjigazetesi.ist\/en\/wp-json\/wp\/v2\/posts\/39082\/revisions\/39084"}],"wp:featuredmedia":[{"embeddable":true,"href":"https:\/\/www.enerjigazetesi.ist\/en\/wp-json\/wp\/v2\/media\/39083"}],"wp:attachment":[{"href":"https:\/\/www.enerjigazetesi.ist\/en\/wp-json\/wp\/v2\/media?parent=39082"}],"wp:term":[{"taxonomy":"category","embeddable":true,"href":"https:\/\/www.enerjigazetesi.ist\/en\/wp-json\/wp\/v2\/categories?post=39082"},{"taxonomy":"post_tag","embeddable":true,"href":"https:\/\/www.enerjigazetesi.ist\/en\/wp-json\/wp\/v2\/tags?post=39082"}],"curies":[{"name":"wp","href":"https:\/\/api.w.org\/{rel}","templated":true}]}}