{"id":39060,"date":"2015-05-07T12:04:49","date_gmt":"2015-05-07T09:04:49","guid":{"rendered":"https:\/\/www.enerjigazetesi.ist\/?p=39060"},"modified":"2015-05-23T15:04:03","modified_gmt":"2015-05-23T12:04:03","slug":"mahkemeden-kayip-kacak-bedelinin-faiziyle-geri-odenmesine-karari","status":"publish","type":"post","link":"https:\/\/www.enerjigazetesi.ist\/en\/mahkemeden-kayip-kacak-bedelinin-faiziyle-geri-odenmesine-karari\/","title":{"rendered":"(Turkish) Mahkeme&#8217;den Kay\u0131p-Ka\u00e7ak Bedelinin Faiziyle Geri \u00d6denmesine Karar\u0131!"},"content":{"rendered":"<p class=\"qtranxs-available-languages-message qtranxs-available-languages-message-en\">Sorry, this entry is only available in <a href=\"https:\/\/www.enerjigazetesi.ist\/tr\/wp-json\/wp\/v2\/posts\/39060\" class=\"qtranxs-available-language-link qtranxs-available-language-link-tr\" title=\"Turkish\">Turkish<\/a>. For the sake of viewer convenience, the content is shown below in the alternative language. You may click the link to switch the active language.<\/p><p><\/p>\n<p style=\"color: #000000;\"><strong>Burdur T\u00fcketicileri Koruma Derne\u011fi\u2019nin a\u00e7t\u0131\u011f\u0131 davada mahkeme, elektrik faturalar\u0131ndaki kay\u0131p- ka\u00e7ak bedelinin faiziyle geri \u00f6denmesine karar verdi.<\/strong><\/p>\n<p style=\"color: #000000;\">Burdur T\u00fcketicileri Koruma Derne\u011fi Ba\u015fkan\u0131 Kemal Arslan, konuya ili\u015fkin Cumhuriyet Meydan\u0131\u2019nda bas\u0131n a\u00e7\u0131klama yapt\u0131.<span id=\"more-71416\"><\/span>\u00a02012 y\u0131l\u0131nda 80 ki\u015finin kat\u0131l\u0131m\u0131yla a\u00e7t\u0131klar\u0131 davalar sonucu vatanda\u015flar\u0131n \u00f6dedi\u011fi kay\u0131p-ka\u00e7ak bedellerini geri\u00a0ald\u0131klar\u0131n\u0131 belirten Kemal Arslan, \u201c\u00dclkemizde ya\u015fanan hukuk karma\u015fas\u0131 bu alanda da kendini g\u00f6stermi\u015f, yetkili mahkemel<a href=\"https:\/\/www.enerjigazetesi.ist\/wp-content\/uploads\/2015\/05\/mahkemeden-kayip-kacak-bedelinin-faiziyle-geri-odenmesine-karari.jpg\"><img loading=\"lazy\" class=\"alignright size-medium wp-image-39061\" src=\"https:\/\/www.enerjigazetesi.ist\/wp-content\/uploads\/2015\/05\/mahkemeden-kayip-kacak-bedelinin-faiziyle-geri-odenmesine-karari-300x168.jpg\" alt=\"mahkemeden-kayip-kacak-bedelinin-faiziyle-geri-odenmesine-karari\" width=\"300\" height=\"168\" srcset=\"https:\/\/www.enerjigazetesi.ist\/wp-content\/uploads\/2015\/05\/mahkemeden-kayip-kacak-bedelinin-faiziyle-geri-odenmesine-karari-300x168.jpg 300w, https:\/\/www.enerjigazetesi.ist\/wp-content\/uploads\/2015\/05\/mahkemeden-kayip-kacak-bedelinin-faiziyle-geri-odenmesine-karari-500x281.jpg 500w, https:\/\/www.enerjigazetesi.ist\/wp-content\/uploads\/2015\/05\/mahkemeden-kayip-kacak-bedelinin-faiziyle-geri-odenmesine-karari-80x45.jpg 80w, https:\/\/www.enerjigazetesi.ist\/wp-content\/uploads\/2015\/05\/mahkemeden-kayip-kacak-bedelinin-faiziyle-geri-odenmesine-karari.jpg 640w\" sizes=\"(max-width: 300px) 100vw, 300px\" \/><\/a>erin belirlenmesinde bir sorun ya\u015fanm\u0131\u015f ve son olarak Yarg\u0131tay Hukuk Genel Kurulu\u2019nun karar\u0131yla konunun kesinle\u015fmesi sonras\u0131 yapt\u0131\u011f\u0131m\u0131z \u00e7a\u011fr\u0131lar \u00fczerine t\u00fcketicilerimiz taleplerini yinelemi\u015f, t\u00fcketici hakem heyetlerinden al\u0131nan kararlara yap\u0131lan itirazlar sonucu T\u00fcketici Mahkemesi s\u0131fat\u0131yla Burdur 2\u2019nci Asliye Hukuk Mahkemesi, 5 May\u0131s 2015 g\u00fcn\u00fc elektrikte kay\u0131p- ka\u00e7ak olarak al\u0131nan paran\u0131n ticari faiziyle birlikte geri \u00f6denmesine kesin olarak karar vermi\u015ftir\u201d dedi.<\/p>\n<p style=\"color: #000000;\">Bu karar sonras\u0131 vatanda\u015f\u0131n elektrik faturalar\u0131n\u0131n y\u00fczde 10\u2019una tekab\u00fcl edenkay\u0131p- ka\u00e7ak bedellerini geri alabilece\u011fini vurgulayan Kemal Arslan, \u015f\u00f6yle dedi: \u201cYap\u0131lacak i\u015f Burdur\u2019da Elektrik Da\u011f\u0131t\u0131m \u015eirketi CLK\u2019ya ba\u015fvurup, 10 y\u0131ll\u0131k t\u00fcketim miktarlar\u0131n\u0131 istemek olacakt\u0131r. Al\u0131nacak bilgiler do\u011frultusunda derne\u011fimizin y\u00f6nlendirmesiyle gerekli merci nezdinde ba\u015fvuruyu yapmakt\u0131r. Gerek konutlar ve gerekse i\u015fyeri sahipleri, elektrik faturalar\u0131 i\u00e7inde y\u00fczde 10\u2019a tekab\u00fcl eden kay\u0131p- ka\u00e7ak bedellerini geri alabilmeleri i\u00e7in derne\u011fimiz ve sa\u011flayaca\u011f\u0131 hukuk dan\u0131\u015fmanlar\u0131 eliyle s\u00fcre\u00e7 takip edilip, yurtta\u015flar\u0131m\u0131z\u0131n elektrik \u015firketlerine soydurulmalar\u0131 \u00f6nlenmi\u015f olacakt\u0131r. Bu s\u00fcre\u00e7te gerek konutlar ve gerekse i\u015fyerlerinde t\u00fcketilen elektrikten al\u0131nan kay\u0131p- ka\u00e7ak bedellerinin geri al\u0131nma s\u00fcrecinde derne\u011fimizce her t\u00fcrl\u00fc hukuki yard\u0131m\u0131n yap\u0131laca\u011f\u0131n\u0131 bildiririz.\u201d<\/p>\n<p style=\"color: #000000;\">Kaynak: Enerji Enstit\u00fcs\u00fc<\/p>\n<p><\/p>","protected":false},"excerpt":{"rendered":"<p>Sorry, this entry is only available in Turkish. For the sake of viewer convenience, the content is shown below in the alternative language. You may click the link to switch the active language. Burdur T\u00fcketicileri Koruma Derne\u011fi\u2019nin a\u00e7t\u0131\u011f\u0131 davada mahkeme, elektrik faturalar\u0131ndaki kay\u0131p- ka\u00e7ak bedelinin faiziyle geri \u00f6denmesine karar verdi. Burdur T\u00fcketicileri Koruma Derne\u011fi Ba\u015fkan\u0131 [&hellip;]<\/p>\n","protected":false},"author":1,"featured_media":39061,"comment_status":"open","ping_status":"open","sticky":false,"template":"","format":"standard","meta":[],"categories":[51,53],"tags":[],"views":681,"_links":{"self":[{"href":"https:\/\/www.enerjigazetesi.ist\/en\/wp-json\/wp\/v2\/posts\/39060"}],"collection":[{"href":"https:\/\/www.enerjigazetesi.ist\/en\/wp-json\/wp\/v2\/posts"}],"about":[{"href":"https:\/\/www.enerjigazetesi.ist\/en\/wp-json\/wp\/v2\/types\/post"}],"author":[{"embeddable":true,"href":"https:\/\/www.enerjigazetesi.ist\/en\/wp-json\/wp\/v2\/users\/1"}],"replies":[{"embeddable":true,"href":"https:\/\/www.enerjigazetesi.ist\/en\/wp-json\/wp\/v2\/comments?post=39060"}],"version-history":[{"count":1,"href":"https:\/\/www.enerjigazetesi.ist\/en\/wp-json\/wp\/v2\/posts\/39060\/revisions"}],"predecessor-version":[{"id":39062,"href":"https:\/\/www.enerjigazetesi.ist\/en\/wp-json\/wp\/v2\/posts\/39060\/revisions\/39062"}],"wp:featuredmedia":[{"embeddable":true,"href":"https:\/\/www.enerjigazetesi.ist\/en\/wp-json\/wp\/v2\/media\/39061"}],"wp:attachment":[{"href":"https:\/\/www.enerjigazetesi.ist\/en\/wp-json\/wp\/v2\/media?parent=39060"}],"wp:term":[{"taxonomy":"category","embeddable":true,"href":"https:\/\/www.enerjigazetesi.ist\/en\/wp-json\/wp\/v2\/categories?post=39060"},{"taxonomy":"post_tag","embeddable":true,"href":"https:\/\/www.enerjigazetesi.ist\/en\/wp-json\/wp\/v2\/tags?post=39060"}],"curies":[{"name":"wp","href":"https:\/\/api.w.org\/{rel}","templated":true}]}}