{"id":3904,"date":"2012-11-27T10:36:02","date_gmt":"2012-11-27T07:36:02","guid":{"rendered":"https:\/\/www.enerjigazetesi.ist\/?p=3904"},"modified":"2012-11-27T10:37:55","modified_gmt":"2012-11-27T07:37:55","slug":"turkiyeye-alman-elektrigi","status":"publish","type":"post","link":"https:\/\/www.enerjigazetesi.ist\/en\/turkiyeye-alman-elektrigi\/","title":{"rendered":"(Turkish) T\u00fcrkiye&#8217;ye Alman Elektri\u011fi"},"content":{"rendered":"<p class=\"qtranxs-available-languages-message qtranxs-available-languages-message-en\">Sorry, this entry is only available in <a href=\"https:\/\/www.enerjigazetesi.ist\/tr\/wp-json\/wp\/v2\/posts\/3904\" class=\"qtranxs-available-language-link qtranxs-available-language-link-tr\" title=\"Turkish\">Turkish<\/a>. For the sake of viewer convenience, the content is shown below in the alternative language. You may click the link to switch the active language.<\/p><p><strong>Alman enerji devi E.ON h\u0131zla b\u00fcy\u00fcyen T\u00fcrk enerji piyasas\u0131na giriyor. E.ON, Rusya ve Brezilya&#8217;da da b\u00fcy\u00fck yat\u0131r\u0131m yapacak.<\/strong><\/p>\n<div>\n<p><img loading=\"lazy\" class=\"size-medium wp-image-3906 alignright\" title=\"turkiye-alman-elektrigi\" src=\"https:\/\/www.enerjigazetesi.ist\/wp-content\/uploads\/2012\/11\/turkiye-alman-elektrigi-300x199.jpg\" alt=\"\" width=\"300\" height=\"199\" srcset=\"https:\/\/www.enerjigazetesi.ist\/wp-content\/uploads\/2012\/11\/turkiye-alman-elektrigi-300x199.jpg 300w, https:\/\/www.enerjigazetesi.ist\/wp-content\/uploads\/2012\/11\/turkiye-alman-elektrigi-500x332.jpg 500w, https:\/\/www.enerjigazetesi.ist\/wp-content\/uploads\/2012\/11\/turkiye-alman-elektrigi-75x50.jpg 75w, https:\/\/www.enerjigazetesi.ist\/wp-content\/uploads\/2012\/11\/turkiye-alman-elektrigi.jpg 515w\" sizes=\"(max-width: 300px) 100vw, 300px\" \/>Ekonomik performans\u0131yla son y\u0131llarda y\u00fckselen piyasalar aras\u0131na giren T\u00fcrkiye&#8217;nin artan enerji ihtiyac\u0131 Alman \u015firketlerinin i\u015ftah\u0131n\u0131 kabartt\u0131. Alman enerji devlerinden E.ON b\u00fcy\u00fcyen T\u00fcrk enerji piyasas\u0131na girebilmek i\u00e7in Avusturyal\u0131 partneri Verbund&#8217;dan yararlan\u0131yor. Enerji ikmal \u015firketi Verbund T\u00fcrkiye kap\u0131s\u0131n\u0131 aralamak i\u00e7in Enerjisa&#8217;daki %50&#8217;lik pay\u0131n\u0131 E.ON&#8217;a devredecek. Kar\u015f\u0131l\u0131\u011f\u0131nda E.ON Almanya ve Avusturya&#8217;daki hidroelektrik santrallerini Avusturya \u015firketine satacak. Enerjisa&#8217;n\u0131n di\u011fer yar\u0131s\u0131n\u0131n sahibi olan Sabanc\u0131 Holding&#8217;den bir milyar dolar hacmindeki sat\u0131\u015f ile ilgili a\u00e7\u0131klama gelmedi.<\/p>\n<p>Almanya&#8217;n\u0131n en b\u00fcy\u00fck d\u00f6rt enerji \u015firketi aras\u0131nda yer alan E.ON y\u0131llar \u00f6nce \u2018enteresan&#8217; bir pazar olarak tan\u0131mlad\u0131\u011f\u0131 T\u00fcrkiye&#8217;deki enerji yat\u0131r\u0131mlar\u0131n\u0131 takip etmekteydi. 1996 y\u0131l\u0131nda Sabanc\u0131 Holding taraf\u0131ndan kurulan Enerjisa&#8217;ya 2007 y\u0131l\u0131nda Avusturya elektrik \u015firketi Verbund y\u00fczde 50&#8217;lik payla ortak olmu\u015ftu. Enerjisa 2015 y\u0131l\u0131na kadar T\u00fcrkiye&#8217;nin elektrik piyasas\u0131ndaki pay\u0131n\u0131 y\u00fczde onun \u00fczerine \u00e7\u0131karmay\u0131 planl\u0131yor. \u015eirketin do\u011falgaz ve hidroelektrik santrallerinde toplam 1650 megawatt g\u00fcc\u00fcnde elektrik \u00fcretiliyor. Alman enerji piyasas\u0131ndaki ba\u011f\u0131ml\u0131l\u0131\u011f\u0131n\u0131 azaltmak isteyen E.ON y\u0131llar \u00f6nce T\u00fcrkiye&#8217;de ba\u015flatt\u0131\u011f\u0131 projeleri Alman rakibi RWE&#8217;ye satarak Rusya pazar\u0131na y\u00f6nelmi\u015fti. E.ON ayn\u0131 zamanda Brezilya&#8217;da da milyarl\u0131k yat\u0131r\u0131m yapaca\u011f\u0131n\u0131 duyurmu\u015ftu.<\/p>\n<p>Kaynak: <a href=\"http:\/\/www.dw.de\/t%C3%BCrkiyeye-alman-elektri%C4%9Fi\/a-16405598\" target=\"_blank\">Dw.de<\/a><\/p>\n<\/div>\n<p><\/p>","protected":false},"excerpt":{"rendered":"<p>Sorry, this entry is only available in Turkish. For the sake of viewer convenience, the content is shown below in the alternative language. You may click the link to switch the active language.Alman enerji devi E.ON h\u0131zla b\u00fcy\u00fcyen T\u00fcrk enerji piyasas\u0131na giriyor. E.ON, Rusya ve Brezilya&#8217;da da b\u00fcy\u00fck yat\u0131r\u0131m yapacak. Ekonomik performans\u0131yla son y\u0131llarda y\u00fckselen [&hellip;]<\/p>\n","protected":false},"author":1,"featured_media":3906,"comment_status":"open","ping_status":"open","sticky":false,"template":"","format":"standard","meta":[],"categories":[51,53],"tags":[1129,68,67,1130],"views":701,"_links":{"self":[{"href":"https:\/\/www.enerjigazetesi.ist\/en\/wp-json\/wp\/v2\/posts\/3904"}],"collection":[{"href":"https:\/\/www.enerjigazetesi.ist\/en\/wp-json\/wp\/v2\/posts"}],"about":[{"href":"https:\/\/www.enerjigazetesi.ist\/en\/wp-json\/wp\/v2\/types\/post"}],"author":[{"embeddable":true,"href":"https:\/\/www.enerjigazetesi.ist\/en\/wp-json\/wp\/v2\/users\/1"}],"replies":[{"embeddable":true,"href":"https:\/\/www.enerjigazetesi.ist\/en\/wp-json\/wp\/v2\/comments?post=3904"}],"version-history":[{"count":2,"href":"https:\/\/www.enerjigazetesi.ist\/en\/wp-json\/wp\/v2\/posts\/3904\/revisions"}],"predecessor-version":[{"id":3907,"href":"https:\/\/www.enerjigazetesi.ist\/en\/wp-json\/wp\/v2\/posts\/3904\/revisions\/3907"}],"wp:featuredmedia":[{"embeddable":true,"href":"https:\/\/www.enerjigazetesi.ist\/en\/wp-json\/wp\/v2\/media\/3906"}],"wp:attachment":[{"href":"https:\/\/www.enerjigazetesi.ist\/en\/wp-json\/wp\/v2\/media?parent=3904"}],"wp:term":[{"taxonomy":"category","embeddable":true,"href":"https:\/\/www.enerjigazetesi.ist\/en\/wp-json\/wp\/v2\/categories?post=3904"},{"taxonomy":"post_tag","embeddable":true,"href":"https:\/\/www.enerjigazetesi.ist\/en\/wp-json\/wp\/v2\/tags?post=3904"}],"curies":[{"name":"wp","href":"https:\/\/api.w.org\/{rel}","templated":true}]}}