{"id":39029,"date":"2015-05-06T13:31:16","date_gmt":"2015-05-06T10:31:16","guid":{"rendered":"https:\/\/www.enerjigazetesi.ist\/?p=39029"},"modified":"2015-05-23T15:05:36","modified_gmt":"2015-05-23T12:05:36","slug":"ingiltere-gunes-kurulumlarinda-ataga-kalkti","status":"publish","type":"post","link":"https:\/\/www.enerjigazetesi.ist\/en\/ingiltere-gunes-kurulumlarinda-ataga-kalkti\/","title":{"rendered":"(Turkish) \u0130ngiltere G\u00fcne\u015f Kurulumlar\u0131nda Ata\u011fa Kalkt\u0131&#8230;"},"content":{"rendered":"<p class=\"qtranxs-available-languages-message qtranxs-available-languages-message-en\">Sorry, this entry is only available in <a href=\"https:\/\/www.enerjigazetesi.ist\/tr\/wp-json\/wp\/v2\/posts\/39029\" class=\"qtranxs-available-language-link qtranxs-available-language-link-tr\" title=\"Turkish\">Turkish<\/a>. For the sake of viewer convenience, the content is shown below in the alternative language. You may click the link to switch the active language.<\/p><p><strong>\u0130ngiltere, y\u0131l\u0131n ilk \u00e7eyre\u011finde 1.5 GW g\u00fcne\u015f enerjisi santrali kurulumu yaparak kurumsal \u00f6l\u00e7ekt<a href=\"https:\/\/www.enerjigazetesi.ist\/wp-content\/uploads\/2015\/05\/ingiltere-gunes-kurulumlarinda-ataga-kalkti.jpg\"><img loading=\"lazy\" class=\"alignright size-medium wp-image-39030\" src=\"https:\/\/www.enerjigazetesi.ist\/wp-content\/uploads\/2015\/05\/ingiltere-gunes-kurulumlarinda-ataga-kalkti-300x224.jpg\" alt=\"ingiltere-gunes-kurulumlarinda-ataga-kalkti\" width=\"300\" height=\"224\" srcset=\"https:\/\/www.enerjigazetesi.ist\/wp-content\/uploads\/2015\/05\/ingiltere-gunes-kurulumlarinda-ataga-kalkti-300x224.jpg 300w, https:\/\/www.enerjigazetesi.ist\/wp-content\/uploads\/2015\/05\/ingiltere-gunes-kurulumlarinda-ataga-kalkti-66x50.jpg 66w, https:\/\/www.enerjigazetesi.ist\/wp-content\/uploads\/2015\/05\/ingiltere-gunes-kurulumlarinda-ataga-kalkti.jpg 448w\" sizes=\"(max-width: 300px) 100vw, 300px\" \/><\/a>e d\u00fcnya genelinde \u00fc\u00e7\u00fcnc\u00fc s\u0131raya y\u00fckseldi.<\/strong><\/p>\n<p>Wi-ki Solar ara\u015ft\u0131rmas\u0131na g\u00f6re, \u0130ngiltere g\u00fcne\u015f enerjisi kurulumunda 1.5 GW ile bu y\u0131l\u0131n ilk \u00fc\u00e7 ay\u0131nda d\u00fcnya genelinde kurumsal \u00f6l\u00e7ekte en fazla kurulum yapan \u00fclkeler aras\u0131nda \u00fc\u00e7\u00fcnc\u00fc s\u0131raya y\u00fckseldi.<\/p>\n<p>Y\u0131l\u0131n ilk \u00fc\u00e7 ay\u0131nda, 5 MW veya \u00fczeri yere monte edilen g\u00fcne\u015f projelerine yenilenebilir enerji te\u015fviki getirilmesinin ard\u0131ndan g\u00fcne\u015f kurulumunda yapt\u0131\u011f\u0131 at\u0131l\u0131mla Almanya ve Hindistan`\u0131 geride b\u0131rakan \u0130ngiltere, ABD ve \u00c7in`in ard\u0131ndan \u00fc\u00e7\u00fcnc\u00fc s\u0131raya y\u00fckseldi.<\/p>\n<p>\u0130ngiltere mevcut durumda 408 adet kurumsal \u00f6l\u00e7ekte g\u00fcne\u015f projesine sahip. Bu projelerin toplam kapasitesi ise 3.6 GW`dan daha fazla.<\/p>\n<p>Kaynak: <a href=\"http:\/\/enerjigunlugu.net\/_13465.html\" target=\"_blank\" rel=\"nofollow\">Enerji G\u00fcnl\u00fc\u011f\u00fc<\/a><\/p>","protected":false},"excerpt":{"rendered":"<p>Sorry, this entry is only available in Turkish. For the sake of viewer convenience, the content is shown below in the alternative language. You may click the link to switch the active language.\u0130ngiltere, y\u0131l\u0131n ilk \u00e7eyre\u011finde 1.5 GW g\u00fcne\u015f enerjisi santrali kurulumu yaparak kurumsal \u00f6l\u00e7ekte d\u00fcnya genelinde \u00fc\u00e7\u00fcnc\u00fc s\u0131raya y\u00fckseldi. Wi-ki Solar ara\u015ft\u0131rmas\u0131na g\u00f6re, \u0130ngiltere [&hellip;]<\/p>\n","protected":false},"author":1,"featured_media":39030,"comment_status":"open","ping_status":"open","sticky":false,"template":"","format":"standard","meta":[],"categories":[53,49],"tags":[],"views":829,"_links":{"self":[{"href":"https:\/\/www.enerjigazetesi.ist\/en\/wp-json\/wp\/v2\/posts\/39029"}],"collection":[{"href":"https:\/\/www.enerjigazetesi.ist\/en\/wp-json\/wp\/v2\/posts"}],"about":[{"href":"https:\/\/www.enerjigazetesi.ist\/en\/wp-json\/wp\/v2\/types\/post"}],"author":[{"embeddable":true,"href":"https:\/\/www.enerjigazetesi.ist\/en\/wp-json\/wp\/v2\/users\/1"}],"replies":[{"embeddable":true,"href":"https:\/\/www.enerjigazetesi.ist\/en\/wp-json\/wp\/v2\/comments?post=39029"}],"version-history":[{"count":1,"href":"https:\/\/www.enerjigazetesi.ist\/en\/wp-json\/wp\/v2\/posts\/39029\/revisions"}],"predecessor-version":[{"id":39031,"href":"https:\/\/www.enerjigazetesi.ist\/en\/wp-json\/wp\/v2\/posts\/39029\/revisions\/39031"}],"wp:featuredmedia":[{"embeddable":true,"href":"https:\/\/www.enerjigazetesi.ist\/en\/wp-json\/wp\/v2\/media\/39030"}],"wp:attachment":[{"href":"https:\/\/www.enerjigazetesi.ist\/en\/wp-json\/wp\/v2\/media?parent=39029"}],"wp:term":[{"taxonomy":"category","embeddable":true,"href":"https:\/\/www.enerjigazetesi.ist\/en\/wp-json\/wp\/v2\/categories?post=39029"},{"taxonomy":"post_tag","embeddable":true,"href":"https:\/\/www.enerjigazetesi.ist\/en\/wp-json\/wp\/v2\/tags?post=39029"}],"curies":[{"name":"wp","href":"https:\/\/api.w.org\/{rel}","templated":true}]}}