{"id":39026,"date":"2015-05-06T13:26:23","date_gmt":"2015-05-06T10:26:23","guid":{"rendered":"https:\/\/www.enerjigazetesi.ist\/?p=39026"},"modified":"2015-05-23T15:05:46","modified_gmt":"2015-05-23T12:05:46","slug":"quante-enerji-verimliligi-turkiye-icin-cok-onemli-bir-is-firsati","status":"publish","type":"post","link":"https:\/\/www.enerjigazetesi.ist\/en\/quante-enerji-verimliligi-turkiye-icin-cok-onemli-bir-is-firsati\/","title":{"rendered":"(Turkish) Quante: Enerji Verimlili\u011fi T\u00fcrkiye \u0130\u00e7in \u00c7ok \u00d6nemli Bir \u0130\u015f F\u0131rsat\u0131!"},"content":{"rendered":"<p class=\"qtranxs-available-languages-message qtranxs-available-languages-message-en\">Sorry, this entry is only available in <a href=\"https:\/\/www.enerjigazetesi.ist\/tr\/wp-json\/wp\/v2\/posts\/39026\" class=\"qtranxs-available-language-link qtranxs-available-language-link-tr\" title=\"Turkish\">Turkish<\/a>. For the sake of viewer convenience, the content is shown below in the alternative language. You may click the link to switch the active language.<\/p><p><strong>EWE Turkey Holding Genel M\u00fcd\u00fcrlerinden Frank Quante, \u201cT\u00fcrkiye\u2019de bir i\u015f kuracak olsam kesinlikle enerji verimlili\u011fiyle ilgili olurdu\u201d dedi.<a href=\"https:\/\/www.enerjigazetesi.ist\/wp-content\/uploads\/2015\/05\/quante-enerji-verimliligi-turkiye-icin-cok-onemli-bir-is-firsati.jpg\"><img loading=\"lazy\" class=\"alignleft wp-image-39027 size-medium\" src=\"https:\/\/www.enerjigazetesi.ist\/wp-content\/uploads\/2015\/05\/quante-enerji-verimliligi-turkiye-icin-cok-onemli-bir-is-firsati-300x192.jpg\" alt=\"quante-enerji-verimliligi-turkiye-icin-cok-onemli-bir-is-firsati\" width=\"300\" height=\"192\" srcset=\"https:\/\/www.enerjigazetesi.ist\/wp-content\/uploads\/2015\/05\/quante-enerji-verimliligi-turkiye-icin-cok-onemli-bir-is-firsati-300x192.jpg 300w, https:\/\/www.enerjigazetesi.ist\/wp-content\/uploads\/2015\/05\/quante-enerji-verimliligi-turkiye-icin-cok-onemli-bir-is-firsati-500x320.jpg 500w, https:\/\/www.enerjigazetesi.ist\/wp-content\/uploads\/2015\/05\/quante-enerji-verimliligi-turkiye-icin-cok-onemli-bir-is-firsati-78x50.jpg 78w, https:\/\/www.enerjigazetesi.ist\/wp-content\/uploads\/2015\/05\/quante-enerji-verimliligi-turkiye-icin-cok-onemli-bir-is-firsati.jpg 600w\" sizes=\"(max-width: 300px) 100vw, 300px\" \/><\/a><\/strong><\/p>\n<p>EWE Turkey Genel M\u00fcd\u00fcrlerinden Frank Quante, enerji verimlili\u011fi faaliyetlerinin, T\u00fcrkiye\u2019deki en iyi giri\u015fimcilik f\u0131rsatlar\u0131 sunan alanlardan biri oldu\u011funu s\u00f6yledi. Quante, \u201cT\u00fcrkiye`de ki\u015fisel bir giri\u015fimde bulunacak olsam bu kesinlikle enerji verimlili\u011fi ile ilgili olurdu. T\u00fcrkiye`de inan\u0131lmaz bir enerji tasarrufu verimlili\u011fi potansiyeli var. Bu bizi \u015fa\u015f\u0131rtan bir potansiyel\u201d dedi.<\/p>\n<p>EWE Grubu\u2019nun Almanya ve Avrupa`da enerji verimlili\u011fi alan\u0131ndakien \u00f6nemli oyunculardan birisi oldu\u011funu vurgulayan Quante, bu alandaki faaliyetlerini T\u00fcrkiye\u2019de de geli\u015ftirmek istediklerini vurgulad\u0131.<\/p>\n<p>Haberin <a href=\"http:\/\/enerjigunlugu.net\/_13471.html\" target=\"_blank\" rel=\"nofollow\">Devam\u0131 \u0130\u00e7in TIKLAYINIZ&gt;&gt;&gt;<\/a><\/p>\n<p>Kaynak: Enerji G\u00fcnl\u00fc\u011f\u00fc<\/p>","protected":false},"excerpt":{"rendered":"<p>Sorry, this entry is only available in Turkish. For the sake of viewer convenience, the content is shown below in the alternative language. You may click the link to switch the active language.EWE Turkey Holding Genel M\u00fcd\u00fcrlerinden Frank Quante, \u201cT\u00fcrkiye\u2019de bir i\u015f kuracak olsam kesinlikle enerji verimlili\u011fiyle ilgili olurdu\u201d dedi. EWE Turkey Genel M\u00fcd\u00fcrlerinden Frank [&hellip;]<\/p>\n","protected":false},"author":1,"featured_media":39027,"comment_status":"open","ping_status":"open","sticky":false,"template":"","format":"standard","meta":[],"categories":[53,52],"tags":[],"views":1444,"_links":{"self":[{"href":"https:\/\/www.enerjigazetesi.ist\/en\/wp-json\/wp\/v2\/posts\/39026"}],"collection":[{"href":"https:\/\/www.enerjigazetesi.ist\/en\/wp-json\/wp\/v2\/posts"}],"about":[{"href":"https:\/\/www.enerjigazetesi.ist\/en\/wp-json\/wp\/v2\/types\/post"}],"author":[{"embeddable":true,"href":"https:\/\/www.enerjigazetesi.ist\/en\/wp-json\/wp\/v2\/users\/1"}],"replies":[{"embeddable":true,"href":"https:\/\/www.enerjigazetesi.ist\/en\/wp-json\/wp\/v2\/comments?post=39026"}],"version-history":[{"count":1,"href":"https:\/\/www.enerjigazetesi.ist\/en\/wp-json\/wp\/v2\/posts\/39026\/revisions"}],"predecessor-version":[{"id":39028,"href":"https:\/\/www.enerjigazetesi.ist\/en\/wp-json\/wp\/v2\/posts\/39026\/revisions\/39028"}],"wp:featuredmedia":[{"embeddable":true,"href":"https:\/\/www.enerjigazetesi.ist\/en\/wp-json\/wp\/v2\/media\/39027"}],"wp:attachment":[{"href":"https:\/\/www.enerjigazetesi.ist\/en\/wp-json\/wp\/v2\/media?parent=39026"}],"wp:term":[{"taxonomy":"category","embeddable":true,"href":"https:\/\/www.enerjigazetesi.ist\/en\/wp-json\/wp\/v2\/categories?post=39026"},{"taxonomy":"post_tag","embeddable":true,"href":"https:\/\/www.enerjigazetesi.ist\/en\/wp-json\/wp\/v2\/tags?post=39026"}],"curies":[{"name":"wp","href":"https:\/\/api.w.org\/{rel}","templated":true}]}}