{"id":39023,"date":"2015-05-06T13:20:15","date_gmt":"2015-05-06T10:20:15","guid":{"rendered":"https:\/\/www.enerjigazetesi.ist\/?p=39023"},"modified":"2015-05-23T15:05:54","modified_gmt":"2015-05-23T12:05:54","slug":"turk-akiminin-ismi-yunan-akimi-olabilir","status":"publish","type":"post","link":"https:\/\/www.enerjigazetesi.ist\/en\/turk-akiminin-ismi-yunan-akimi-olabilir\/","title":{"rendered":"(Turkish) T\u00fcrk Ak\u0131m\u0131\u2019n\u0131n \u0130smi Yunan Ak\u0131m\u0131 Olabilir&#8230;"},"content":{"rendered":"<p class=\"qtranxs-available-languages-message qtranxs-available-languages-message-en\">Sorry, this entry is only available in <a href=\"https:\/\/www.enerjigazetesi.ist\/tr\/wp-json\/wp\/v2\/posts\/39023\" class=\"qtranxs-available-language-link qtranxs-available-language-link-tr\" title=\"Turkish\">Turkish<\/a>. For the sake of viewer convenience, the content is shown below in the alternative language. You may click the link to switch the active language.<\/p><p><\/p>\n<p style=\"color: #000000;\"><strong>Rusya\u2019n\u0131n AB Temsilcisi Vladimir \u00c7ijov, Rus do\u011falgaz\u0131n\u0131n T\u00fcrkiye \u00fczerinden Avrupa\u2019ya ula\u015ft\u0131racak T\u00fcrk Ak\u0131m\u0131\u2019n\u0131n T\u00fcrkiye-Yunanistan aras\u0131nda ili\u015fkilerin geli\u015fmesine katk\u0131 sa\u011flayaca\u011f\u0131n\u0131, hatt\u0131n Yunanistan\u2019dan sonraki isminin de Yunan Ak\u0131m\u0131 olabilece\u011fini s\u00f6yledi.<\/strong><span id=\"more-71402\"><\/span><\/p>\n<p style=\"color: #000000;\">T\u00fcrk Ak\u0131m\u0131 ile ilgili bas\u0131n mensuplar\u0131n\u0131n sorular\u0131na cevap veren \u00c7ijov, Karadeniz\u2019in alt\u0131ndan ge\u00e7ecek hatt\u0131n \u00fc\u00e7te ikisinin iptal edilen G\u00fcney Ak\u0131m\u2019la \u00f6rt\u00fc\u015ft\u00fc\u011f\u00fcn\u00fc ve sonras\u0131nda Bulgaristan yerine T\u00fcrkiye\u2019ye y\u00f6neldi\u011fini ifade etti.<a href=\"https:\/\/www.enerjigazetesi.ist\/wp-content\/uploads\/2015\/05\/turk-akiminin-ismi-yunan-akimi-olabilir.jpg\"><img loading=\"lazy\" class=\"alignright size-medium wp-image-39024\" src=\"https:\/\/www.enerjigazetesi.ist\/wp-content\/uploads\/2015\/05\/turk-akiminin-ismi-yunan-akimi-olabilir-300x202.jpg\" alt=\"turk-akiminin-ismi-yunan-akimi-olabilir\" width=\"300\" height=\"202\" srcset=\"https:\/\/www.enerjigazetesi.ist\/wp-content\/uploads\/2015\/05\/turk-akiminin-ismi-yunan-akimi-olabilir-300x202.jpg 300w, https:\/\/www.enerjigazetesi.ist\/wp-content\/uploads\/2015\/05\/turk-akiminin-ismi-yunan-akimi-olabilir-500x337.jpg 500w, https:\/\/www.enerjigazetesi.ist\/wp-content\/uploads\/2015\/05\/turk-akiminin-ismi-yunan-akimi-olabilir-73x50.jpg 73w, https:\/\/www.enerjigazetesi.ist\/wp-content\/uploads\/2015\/05\/turk-akiminin-ismi-yunan-akimi-olabilir.jpg 870w\" sizes=\"(max-width: 300px) 100vw, 300px\" \/><\/a><\/p>\n<p style=\"color: #000000;\">T\u00fcrk Ak\u0131m\u0131\u2019n\u0131n Yunanistan s\u0131n\u0131r\u0131na ula\u015ft\u0131ktan sonra isminin de\u011fi\u015fece\u011fini kaydeden \u00c7ijov, \u201cT\u00fcrkiye ve Yunanistan aras\u0131ndaki karma\u015f\u0131k ili\u015fkilere bak\u0131l\u0131rsa, muhtemelen ismi Yunan Ak\u0131m\u0131 olarak de\u011fi\u015fir. Boru hatt\u0131, T\u00fcrkiye-Yunanistan ili\u015fkilerinin iyile\u015fmesi i\u00e7in \u00f6nemli bir te\u015fvik de olabilir\u2026\u201d dedi.<\/p>\n<p style=\"color: #000000;\">T\u00fcrk Ak\u0131m\u2019\u0131 660 kilometre kadar Karadeniz\u2019in alt\u0131ndan eski G\u00fcney Ak\u0131m hatt\u0131n\u0131n belirlendi\u011fi g\u00fczergahta devam edecek. Sonras\u0131nda 250 kilometre kadar T\u00fcrkiye topraklar\u0131nda ilerleyerek Yunanistan\u2019a ula\u015facak.<\/p>\n<p style=\"color: #000000;\">Rusya Devlet Ba\u015fkan\u0131 Vladimir Putin, 1 Aral\u0131k 2014\u2019de Ankara\u2019ya yapt\u0131\u011f\u0131 ziyaret s\u0131ras\u0131nda G\u00fcney Ak\u0131m\u2019\u0131n iptal oldu\u011funu, T\u00fcrkiye \u00fczerinden yeni bir hatt\u0131n in\u015fa edilece\u011fini a\u00e7\u0131klam\u0131\u015ft\u0131. Ziyaret s\u0131ras\u0131nda Gazprom ile Bota\u015f aras\u0131nda \u00f6n anla\u015fma da imzalanm\u0131\u015ft\u0131.<\/p>\n<p style=\"color: #000000;\">Yunanistan\u2019da Aleksis \u00c7ipras h\u00fck\u00fcmetinin i\u015f ba\u015f\u0131na gelmesi Rusya ile ili\u015fkilerin geli\u015fmesine neden oldu. \u00c7ipras ge\u00e7en ay Moskova\u2019ya bir ziyaret ger\u00e7ekle\u015ftirmi\u015f ve Rusya Devlet Ba\u015fkan\u0131 Putin\u2019le bir araya gelmi\u015fti. Yeni do\u011falgaz boru hatt\u0131na olumlu bakt\u0131\u011f\u0131n\u0131 ifade eden \u00c7ipras, T\u00fcrk Ak\u0131m\u0131 isminin kulaklar\u0131na ho\u015f gelmedi\u011fini ifade etmi\u015fti.<\/p>\n<p style=\"color: #000000;\">Kaynak: Enerji Enstit\u00fcs\u00fc<\/p>\n<p><\/p>","protected":false},"excerpt":{"rendered":"<p>Sorry, this entry is only available in Turkish. For the sake of viewer convenience, the content is shown below in the alternative language. You may click the link to switch the active language. Rusya\u2019n\u0131n AB Temsilcisi Vladimir \u00c7ijov, Rus do\u011falgaz\u0131n\u0131n T\u00fcrkiye \u00fczerinden Avrupa\u2019ya ula\u015ft\u0131racak T\u00fcrk Ak\u0131m\u0131\u2019n\u0131n T\u00fcrkiye-Yunanistan aras\u0131nda ili\u015fkilerin geli\u015fmesine katk\u0131 sa\u011flayaca\u011f\u0131n\u0131, hatt\u0131n Yunanistan\u2019dan sonraki [&hellip;]<\/p>\n","protected":false},"author":1,"featured_media":39024,"comment_status":"open","ping_status":"open","sticky":false,"template":"","format":"standard","meta":[],"categories":[46,53],"tags":[],"views":729,"_links":{"self":[{"href":"https:\/\/www.enerjigazetesi.ist\/en\/wp-json\/wp\/v2\/posts\/39023"}],"collection":[{"href":"https:\/\/www.enerjigazetesi.ist\/en\/wp-json\/wp\/v2\/posts"}],"about":[{"href":"https:\/\/www.enerjigazetesi.ist\/en\/wp-json\/wp\/v2\/types\/post"}],"author":[{"embeddable":true,"href":"https:\/\/www.enerjigazetesi.ist\/en\/wp-json\/wp\/v2\/users\/1"}],"replies":[{"embeddable":true,"href":"https:\/\/www.enerjigazetesi.ist\/en\/wp-json\/wp\/v2\/comments?post=39023"}],"version-history":[{"count":1,"href":"https:\/\/www.enerjigazetesi.ist\/en\/wp-json\/wp\/v2\/posts\/39023\/revisions"}],"predecessor-version":[{"id":39025,"href":"https:\/\/www.enerjigazetesi.ist\/en\/wp-json\/wp\/v2\/posts\/39023\/revisions\/39025"}],"wp:featuredmedia":[{"embeddable":true,"href":"https:\/\/www.enerjigazetesi.ist\/en\/wp-json\/wp\/v2\/media\/39024"}],"wp:attachment":[{"href":"https:\/\/www.enerjigazetesi.ist\/en\/wp-json\/wp\/v2\/media?parent=39023"}],"wp:term":[{"taxonomy":"category","embeddable":true,"href":"https:\/\/www.enerjigazetesi.ist\/en\/wp-json\/wp\/v2\/categories?post=39023"},{"taxonomy":"post_tag","embeddable":true,"href":"https:\/\/www.enerjigazetesi.ist\/en\/wp-json\/wp\/v2\/tags?post=39023"}],"curies":[{"name":"wp","href":"https:\/\/api.w.org\/{rel}","templated":true}]}}