{"id":39020,"date":"2015-05-06T13:17:31","date_gmt":"2015-05-06T10:17:31","guid":{"rendered":"https:\/\/www.enerjigazetesi.ist\/?p=39020"},"modified":"2015-05-23T15:06:00","modified_gmt":"2015-05-23T12:06:00","slug":"avrupa-komisyonu-petrol-fiyatlari-turkiyeye-destek-sagliyor","status":"publish","type":"post","link":"https:\/\/www.enerjigazetesi.ist\/en\/avrupa-komisyonu-petrol-fiyatlari-turkiyeye-destek-sagliyor\/","title":{"rendered":"(Turkish) Avrupa Komisyonu: \u201c Petrol Fiyatlar\u0131 T\u00fcrkiye\u2019ye Destek Sa\u011fl\u0131yor! \u201d"},"content":{"rendered":"<p class=\"qtranxs-available-languages-message qtranxs-available-languages-message-en\">Sorry, this entry is only available in <a href=\"https:\/\/www.enerjigazetesi.ist\/tr\/wp-json\/wp\/v2\/posts\/39020\" class=\"qtranxs-available-language-link qtranxs-available-language-link-tr\" title=\"Turkish\">Turkish<\/a>. For the sake of viewer convenience, the content is shown below in the alternative language. You may click the link to switch the active language.<\/p><p><\/p>\n<p style=\"color: #000000;\"><strong>AB Komisyonu, petrol fiyatlar\u0131nda ya\u015fanan d\u00fc\u015f\u00fc\u015f\u00fcn T\u00fcrkiye\u2019ye\u00a0en \u00e7ok ihtiya\u00e7 duydu\u011fu deste\u011fi sa\u011flamakta oldu\u011funu bildirdi. Ancak\u00a0Komisyon, T\u00fcrkiye i\u00e7in b\u00fcy\u00fcme tahminlerini 2014 k\u0131\u015f raporuna g\u00f6re\u00a0d\u00fc\u015f\u00fcrd\u00fc.<\/strong><\/p>\n<p style=\"color: #000000;\">Komisyon bug\u00fcn yay\u0131nlad\u0131\u011f\u0131 2015 Bahar D\u00f6nemi Avrupa Ekonomik\u00a0Tahminleri raporunda T\u00fcrkiye\u2019ye de yer verdi.\u00a0<span id=\"more-71404\"><\/span><\/p>\n<p style=\"color: #000000;\">T\u00fcrk ekonomisinin 2014 bahar\u0131ndan itibaren bir ekonomik yava\u015flama\u00a0i\u00e7ine girdi\u011fini ve \u00f6nceden tahmin <a href=\"https:\/\/www.enerjigazetesi.ist\/wp-content\/uploads\/2015\/05\/avrupa-komisyonu-petrol-fiyatlari-turkiyeye-destek-sagliyor.jpg\"><img loading=\"lazy\" class=\"alignleft wp-image-39021 size-medium\" src=\"https:\/\/www.enerjigazetesi.ist\/wp-content\/uploads\/2015\/05\/avrupa-komisyonu-petrol-fiyatlari-turkiyeye-destek-sagliyor-300x199.jpg\" alt=\"avrupa-komisyonu-petrol-fiyatlari-turkiyeye-destek-sagliyor\" width=\"300\" height=\"199\" srcset=\"https:\/\/www.enerjigazetesi.ist\/wp-content\/uploads\/2015\/05\/avrupa-komisyonu-petrol-fiyatlari-turkiyeye-destek-sagliyor-300x199.jpg 300w, https:\/\/www.enerjigazetesi.ist\/wp-content\/uploads\/2015\/05\/avrupa-komisyonu-petrol-fiyatlari-turkiyeye-destek-sagliyor-500x332.jpg 500w, https:\/\/www.enerjigazetesi.ist\/wp-content\/uploads\/2015\/05\/avrupa-komisyonu-petrol-fiyatlari-turkiyeye-destek-sagliyor-75x50.jpg 75w, https:\/\/www.enerjigazetesi.ist\/wp-content\/uploads\/2015\/05\/avrupa-komisyonu-petrol-fiyatlari-turkiyeye-destek-sagliyor.jpg 870w\" sizes=\"(max-width: 300px) 100vw, 300px\" \/><\/a>edilenden daha uzun s\u00fcreli bir\u00a0yava\u015flama ya\u015fand\u0131\u011f\u0131n\u0131 belirten Komisyon, T\u00fcrk Liras\u0131\u2019n\u0131n reel olarak\u00a0de\u011ferlenmesinin ihracatta b\u00fcy\u00fcmeye zarar verdi\u011fini, ancak ayn\u0131 zamanda\u00a0ekonominin d\u00fc\u015f\u00fck petrol fiyatlar\u0131ndan fayda sa\u011flad\u0131\u011f\u0131n\u0131 belirtti.<\/p>\n<p style=\"color: #000000;\">\u00d6n\u00fcm\u00fczdeki d\u00f6nemde enflasyonun yava\u015f \u015fekilde d\u00fc\u015fmesini, b\u00fcy\u00fcmenin\u00a0t\u00fcketicilerin al\u0131m g\u00fc\u00e7lerinin artmas\u0131na ba\u011fl\u0131 olarak g\u00fc\u00e7lenmesini\u00a0bekleyen AB Komisyonu, enerji ithalat faturas\u0131n\u0131n azalmas\u0131n\u0131n\u00a0T\u00fcrkiye\u2019nin cari i\u015flemler a\u00e7\u0131\u011f\u0131n\u0131 daraltaca\u011f\u0131n\u0131 da vurgulad\u0131.<\/p>\n<p style=\"color: #000000;\">AB Komisyonu, T\u00fcrkiye ekonomisi i\u00e7in 2014 y\u0131l\u0131 GSYH b\u00fcy\u00fcme tahminini\u00a0y\u00fczde 3,7\u2019den y\u00fczde 3,2\u2019ye indirirken, 2016 i\u00e7in ise y\u00fczde 4.0\u2019ten3,7\u2019ye indirdi.<\/p>\n<p style=\"color: #000000;\">Komisyon, T\u00fcrkiye\u2019de enflasyonun bu y\u0131l y\u00fczde 7,0 ve gelecek y\u0131l\u00a0y\u00fczde 7,3 olaca\u011f\u0131n\u0131 tahmin ederken, i\u015fsizlik oran\u0131n\u0131 ise bu y\u0131l y\u00fczde<br \/>\ny\u00fczde 10.6\u2019ya \u00e7\u0131kaca\u011f\u0131n\u0131 ve 2016\u2019da y\u00fczde 10,5\u2019e gerileyece\u011fini \u00f6ng\u00f6rd\u00fc.<\/p>\n<p style=\"color: #000000;\">Kaynak: Enerji Enstit\u00fcs\u00fc<\/p>\n<p><\/p>","protected":false},"excerpt":{"rendered":"<p>Sorry, this entry is only available in Turkish. For the sake of viewer convenience, the content is shown below in the alternative language. You may click the link to switch the active language. AB Komisyonu, petrol fiyatlar\u0131nda ya\u015fanan d\u00fc\u015f\u00fc\u015f\u00fcn T\u00fcrkiye\u2019ye\u00a0en \u00e7ok ihtiya\u00e7 duydu\u011fu deste\u011fi sa\u011flamakta oldu\u011funu bildirdi. Ancak\u00a0Komisyon, T\u00fcrkiye i\u00e7in b\u00fcy\u00fcme tahminlerini 2014 k\u0131\u015f raporuna [&hellip;]<\/p>\n","protected":false},"author":1,"featured_media":39021,"comment_status":"open","ping_status":"open","sticky":false,"template":"","format":"standard","meta":[],"categories":[53,44],"tags":[],"views":651,"_links":{"self":[{"href":"https:\/\/www.enerjigazetesi.ist\/en\/wp-json\/wp\/v2\/posts\/39020"}],"collection":[{"href":"https:\/\/www.enerjigazetesi.ist\/en\/wp-json\/wp\/v2\/posts"}],"about":[{"href":"https:\/\/www.enerjigazetesi.ist\/en\/wp-json\/wp\/v2\/types\/post"}],"author":[{"embeddable":true,"href":"https:\/\/www.enerjigazetesi.ist\/en\/wp-json\/wp\/v2\/users\/1"}],"replies":[{"embeddable":true,"href":"https:\/\/www.enerjigazetesi.ist\/en\/wp-json\/wp\/v2\/comments?post=39020"}],"version-history":[{"count":1,"href":"https:\/\/www.enerjigazetesi.ist\/en\/wp-json\/wp\/v2\/posts\/39020\/revisions"}],"predecessor-version":[{"id":39022,"href":"https:\/\/www.enerjigazetesi.ist\/en\/wp-json\/wp\/v2\/posts\/39020\/revisions\/39022"}],"wp:featuredmedia":[{"embeddable":true,"href":"https:\/\/www.enerjigazetesi.ist\/en\/wp-json\/wp\/v2\/media\/39021"}],"wp:attachment":[{"href":"https:\/\/www.enerjigazetesi.ist\/en\/wp-json\/wp\/v2\/media?parent=39020"}],"wp:term":[{"taxonomy":"category","embeddable":true,"href":"https:\/\/www.enerjigazetesi.ist\/en\/wp-json\/wp\/v2\/categories?post=39020"},{"taxonomy":"post_tag","embeddable":true,"href":"https:\/\/www.enerjigazetesi.ist\/en\/wp-json\/wp\/v2\/tags?post=39020"}],"curies":[{"name":"wp","href":"https:\/\/api.w.org\/{rel}","templated":true}]}}