{"id":39011,"date":"2015-05-06T13:06:29","date_gmt":"2015-05-06T10:06:29","guid":{"rendered":"https:\/\/www.enerjigazetesi.ist\/?p=39011"},"modified":"2015-05-23T15:07:33","modified_gmt":"2015-05-23T12:07:33","slug":"kose-yazisi-dogu-akdenizde-yeni-eksen-mi","status":"publish","type":"post","link":"https:\/\/www.enerjigazetesi.ist\/en\/kose-yazisi-dogu-akdenizde-yeni-eksen-mi\/","title":{"rendered":"(Turkish) K\u00f6\u015fe Yaz\u0131s\u0131: Do\u011fu Akdeniz\u2019de Yeni Eksen mi?"},"content":{"rendered":"<p class=\"qtranxs-available-languages-message qtranxs-available-languages-message-en\">Sorry, this entry is only available in <a href=\"https:\/\/www.enerjigazetesi.ist\/tr\/wp-json\/wp\/v2\/posts\/39011\" class=\"qtranxs-available-language-link qtranxs-available-language-link-tr\" title=\"Turkish\">Turkish<\/a>. For the sake of viewer convenience, the content is shown below in the alternative language. You may click the link to switch the active language.<\/p><p><\/p>\n<p style=\"color: #000000;\"><strong>Ge\u00e7en hafta Lefko\u015fa\u2019n\u0131n Rum kesiminde ger\u00e7ekle\u015fen bir \u201c\u00fc\u00e7l\u00fc zirve\u201d, Do\u011fu Akdeniz\u2019de yeni bir olu\u015fumun i\u015fareti mi?\u00a0<\/strong><strong>K\u0131br\u0131s Rum Cumhurba\u015fkan\u0131 Anastasiadis, M\u0131s\u0131r Devlet Ba\u015fkan\u0131 El Sisi ve Yunanistan Ba\u015fbakan\u0131 \u00c7ipras\u2019\u0131n bulu\u015fup Do\u011fu Akdeniz\u2019in gelece\u011fe ili\u015fkin stratejik kararlar almas\u0131, s\u0131radan bir olay de\u011fil tabii.<\/strong><span id=\"more-71399\"><\/span><\/p>\n<p style=\"color: #000000;\">\u00dc\u00e7 liderin ele ald\u0131\u011f\u0131 ve \u00fczerinde mutab\u0131k kald\u0131\u011f\u0131 ba\u015fl\u0131ca konular, Do\u011fu Akdeniz\u2019de \u201cm\u00fcnhas\u0131r ekonomik b\u00f6lgeler\u201din belirlenmesi ve K\u0131br\u0131s adas\u0131n\u0131n g\u00fcneyindeki do\u011fal gaz kaynaklar\u0131n\u0131n (i\u015fletmeye a\u00e7\u0131laca\u011f\u0131 zaman) M\u0131s\u0131r yoluyla d\u00fcnyaya pazarlanmas\u0131yla ilgili.<a href=\"https:\/\/www.enerjigazetesi.ist\/wp-content\/uploads\/2015\/05\/kose-yazisi-dogu-akdenizde-yeni-eksen-mi.jpg\"><img loading=\"lazy\" class=\"alignright size-medium wp-image-39012\" src=\"https:\/\/www.enerjigazetesi.ist\/wp-content\/uploads\/2015\/05\/kose-yazisi-dogu-akdenizde-yeni-eksen-mi-300x168.jpg\" alt=\"kose-yazisi-dogu-akdenizde-yeni-eksen-mi\" width=\"300\" height=\"168\" srcset=\"https:\/\/www.enerjigazetesi.ist\/wp-content\/uploads\/2015\/05\/kose-yazisi-dogu-akdenizde-yeni-eksen-mi-300x168.jpg 300w, https:\/\/www.enerjigazetesi.ist\/wp-content\/uploads\/2015\/05\/kose-yazisi-dogu-akdenizde-yeni-eksen-mi-500x280.jpg 500w, https:\/\/www.enerjigazetesi.ist\/wp-content\/uploads\/2015\/05\/kose-yazisi-dogu-akdenizde-yeni-eksen-mi-80x44.jpg 80w, https:\/\/www.enerjigazetesi.ist\/wp-content\/uploads\/2015\/05\/kose-yazisi-dogu-akdenizde-yeni-eksen-mi.jpg 788w\" sizes=\"(max-width: 300px) 100vw, 300px\" \/><\/a><br \/>\nHer iki konu da halen ilk a\u015famas\u0131nda. M\u00fcnhas\u0131r ekonomik b\u00f6lge s\u0131n\u0131rlar\u0131n\u0131n \u00e7izilmesi ve adan\u0131n g\u00fcneyindeki do\u011fal gaz\u0131n \u00e7\u0131kar\u0131lmas\u0131 zaman alacak. Ancak \u00fc\u00e7 \u00fclkenin bu projeler \u00fczerinde \u00e7al\u0131\u015fmaya ba\u015flamalar\u0131, bir \u201cstratejik ortakl\u0131k\u201d kurma istek ve kararl\u0131l\u0131\u011f\u0131n\u0131 g\u00f6steriyor.<br \/>\nTabii ki \u015fu anda bunu \u201cb\u00f6lgesel yeni bir eksen\u201d olarak nitelendirmek m\u00fcmk\u00fcn de\u011fil. Ama son zamanlarda K\u0131br\u0131s Rum y\u00f6netiminin i\u00e7inde oldu\u011fu ba\u015fka ikili veya \u00e7ok yanl\u0131 i\u015fbirli\u011fi ba\u011flar\u0131n\u0131n kuruldu\u011fu g\u00f6r\u00fcl\u00fcyor. \u00d6rne\u011fin \u0130srail ile G\u00fcney K\u0131br\u0131s (ve Yunanistan) aras\u0131nda savunma ve enerji alanlar\u0131nda ve gene Rum y\u00f6netimi ile Rusya aras\u0131nda siyasi ve ekonomik alanda yeni i\u015fbirli\u011fi ad\u0131mlar\u0131 at\u0131ld\u0131.<br \/>\n***<br \/>\nT\u00fcrkiye bu olu\u015fuma seyirci. Ankara G\u00fcney Lefko\u015fa\u2019daki son \u00fc\u00e7l\u00fc zirvede var\u0131lan mutabakata sert tepki g\u00f6sterdi. Resmi a\u011f\u0131zlar T\u00fcrkiye\u2019nin her zamanki gibi Do\u011fu Akdeniz\u2019deki m\u00fcnhas\u0131r ekonomik b\u00f6lge s\u0131n\u0131rlar\u0131n\u0131n belirlenmesini tan\u0131mayaca\u011f\u0131n\u0131, do\u011fal gaz kaynaklar\u0131n\u0131n \u201ctek yanl\u0131\u201d i\u015fletilmesine de izin vermeyece\u011fini s\u00f6ylediler.<br \/>\nT\u00fcrkiye BM\u2019nin Deniz Hukuku ile ilgili uluslararas\u0131 s\u00f6zle\u015fmesine dahil olmad\u0131\u011f\u0131 i\u00e7in, Do\u011fu Akdeniz\u2019in \u201cpayla\u015f\u0131lmas\u0131\u201d \u00e7al\u0131\u015fmalar\u0131n\u0131n da d\u0131\u015f\u0131nda kal\u0131yor. Bu gerek\u00e7eyle, \u00fc\u00e7l\u00fc zirvede al\u0131nan karara da itiraz ediyor. Ne var ki daha \u00f6nceki \u00e7al\u0131\u015fmalarda da uluslararas\u0131 camian\u0131n Ankara\u2019n\u0131n pozisyonunu ge\u00e7erli saymad\u0131\u011f\u0131 g\u00f6r\u00fcld\u00fc.<br \/>\nAyn\u0131 \u015fekilde, adan\u0131n g\u00fcneyindeki havzada do\u011fal gaz kaynaklar\u0131yla ilgili \u00e7al\u0131\u015fmalara T\u00fcrkiye\u2019nin yapt\u0131\u011f\u0131 itirazlar ve bunu engellemek i\u00e7in al\u0131nan askeri tedbirler (sava\u015f gemilerinin b\u00f6lgeye sevk edilmesi gibi) pek kabul g\u00f6rm\u00fcyor.<br \/>\n***<br \/>\n\u00dc\u00e7l\u00fc zirvede al\u0131nan kararlar uygulama a\u015famas\u0131na geldi\u011finde, \u00f6rne\u011fin m\u00fcnhas\u0131r ekonomik b\u00f6lgelerin s\u0131n\u0131rlar\u0131 \u00e7izildi\u011finde ve deniz alt\u0131 enerji kaynaklar\u0131 i\u015fletilmeye ba\u015fland\u0131\u011f\u0131nda, bu konudaki derin g\u00f6r\u00fc\u015f ayr\u0131l\u0131klar\u0131n\u0131n daha ciddi s\u00fcrt\u00fc\u015fmelere yol a\u00e7mas\u0131 m\u00fcmk\u00fcnd\u00fcr. Velev ki, K\u0131br\u0131s sorunu \u00e7\u00f6z\u00fcls\u00fcn, ada birle\u015fsin ve K\u0131br\u0131s T\u00fcrkleri de devletin e\u015fit bir par\u00e7as\u0131 olsun\u2026<br \/>\nBu olursa hava de\u011fi\u015fecek, Ankara devaml\u0131 itiraz eden muhalif taraf de\u011fil, ayn\u0131 projelerde birlikte \u00e7al\u0131\u015fan ve yeni olanaklar\u0131n\u0131 payla\u015fan bir ortak olacakt\u0131r.<br \/>\nK\u0131br\u0131s sorununun bir an \u00f6nce \u00e7\u00f6z\u00fcmlenmesi bu bak\u0131mdan da b\u00fcy\u00fck \u00f6nem ta\u015f\u0131yor.<br \/>\n***<br \/>\nDo\u011fu Akdeniz\u2019deki son siyasi geli\u015fmeler, T\u00fcrkiye\u2019nin bu duruma sadece kar\u015f\u0131 \u00e7\u0131kan bir g\u00fc\u00e7 olmamas\u0131 gerekti\u011fini g\u00f6steriyor. Ankara\u2019n\u0131n b\u00f6lgedeki bir\u00e7ok \u00fclkeyle diplomatik ili\u015fkileri kesmi\u015f olmas\u0131, onlarla diyalog kuramamas\u0131na ve olup bitenlerin de d\u0131\u015f\u0131nda kalmas\u0131na sebep oluyor.<br \/>\nAkdeniz\u2019de ileride \u00e7\u0131kar\u0131lacak do\u011fal gaz\u0131n d\u00fcnya piyasalar\u0131na sevki i\u00e7in en do\u011fru yol T\u00fcrkiye g\u00fczerg\u00e2h\u0131 iken, mevcut kopukluk y\u00fcz\u00fcnden bu imk\u00e2n de\u011ferlendirilemiyor.<br \/>\nB\u00fct\u00fcn bunlar Do\u011fu Akdeniz\u2019e yeni bir bak\u0131\u015f gerekti\u011fini ortaya koyuyor.<\/p>\n<p style=\"color: #000000;\"><em><strong>Sami Kohen \/\u00a0<a style=\"color: #c75615;\" href=\"http:\/\/www.milliyet.com.tr\/dogu-akdeniz-de-yeni-eksen-mi-\/dunya\/ydetay\/2054642\/default.htm\" target=\"_blank\" rel=\"nofollow\">Milliyet<\/a><\/strong><\/em><\/p>\n<p><\/p>","protected":false},"excerpt":{"rendered":"<p>Sorry, this entry is only available in Turkish. For the sake of viewer convenience, the content is shown below in the alternative language. You may click the link to switch the active language. Ge\u00e7en hafta Lefko\u015fa\u2019n\u0131n Rum kesiminde ger\u00e7ekle\u015fen bir \u201c\u00fc\u00e7l\u00fc zirve\u201d, Do\u011fu Akdeniz\u2019de yeni bir olu\u015fumun i\u015fareti mi?\u00a0K\u0131br\u0131s Rum Cumhurba\u015fkan\u0131 Anastasiadis, M\u0131s\u0131r Devlet Ba\u015fkan\u0131 [&hellip;]<\/p>\n","protected":false},"author":1,"featured_media":39012,"comment_status":"open","ping_status":"open","sticky":false,"template":"","format":"standard","meta":[],"categories":[46,53],"tags":[],"views":531,"_links":{"self":[{"href":"https:\/\/www.enerjigazetesi.ist\/en\/wp-json\/wp\/v2\/posts\/39011"}],"collection":[{"href":"https:\/\/www.enerjigazetesi.ist\/en\/wp-json\/wp\/v2\/posts"}],"about":[{"href":"https:\/\/www.enerjigazetesi.ist\/en\/wp-json\/wp\/v2\/types\/post"}],"author":[{"embeddable":true,"href":"https:\/\/www.enerjigazetesi.ist\/en\/wp-json\/wp\/v2\/users\/1"}],"replies":[{"embeddable":true,"href":"https:\/\/www.enerjigazetesi.ist\/en\/wp-json\/wp\/v2\/comments?post=39011"}],"version-history":[{"count":1,"href":"https:\/\/www.enerjigazetesi.ist\/en\/wp-json\/wp\/v2\/posts\/39011\/revisions"}],"predecessor-version":[{"id":39013,"href":"https:\/\/www.enerjigazetesi.ist\/en\/wp-json\/wp\/v2\/posts\/39011\/revisions\/39013"}],"wp:featuredmedia":[{"embeddable":true,"href":"https:\/\/www.enerjigazetesi.ist\/en\/wp-json\/wp\/v2\/media\/39012"}],"wp:attachment":[{"href":"https:\/\/www.enerjigazetesi.ist\/en\/wp-json\/wp\/v2\/media?parent=39011"}],"wp:term":[{"taxonomy":"category","embeddable":true,"href":"https:\/\/www.enerjigazetesi.ist\/en\/wp-json\/wp\/v2\/categories?post=39011"},{"taxonomy":"post_tag","embeddable":true,"href":"https:\/\/www.enerjigazetesi.ist\/en\/wp-json\/wp\/v2\/tags?post=39011"}],"curies":[{"name":"wp","href":"https:\/\/api.w.org\/{rel}","templated":true}]}}