{"id":39007,"date":"2015-05-06T13:02:46","date_gmt":"2015-05-06T10:02:46","guid":{"rendered":"https:\/\/www.enerjigazetesi.ist\/?p=39007"},"modified":"2015-05-23T15:06:25","modified_gmt":"2015-05-23T12:06:25","slug":"elektrik-motorlarini-verimlileriyle-degistiren-sanayiciye-kosgeb-destegi","status":"publish","type":"post","link":"https:\/\/www.enerjigazetesi.ist\/en\/elektrik-motorlarini-verimlileriyle-degistiren-sanayiciye-kosgeb-destegi\/","title":{"rendered":"(Turkish) Elektrik Motorlar\u0131n\u0131 Verimlileriyle De\u011fi\u015ftirene KOSGEB Deste\u011fi&#8230;"},"content":{"rendered":"<p class=\"qtranxs-available-languages-message qtranxs-available-languages-message-en\">Sorry, this entry is only available in <a href=\"https:\/\/www.enerjigazetesi.ist\/tr\/wp-json\/wp\/v2\/posts\/39007\" class=\"qtranxs-available-language-link qtranxs-available-language-link-tr\" title=\"Turkish\">Turkish<\/a>. For the sake of viewer convenience, the content is shown below in the alternative language. You may click the link to switch the active language.<\/p><p><\/p>\n<p style=\"color: #000000;\"><strong>Bilim, Sanayi ve Teknoloji Bakan\u0131 Fikri I\u015f\u0131k, sanayide kullan\u0131lan verimsiz elektrik motorlar\u0131n\u0131n verimlileriyle de\u011fi\u015ftirilmesi halinde sanayiciye destek vereceklerini s\u00f6yledi. I\u015f\u0131k, pilot il olarak da bunu Kayseri\u2019de uygulayacaklar\u0131n\u0131 a\u00e7\u0131klad\u0131.<\/strong><span id=\"more-71396\"><\/span><\/p>\n<p style=\"color: #000000;\">Kayseri Organize Sanayi B\u00f6lgesi 13. Ola\u011fan Kongresi\u2019ne Bilim, Sanayi ve Teknoloji Bakan\u0131 Fikri I\u015f\u0131k, Enerji ve Tabii Kaynaklar Bakan\u0131 Taner Y\u0131ld\u0131z ve \u00e7ok say\u0131da sanayici kat\u0131ld\u0131. Kongrede konu\u015fan Bakan I\u015f\u0131k, elektrik motorlar\u0131n\u0131 verimlileriyle de\u011fi\u015ftirme projesinde Kayseri\u2019yi pilot il se\u00e7tiklerini s\u00f6yledi. I\u015f\u0131k, Enerji ve Tabii Kaynaklar B<a href=\"https:\/\/www.enerjigazetesi.ist\/wp-content\/uploads\/2015\/05\/elektrik-motorlarini-verimlileriyle-degistiren-sanayiciye-kosgeb-destegi.jpg\"><img loading=\"lazy\" class=\"alignleft wp-image-39008 size-medium\" src=\"https:\/\/www.enerjigazetesi.ist\/wp-content\/uploads\/2015\/05\/elektrik-motorlarini-verimlileriyle-degistiren-sanayiciye-kosgeb-destegi-300x165.jpg\" alt=\"elektrik-motorlarini-verimlileriyle-degistiren-sanayiciye-kosgeb-destegi\" width=\"300\" height=\"165\" srcset=\"https:\/\/www.enerjigazetesi.ist\/wp-content\/uploads\/2015\/05\/elektrik-motorlarini-verimlileriyle-degistiren-sanayiciye-kosgeb-destegi-300x165.jpg 300w, https:\/\/www.enerjigazetesi.ist\/wp-content\/uploads\/2015\/05\/elektrik-motorlarini-verimlileriyle-degistiren-sanayiciye-kosgeb-destegi-500x276.jpg 500w, https:\/\/www.enerjigazetesi.ist\/wp-content\/uploads\/2015\/05\/elektrik-motorlarini-verimlileriyle-degistiren-sanayiciye-kosgeb-destegi-80x44.jpg 80w, https:\/\/www.enerjigazetesi.ist\/wp-content\/uploads\/2015\/05\/elektrik-motorlarini-verimlileriyle-degistiren-sanayiciye-kosgeb-destegi.jpg 870w\" sizes=\"(max-width: 300px) 100vw, 300px\" \/><\/a>akanl\u0131\u011f\u0131\u2019yla birlikte \u00e7al\u0131\u015ft\u0131klar\u0131 projenin kazan\u0131mlar\u0131n\u0131 anlatt\u0131. Y\u0131lda 8 milyar lira tasarruf hedeflendi\u011fini belirten I\u015f\u0131k, \u201cSadece elektrik motorlar\u0131n\u0131 verimlileriyle de\u011fi\u015ftirdi\u011fimizde y\u0131lda 8 milyar lira yakla\u015f\u0131k T\u00fcrkiye tasarruf edecek. Bu T\u00fcrkiye i\u00e7in son derece \u00f6nemli, birka\u00e7 baraj\u0131n asl\u0131nda yap\u0131lmadan elektrik \u00fcretmesi anlam\u0131na geliyor.<\/p>\n<p style=\"color: #000000;\">Sanayiciler de 18 ay i\u00e7inde elektrik motorlar\u0131n\u0131 de\u011fi\u015ftirmek i\u00e7in harcad\u0131klar\u0131 paray\u0131 ceplerine koymu\u015f olacaklar.\u201d dedi. KOSGEB olarak bakanl\u0131\u011f\u0131n devreye girdi\u011fini belirten I\u015f\u0131k, \u201cFizibilite sonucu verimsiz \u00e7al\u0131\u015fan elektrik motorlar\u0131n\u0131n verimlileriyle de\u011fi\u015ftirilmesi halinde kullan\u0131lacak kredinin faizini KOSGEB olarak biz kar\u015f\u0131layaca\u011f\u0131z. Bize 1 y\u0131l bir \u015fey \u00f6demeyin. O sene i\u00e7inde zaten siz harcad\u0131\u011f\u0131n\u0131z paran\u0131n en az y\u00fczde 65-70\u2019ini tasarruf edeceksiniz. 36 ayda da bize \u00f6deyeceksiniz. Bunu ilk etapta Kayseri\u2019den ba\u015flat\u0131yoruz. Hedefimiz t\u00fcm T\u00fcrkiye\u2019de seferberlik ba\u015flat\u0131p sanayideki verimsiz elektrik motorlar\u0131n\u0131 verimlileriyle de\u011fi\u015ftirmek.<\/p>\n<p style=\"color: #000000;\">Enerji ve Tabii Kaynaklar Bakan\u0131 Taner Y\u0131ld\u0131z da, sanayicilere enerji tasarrufu i\u00e7in gereken yat\u0131r\u0131mlar\u0131 yapmalar\u0131 gerekti\u011fini s\u00f6yledi. Enerji verimlili\u011fiyle ilgili projelerin kendisini 1-2 y\u0131lda amorti eden yat\u0131r\u0131mlar oldu\u011funu belirten Y\u0131ld\u0131z, \u015funlar\u0131 s\u00f6yledi; \u201cKayseri gibi gece g\u00fcnd\u00fcz \u0131s\u0131 fark\u0131n\u0131n en y\u00fcksek oldu\u011fu illerde bu manada yap\u0131lan yal\u0131t\u0131mlar\u0131n ve tasarruflar\u0131n daha b\u00fcy\u00fck oldu\u011funu g\u00f6r\u00fcyoruz. O y\u00fczden b\u00fct\u00fcn sanayicilerimizde olu\u015fan bu hassasiyetin fazlas\u0131yla b\u00fct\u00fcn arkada\u015flara yay\u0131lmas\u0131n\u0131 vurgulamak istiyorum. Bu yaln\u0131zca kendi b\u00fct\u00e7elerine de\u011fil, \u00fclkemizde de enerji kalemleriyle alakal\u0131 \u00f6nemli katk\u0131lar sunacakt\u0131r. Baca gazlar\u0131n\u0131n ar\u0131t\u0131lmas\u0131, kaybolan \u0131s\u0131n\u0131n geri kazan\u0131lmas\u0131, binalar\u0131n yal\u0131t\u0131m\u0131, pompalar\u0131n de\u011fi\u015ftirilmesi gibi bir\u00e7ok alanda, bunlar\u0131n uygulanmalar\u0131 hesaplanm\u0131\u015f olacakt\u0131r. Bizim hedefimiz 65 milyar liral\u0131k bir rakam\u0131 10 y\u0131l i\u00e7inde almak. Sanayicimiz bu tasarrufu yapabilecek durumda. \u00c7\u00fcnk\u00fc di\u011fer sekt\u00f6rlerle birlikte 15 milyarl\u0131k y\u0131ll\u0131k bir tasarruftan bahsediyoruz. Bu \u00e7ok ciddi ve \u00f6nemli bir para. Neredeyse kamula\u015ft\u0131rma hari\u00e7 Atat\u00fcrk Baraj\u0131n\u0131n b\u00fct\u00fcn masraf\u0131n\u0131 kar\u015f\u0131layacak kadar bir para. Sizin yapaca\u011f\u0131n\u0131z tasarruf bize sanki enerji santrali ba\u011f\u0131\u015flamak anlam\u0131na geliyor.\u201d<\/p>\n<p style=\"color: #000000;\">Kaynak: Enerji Enstit\u00fcs\u00fc<\/p>\n<p><\/p>","protected":false},"excerpt":{"rendered":"<p>Sorry, this entry is only available in Turkish. For the sake of viewer convenience, the content is shown below in the alternative language. You may click the link to switch the active language. Bilim, Sanayi ve Teknoloji Bakan\u0131 Fikri I\u015f\u0131k, sanayide kullan\u0131lan verimsiz elektrik motorlar\u0131n\u0131n verimlileriyle de\u011fi\u015ftirilmesi halinde sanayiciye destek vereceklerini s\u00f6yledi. I\u015f\u0131k, pilot il [&hellip;]<\/p>\n","protected":false},"author":1,"featured_media":39008,"comment_status":"open","ping_status":"open","sticky":false,"template":"","format":"standard","meta":[],"categories":[53,52],"tags":[],"views":889,"_links":{"self":[{"href":"https:\/\/www.enerjigazetesi.ist\/en\/wp-json\/wp\/v2\/posts\/39007"}],"collection":[{"href":"https:\/\/www.enerjigazetesi.ist\/en\/wp-json\/wp\/v2\/posts"}],"about":[{"href":"https:\/\/www.enerjigazetesi.ist\/en\/wp-json\/wp\/v2\/types\/post"}],"author":[{"embeddable":true,"href":"https:\/\/www.enerjigazetesi.ist\/en\/wp-json\/wp\/v2\/users\/1"}],"replies":[{"embeddable":true,"href":"https:\/\/www.enerjigazetesi.ist\/en\/wp-json\/wp\/v2\/comments?post=39007"}],"version-history":[{"count":2,"href":"https:\/\/www.enerjigazetesi.ist\/en\/wp-json\/wp\/v2\/posts\/39007\/revisions"}],"predecessor-version":[{"id":39010,"href":"https:\/\/www.enerjigazetesi.ist\/en\/wp-json\/wp\/v2\/posts\/39007\/revisions\/39010"}],"wp:featuredmedia":[{"embeddable":true,"href":"https:\/\/www.enerjigazetesi.ist\/en\/wp-json\/wp\/v2\/media\/39008"}],"wp:attachment":[{"href":"https:\/\/www.enerjigazetesi.ist\/en\/wp-json\/wp\/v2\/media?parent=39007"}],"wp:term":[{"taxonomy":"category","embeddable":true,"href":"https:\/\/www.enerjigazetesi.ist\/en\/wp-json\/wp\/v2\/categories?post=39007"},{"taxonomy":"post_tag","embeddable":true,"href":"https:\/\/www.enerjigazetesi.ist\/en\/wp-json\/wp\/v2\/tags?post=39007"}],"curies":[{"name":"wp","href":"https:\/\/api.w.org\/{rel}","templated":true}]}}