{"id":38992,"date":"2015-05-05T14:05:47","date_gmt":"2015-05-05T11:05:47","guid":{"rendered":"https:\/\/www.enerjigazetesi.ist\/?p=38992"},"modified":"2015-05-23T15:08:10","modified_gmt":"2015-05-23T12:08:10","slug":"uluslararasi-enerji-ve-cevre-fuari-ve-konferansi-icci-2015-yarin-basliyor","status":"publish","type":"post","link":"https:\/\/www.enerjigazetesi.ist\/en\/uluslararasi-enerji-ve-cevre-fuari-ve-konferansi-icci-2015-yarin-basliyor\/","title":{"rendered":"(Turkish) Uluslararas\u0131 Enerji ve \u00c7evre Fuar\u0131 ve Konferans\u0131 ICCI 2015 Yar\u0131n Ba\u015fl\u0131yor!"},"content":{"rendered":"<p class=\"qtranxs-available-languages-message qtranxs-available-languages-message-en\">Sorry, this entry is only available in <a href=\"https:\/\/www.enerjigazetesi.ist\/tr\/wp-json\/wp\/v2\/posts\/38992\" class=\"qtranxs-available-language-link qtranxs-available-language-link-tr\" title=\"Turkish\">Turkish<\/a>. For the sake of viewer convenience, the content is shown below in the alternative language. You may click the link to switch the active language.<\/p><p><\/p>\n<p style=\"color: #000000;\"><strong>36 oturum ve 200 sunum yap\u0131lacak 21. Uluslararas\u0131 Enerji ve \u00c7evre Fuar\u0131 ve Konferans\u0131 \u2013 ICCI 2015 yar\u0131n ba\u015fl\u0131yor. Enerji sekt\u00f6r\u00fcn\u00fcn en \u00f6nemli platformu olan ICCI \u2013 Enerji ve \u00c7evre Fuar\u0131 ve Konferans\u0131, \u201cEnerji Sanayi Sekt\u00f6r\u00fcnde 21. Y\u0131l\u201d slogan\u0131 ile 6 May\u0131s \u00c7ar\u015famba g\u00fcn\u00fc Ye\u015filk\u00f6y \u0130stanbul Fuar Merkezi\u2019nde ba\u015flayacak. \u00dc\u00e7 g\u00fcn s\u00fcrecek fuar ve konferansta, Enerji Piyasalar\u0131 \u0130\u015fletme Anonim \u015eirketi\u2019nin (EP\u0130A\u015e) ilk geni\u015f kat\u0131l\u0131ml\u0131 tan\u0131t\u0131m\u0131 ger\u00e7ekle\u015ftirilecek.<\/strong><\/p>\n<p style=\"color: #000000;\">\n<p style=\"color: #000000;\">Enerji ve Tabii Kaynaklar Bakanl\u0131\u011f\u0131, \u00c7evre ve \u015eehircilik Bakanl\u0131\u011f\u0131 ve Enerji Piyasas\u0131 D\u00fczenleme Kurumunun <a href=\"https:\/\/www.enerjigazetesi.ist\/wp-content\/uploads\/2015\/05\/uluslararasi-enerji-ve-cevre-fuari-ve-konferansi-icci-2015-yarin-basliyor.jpg\"><img loading=\"lazy\" class=\"alignright size-medium wp-image-38993\" src=\"https:\/\/www.enerjigazetesi.ist\/wp-content\/uploads\/2015\/05\/uluslararasi-enerji-ve-cevre-fuari-ve-konferansi-icci-2015-yarin-basliyor-300x200.jpg\" alt=\"uluslararasi-enerji-ve-cevre-fuari-ve-konferansi-icci-2015-yarin-basliyor\" width=\"300\" height=\"200\" srcset=\"https:\/\/www.enerjigazetesi.ist\/wp-content\/uploads\/2015\/05\/uluslararasi-enerji-ve-cevre-fuari-ve-konferansi-icci-2015-yarin-basliyor-300x200.jpg 300w, https:\/\/www.enerjigazetesi.ist\/wp-content\/uploads\/2015\/05\/uluslararasi-enerji-ve-cevre-fuari-ve-konferansi-icci-2015-yarin-basliyor-500x333.jpg 500w, https:\/\/www.enerjigazetesi.ist\/wp-content\/uploads\/2015\/05\/uluslararasi-enerji-ve-cevre-fuari-ve-konferansi-icci-2015-yarin-basliyor-75x50.jpg 75w, https:\/\/www.enerjigazetesi.ist\/wp-content\/uploads\/2015\/05\/uluslararasi-enerji-ve-cevre-fuari-ve-konferansi-icci-2015-yarin-basliyor.jpg 870w\" sizes=\"(max-width: 300px) 100vw, 300px\" \/><\/a>(EPDK) destekleri ile ger\u00e7ekle\u015fecek ICCI 2015 \u2013 21.Uluslararas\u0131 Enerji ve \u00c7evre Fuar\u0131 ve Konferans\u0131\u2019na 35 \u00fclkeden 400\u2019e yak\u0131n firma kat\u0131lacak.<\/p>\n<p style=\"color: #000000;\">A\u00e7\u0131l\u0131\u015f\u0131n\u0131 Enerji ve Tabii Kaynaklar Bakan\u0131 Taner Y\u0131ld\u0131z ger\u00e7ekle\u015ftirece\u011fi ICCI-2015\u2019te 36 farkl\u0131 oturumda 200 sunum ger\u00e7ekle\u015ftirilecek. Oturumlarda, elektrik da\u011f\u0131t\u0131m sekt\u00f6r\u00fc, yenilenebilir enerji yat\u0131r\u0131mlar\u0131, elektrik piyasas\u0131 mevzuat\u0131, g\u00fcne\u015f enerji sistemleri, hidrolik kapasiteler, termik santraller, k\u00f6m\u00fcr i\u015fletmecili\u011fi, n\u00fckleer enerji, r\u00fczgar enerji sekt\u00f6r\u00fc gibi \u00e7e\u015fitli konular ele al\u0131nacak.<\/p>\n<p style=\"color: #000000;\">Etkinli\u011fe, ICCI Y\u00fcr\u00fctme Kurulu Ba\u015fkan\u0131 ve Enerji ve Tabii Kaynaklar Bakanl\u0131\u011f\u0131 M\u00fcste\u015far Yard\u0131mc\u0131s\u0131 Selahattin \u00c7imen, D\u0131\u015f Ekonomik \u0130li\u015fkiler Konseyi Y\u00f6netim Kurulu Ba\u015fkan\u0131 \u00d6mer Cihad Vardan, EPDK Ba\u015fkan\u0131 Mustafa Y\u0131lmaz, TBMM \u00c7evre Komisyonu Ba\u015fkan\u0131 Erol Kaya, TBMM Sanayi, Ticaret, Enerji Tabii Kaynaklar, Bilgi ve Teknoloji Komisyonu Ba\u015fkan\u0131 Halil Maz\u0131c\u0131o\u011flu da kat\u0131lacak.<\/p>\n<p style=\"color: #000000;\">Sekt\u00f6rel Fuarc\u0131l\u0131k A.\u015e. Genel M\u00fcd\u00fcr\u00fc S\u00fcleyman Bulak, ICCI 2015\u2019de, fuar b\u00f6l\u00fcm\u00fcnde enerji ve \u00e7evre ile ilgili en son teknolojilerin sergilenece\u011fini belirterek, \u201cFuarlarda, elbette ki kat\u0131l\u0131mc\u0131 firmalar yeni \u00fcr\u00fcnlerini, en son teknolojileri sergiliyorlar. Kar\u015f\u0131l\u0131kl\u0131 i\u015fbirli\u011fi g\u00f6r\u00fc\u015fmeleri yap\u0131yorlar. Bizim fuar\u0131m\u0131z\u0131n bir amac\u0131 da, d\u00fczenlenen panel ve konferanslar ile 2023 y\u0131l\u0131nda 500 milyar kilovat saate \u00e7\u0131kaca\u011f\u0131 \u00f6ng\u00f6r\u00fclen elektrik enerjisi talebi kar\u015f\u0131layacak yeni teknolojileri ele almak, enerji \u00fcretiminde sorunlar varsa bunlar\u0131 ilgili kurumlarla direkt payla\u015f\u0131p \u00e7\u00f6z\u00fcm yollar\u0131 bulmakt\u0131r\u201d de\u011ferlendirmesinde bulundu.<\/p>\n<p style=\"color: #000000;\">ICCI 2015\u2019e enerji ile ilgili t\u00fcm kurum ve kurulu\u015flar\u0131n destek verdi\u011fini ifade eden Bulak, \u201cT\u00fcrkiye, elektrik enerjisi ihtiyac\u0131n\u0131 kar\u015f\u0131lamak i\u00e7in kaynak \u00e7e\u015fitlili\u011fi yarat\u0131yor. Termik, hidrolik, jeotermal derken, art\u0131k r\u00fczgar, g\u00fcne\u015f, n\u00fckleerden s\u00f6z ediliyor. Bir yandan da, kaynaklar\u0131 elektrik enerjisine \u00e7evirirken kaybolan enerjinin \u0131s\u0131ya d\u00f6n\u00fc\u015ft\u00fcr\u00fclmesi gibi \u00e7evreci yakla\u015f\u0131mlar g\u00fcn ge\u00e7tik\u00e7e yayg\u0131nla\u015f\u0131yor. Bu y\u0131l ki fuar\u0131m\u0131z, yeni teknolojiler ve uygulamalar a\u00e7\u0131s\u0131ndan da \u00e7ok zengin olacak\u201d ifadelerini kulland\u0131.<\/p>\n<p style=\"color: #000000;\">Yay\u0131nc\u0131: <a href=\"https:\/\/www.enerjigazetesi.ist\" target=\"_blank\">Enerji Gazetesi<\/a><\/p>\n<p><\/p>","protected":false},"excerpt":{"rendered":"<p>Sorry, this entry is only available in Turkish. For the sake of viewer convenience, the content is shown below in the alternative language. You may click the link to switch the active language. 36 oturum ve 200 sunum yap\u0131lacak 21. Uluslararas\u0131 Enerji ve \u00c7evre Fuar\u0131 ve Konferans\u0131 \u2013 ICCI 2015 yar\u0131n ba\u015fl\u0131yor. Enerji sekt\u00f6r\u00fcn\u00fcn en [&hellip;]<\/p>\n","protected":false},"author":1,"featured_media":38993,"comment_status":"open","ping_status":"open","sticky":false,"template":"","format":"standard","meta":[],"categories":[53],"tags":[],"views":993,"_links":{"self":[{"href":"https:\/\/www.enerjigazetesi.ist\/en\/wp-json\/wp\/v2\/posts\/38992"}],"collection":[{"href":"https:\/\/www.enerjigazetesi.ist\/en\/wp-json\/wp\/v2\/posts"}],"about":[{"href":"https:\/\/www.enerjigazetesi.ist\/en\/wp-json\/wp\/v2\/types\/post"}],"author":[{"embeddable":true,"href":"https:\/\/www.enerjigazetesi.ist\/en\/wp-json\/wp\/v2\/users\/1"}],"replies":[{"embeddable":true,"href":"https:\/\/www.enerjigazetesi.ist\/en\/wp-json\/wp\/v2\/comments?post=38992"}],"version-history":[{"count":1,"href":"https:\/\/www.enerjigazetesi.ist\/en\/wp-json\/wp\/v2\/posts\/38992\/revisions"}],"predecessor-version":[{"id":38994,"href":"https:\/\/www.enerjigazetesi.ist\/en\/wp-json\/wp\/v2\/posts\/38992\/revisions\/38994"}],"wp:featuredmedia":[{"embeddable":true,"href":"https:\/\/www.enerjigazetesi.ist\/en\/wp-json\/wp\/v2\/media\/38993"}],"wp:attachment":[{"href":"https:\/\/www.enerjigazetesi.ist\/en\/wp-json\/wp\/v2\/media?parent=38992"}],"wp:term":[{"taxonomy":"category","embeddable":true,"href":"https:\/\/www.enerjigazetesi.ist\/en\/wp-json\/wp\/v2\/categories?post=38992"},{"taxonomy":"post_tag","embeddable":true,"href":"https:\/\/www.enerjigazetesi.ist\/en\/wp-json\/wp\/v2\/tags?post=38992"}],"curies":[{"name":"wp","href":"https:\/\/api.w.org\/{rel}","templated":true}]}}