{"id":38989,"date":"2015-05-05T13:31:25","date_gmt":"2015-05-05T10:31:25","guid":{"rendered":"https:\/\/www.enerjigazetesi.ist\/?p=38989"},"modified":"2015-05-23T15:08:19","modified_gmt":"2015-05-23T12:08:19","slug":"epdk-toroslar-edas-elektrik-revizyonu-fiyatlari-arttirmayacak","status":"publish","type":"post","link":"https:\/\/www.enerjigazetesi.ist\/en\/epdk-toroslar-edas-elektrik-revizyonu-fiyatlari-arttirmayacak\/","title":{"rendered":"(Turkish) EPDK: \u201cToroslar EDA\u015e Elektrik Revizyonu Fiyatlar\u0131 Artt\u0131rmayacak&#8230;\u201d"},"content":{"rendered":"<p class=\"qtranxs-available-languages-message qtranxs-available-languages-message-en\">Sorry, this entry is only available in <a href=\"https:\/\/www.enerjigazetesi.ist\/tr\/wp-json\/wp\/v2\/posts\/38989\" class=\"qtranxs-available-language-link qtranxs-available-language-link-tr\" title=\"Turkish\">Turkish<\/a>. For the sake of viewer convenience, the content is shown below in the alternative language. You may click the link to switch the active language.<\/p><p><\/p>\n<p style=\"color: #000000;\"><strong>Mersin, Adana, Osmaniye, Gaziantep, Kilis, Hatay\u2019\u0131n elektrik da\u011f\u0131t\u0131m ihalesini alan Toroslar EDA\u015e hakk\u0131nda bas\u0131na yans\u0131yan haberler EPDK\u2019y\u0131 harekete ge\u00e7irdi.<\/strong><\/p>\n<p style=\"color: #000000;\">Baz\u0131 bas\u0131n yay\u0131n organlar\u0131nda Suriyeli m\u00fcltecilerin m\u00fccbir sebep say\u0131ld\u0131\u011f\u0131 ve bu nedenle elektrik faturalar\u0131 \u00fczerinden abonelerden ilave para toplanaca\u011f\u0131 \u015feklinde haberler \u00e7\u0131kmas\u0131 \u00fczerine EPDK harekete ge\u00e7ti.<a href=\"https:\/\/www.enerjigazetesi.ist\/wp-content\/uploads\/2015\/05\/epdk-toroslar-edas-elektrik-revizyonu-fiyatlari-arttirmayacak.jpg\"><img loading=\"lazy\" class=\"alignleft wp-image-38990 size-medium\" src=\"https:\/\/www.enerjigazetesi.ist\/wp-content\/uploads\/2015\/05\/epdk-toroslar-edas-elektrik-revizyonu-fiyatlari-arttirmayacak-300x157.jpg\" alt=\"epdk-toroslar-edas-elektrik-revizyonu-fiyatlari-arttirmayacak\" width=\"300\" height=\"157\" srcset=\"https:\/\/www.enerjigazetesi.ist\/wp-content\/uploads\/2015\/05\/epdk-toroslar-edas-elektrik-revizyonu-fiyatlari-arttirmayacak-300x157.jpg 300w, https:\/\/www.enerjigazetesi.ist\/wp-content\/uploads\/2015\/05\/epdk-toroslar-edas-elektrik-revizyonu-fiyatlari-arttirmayacak-500x262.jpg 500w, https:\/\/www.enerjigazetesi.ist\/wp-content\/uploads\/2015\/05\/epdk-toroslar-edas-elektrik-revizyonu-fiyatlari-arttirmayacak-80x41.jpg 80w, https:\/\/www.enerjigazetesi.ist\/wp-content\/uploads\/2015\/05\/epdk-toroslar-edas-elektrik-revizyonu-fiyatlari-arttirmayacak.jpg 870w\" sizes=\"(max-width: 300px) 100vw, 300px\" \/><\/a><span id=\"more-71394\"><\/span><\/p>\n<p style=\"color: #000000;\">EPDK\u2019dan Yap\u0131lan yaz\u0131l\u0131 a\u00e7\u0131klamada durum a\u00e7\u0131kl\u0131\u011fa kavu\u015ftu.<\/p>\n<p style=\"color: #000000;\">Toroslar EDA\u015e\u2019\u0131n, kontrol\u00fcnde bulunan b\u00f6lgelerde Suriye\u2019de ya\u015fanan sava\u015f nedeniyle T\u00fcrkiye\u2019ye s\u0131\u011f\u0131nan Suriyelilerin elektrikte kay\u0131p-ka\u00e7ak oranlar\u0131n\u0131 artt\u0131rd\u0131\u011f\u0131 iddia edildi.<\/p>\n<p style=\"color: #000000;\">EnerjiSA, b\u00f6lgede kay\u0131p ve ka\u00e7ak oran\u0131n\u0131n y\u00fczde 15\u2019e y\u00fckseldi\u011fini \u00f6ne s\u00fcrerek Enerji Piyasas\u0131 D\u00fczenleme Kurumu\u2019na (EPDK) ba\u015fvurdu.<\/p>\n<p style=\"color: #000000;\">Toroslar EDA\u015e, durumun \u201cm\u00fccbir sebep\u201d kabul edilmesini, EPDK taraf\u0131ndan konulan kay\u0131p-ka\u00e7ak hedeflerinin yenilenmesini ve art\u0131r\u0131lmas\u0131n\u0131 istedi.<\/p>\n<p style=\"color: #000000;\">EPDK taraf\u0131ndan yap\u0131lan a\u00e7\u0131klamada Toroslar EDA\u015e\u2019\u0131n 2013 y\u0131l\u0131ndan itibaren birden fazla ba\u015fvuruda bulundu\u011fu, ba\u015fvurular\u0131nda da\u011f\u0131t\u0131m b\u00f6lgesinde olu\u015fan \u015fartlar \u00e7er\u00e7evesinde hedef kay\u0131p oran\u0131n\u0131n yakalanmas\u0131n\u0131n m\u00fcmk\u00fcn olmad\u0131\u011f\u0131, her t\u00fcrl\u00fc tedbir al\u0131nmas\u0131na ra\u011fmen istenen hedefin yakalanamad\u0131\u011f\u0131 ifade edildi. Zorunluluk \u00e7er\u00e7evesinde hedef kay\u0131p oran\u0131n\u0131n revize edilmesi talep edildi.<\/p>\n<p style=\"color: #000000;\">Enerji Piyasas\u0131 Denetleme Kurumu gerekli inceleme ve \u00e7al\u0131\u015fmalar sonras\u0131, Toroslar EDA\u015e\u2019\u0131n talebini hakl\u0131 bularak hedef oran\u0131n revizesi yapt\u0131.<\/p>\n<p style=\"color: #000000;\">Toroslar Elektrik Da\u011f\u0131t\u0131m A.\u015e. EPDK\u2019ya ba\u015fvurular\u0131nda hedef kay\u0131p oran\u0131 i\u00e7in y\u00fczde 1 d\u00fczeltme talep etmi\u015fti. EPDK ald\u0131\u011f\u0131 kararda m\u00fccbir sebebi hakl\u0131 buldu fakat Toroslar EDA\u015e\u2019\u0131n iddia etti\u011finin aksine y\u00fczde 1\u2019in alt\u0131nda d\u00fczeltme yap\u0131lmas\u0131n\u0131 uygun g\u00f6rd\u00fc.<\/p>\n<p style=\"color: #000000;\">Baz\u0131 bas\u0131n kurulu\u015flar\u0131nda EPDK taraf\u0131ndan yap\u0131lan d\u00fczeltmenin elektrik fiyatlar\u0131nda art\u0131\u015fa neden olaca\u011f\u0131 iddialar\u0131 yer ald\u0131. EPDK medyada yer alan bu iddialara ili\u015fkin olarak s\u00f6z konusu revizyonun elektrik fiyatlar\u0131nda art\u0131\u015fa yol a\u00e7acak b\u00fcy\u00fckl\u00fckte olmad\u0131\u011f\u0131n\u0131 duyurdu ve haberleri yalanlad\u0131.<\/p>\n<p style=\"color: #000000;\">EPDK a\u00e7\u0131klamas\u0131nda d\u00fczenlemenin ulusal elektrik tarifelerine etkisinin y\u00fczde 10\u2019a varan art\u0131\u015flara neden olaca\u011f\u0131 iddias\u0131n\u0131n da ger\u00e7ekle ba\u011fda\u015fmad\u0131\u011f\u0131n\u0131 ancak etkisini binde oranlarda yans\u0131yaca\u011f\u0131n\u0131 a\u00e7\u0131klad\u0131.<\/p>\n<p style=\"color: #000000;\">EPDK elektrik da\u011f\u0131t\u0131m mevzuat\u0131 gere\u011fi y\u00fczde 1\u2019in alt\u0131ndaki elektrikteki maliyet de\u011fi\u015fikliklerinin t\u00fcketici fiyatlar\u0131na yans\u0131mas\u0131n\u0131n s\u00f6z konusu olmayaca\u011f\u0131n\u0131 alt\u0131n\u0131 \u00e7izdi ve haberlerin maksatl\u0131 olarak ortaya at\u0131ld\u0131\u011f\u0131n\u0131 ve bu haberlere itibar edilmemesini istedi.<\/p>\n<p style=\"color: #000000;\">Kaynak: Enerji Enst\u00fcs\u00fc<\/p>\n<p><\/p>","protected":false},"excerpt":{"rendered":"<p>Sorry, this entry is only available in Turkish. For the sake of viewer convenience, the content is shown below in the alternative language. You may click the link to switch the active language. Mersin, Adana, Osmaniye, Gaziantep, Kilis, Hatay\u2019\u0131n elektrik da\u011f\u0131t\u0131m ihalesini alan Toroslar EDA\u015e hakk\u0131nda bas\u0131na yans\u0131yan haberler EPDK\u2019y\u0131 harekete ge\u00e7irdi. Baz\u0131 bas\u0131n yay\u0131n [&hellip;]<\/p>\n","protected":false},"author":1,"featured_media":38990,"comment_status":"open","ping_status":"open","sticky":false,"template":"","format":"standard","meta":[],"categories":[51,53],"tags":[],"views":953,"_links":{"self":[{"href":"https:\/\/www.enerjigazetesi.ist\/en\/wp-json\/wp\/v2\/posts\/38989"}],"collection":[{"href":"https:\/\/www.enerjigazetesi.ist\/en\/wp-json\/wp\/v2\/posts"}],"about":[{"href":"https:\/\/www.enerjigazetesi.ist\/en\/wp-json\/wp\/v2\/types\/post"}],"author":[{"embeddable":true,"href":"https:\/\/www.enerjigazetesi.ist\/en\/wp-json\/wp\/v2\/users\/1"}],"replies":[{"embeddable":true,"href":"https:\/\/www.enerjigazetesi.ist\/en\/wp-json\/wp\/v2\/comments?post=38989"}],"version-history":[{"count":1,"href":"https:\/\/www.enerjigazetesi.ist\/en\/wp-json\/wp\/v2\/posts\/38989\/revisions"}],"predecessor-version":[{"id":38991,"href":"https:\/\/www.enerjigazetesi.ist\/en\/wp-json\/wp\/v2\/posts\/38989\/revisions\/38991"}],"wp:featuredmedia":[{"embeddable":true,"href":"https:\/\/www.enerjigazetesi.ist\/en\/wp-json\/wp\/v2\/media\/38990"}],"wp:attachment":[{"href":"https:\/\/www.enerjigazetesi.ist\/en\/wp-json\/wp\/v2\/media?parent=38989"}],"wp:term":[{"taxonomy":"category","embeddable":true,"href":"https:\/\/www.enerjigazetesi.ist\/en\/wp-json\/wp\/v2\/categories?post=38989"},{"taxonomy":"post_tag","embeddable":true,"href":"https:\/\/www.enerjigazetesi.ist\/en\/wp-json\/wp\/v2\/tags?post=38989"}],"curies":[{"name":"wp","href":"https:\/\/api.w.org\/{rel}","templated":true}]}}