{"id":38986,"date":"2015-05-05T13:24:53","date_gmt":"2015-05-05T10:24:53","guid":{"rendered":"https:\/\/www.enerjigazetesi.ist\/?p=38986"},"modified":"2015-05-23T15:08:25","modified_gmt":"2015-05-23T12:08:25","slug":"komurun-baskenti-zonguldaka-guney-afrikadan-ithal-komur","status":"publish","type":"post","link":"https:\/\/www.enerjigazetesi.ist\/en\/komurun-baskenti-zonguldaka-guney-afrikadan-ithal-komur\/","title":{"rendered":"(Turkish) K\u00f6m\u00fcr\u00fcn Ba\u015fkenti Zonguldak\u2019a G\u00fcney Afrika\u2019dan \u0130thal K\u00f6m\u00fcr!"},"content":{"rendered":"<p class=\"qtranxs-available-languages-message qtranxs-available-languages-message-en\">Sorry, this entry is only available in <a href=\"https:\/\/www.enerjigazetesi.ist\/tr\/wp-json\/wp\/v2\/posts\/38986\" class=\"qtranxs-available-language-link qtranxs-available-language-link-tr\" title=\"Turkish\">Turkish<\/a>. For the sake of viewer convenience, the content is shown below in the alternative language. You may click the link to switch the active language.<\/p><p><\/p>\n<p style=\"color: #000000;\"><strong>Torba Yasa\u2019n\u0131n ard\u0131ndan bir\u00e7ok \u00f6zel i\u015fletmenin faaliyetlerini durdurmas\u0131 \u00fczerine sanayinin k\u00f6m\u00fcr talebi kar\u015f\u0131lanam\u0131yor.<\/strong><\/p>\n<p style=\"color: #000000;\">T\u00fcrkiye, Soma facias\u0131ndan sonra \u00e7\u0131kar\u0131lan Torba Yasa ile \u00e7al\u0131\u015fma \u015fartlar\u0131nda b\u00fcy\u00fck de\u011fi\u015fiklik yap\u0131lan made<a href=\"https:\/\/www.enerjigazetesi.ist\/wp-content\/uploads\/2015\/05\/komurun-baskenti-zonguldaka-guney-afrikadan-ithal-komur.jpg\"><img loading=\"lazy\" class=\"alignright size-medium wp-image-38987\" src=\"https:\/\/www.enerjigazetesi.ist\/wp-content\/uploads\/2015\/05\/komurun-baskenti-zonguldaka-guney-afrikadan-ithal-komur-300x174.jpg\" alt=\"komurun-baskenti-zonguldaka-guney-afrikadan-ithal-komur\" width=\"300\" height=\"174\" srcset=\"https:\/\/www.enerjigazetesi.ist\/wp-content\/uploads\/2015\/05\/komurun-baskenti-zonguldaka-guney-afrikadan-ithal-komur-300x174.jpg 300w, https:\/\/www.enerjigazetesi.ist\/wp-content\/uploads\/2015\/05\/komurun-baskenti-zonguldaka-guney-afrikadan-ithal-komur-500x291.jpg 500w, https:\/\/www.enerjigazetesi.ist\/wp-content\/uploads\/2015\/05\/komurun-baskenti-zonguldaka-guney-afrikadan-ithal-komur-80x46.jpg 80w, https:\/\/www.enerjigazetesi.ist\/wp-content\/uploads\/2015\/05\/komurun-baskenti-zonguldaka-guney-afrikadan-ithal-komur.jpg 714w\" sizes=\"(max-width: 300px) 100vw, 300px\" \/><\/a>n sekt\u00f6r\u00fcnde \u00e7ok farkl\u0131 bir noktaya geldi.<span id=\"more-71393\"><\/span>\u00a0\u201cMaa\u015flar\u0131n iki asgari \u00fccretten az olmamas\u0131, haftada 36 saat \u00e7al\u0131\u015fma, 2 g\u00fcn haftal\u0131k izin\u201d gibi d\u00fczenlemer, madenin ba\u015fkenti Zonguldak\u2019ta k\u00f6m\u00fcr ithalat\u0131n\u0131 ba\u015flatt\u0131. Havzadaki demir \u00e7elik ve termik santraller k\u00f6m\u00fcr bulamay\u0131nca, \u00e7areyi ithalatta buldu.<\/p>\n<p style=\"color: #000000;\">B\u00f6lgenin en \u00f6nemli k\u00f6m\u00fcr \u00fcreticilerinden Ar\u0131 \u015eirketler Grubu Y\u00f6netim Kurulu Ba\u015fkan\u0131 Yusuf G\u00fcnay, son \u00e7\u0131kan kanunla birlikte maliyetleri olduk\u00e7a artan sekt\u00f6r\u00fcn iyice darald\u0131\u011f\u0131n\u0131 s\u00f6yledi. Yusuf G\u00fcnay, \u201cRusya, Ukrayna, G\u00fcney Afrika, Endonezya ve Kolombiya\u2019dan Zonguldak teslimi bir ton k\u00f6m\u00fcr\u00fcn fiyat\u0131 64 dolar civar\u0131nda. Erdemir, ihtiyac\u0131n\u0131 Kolombiya\u2019dan g\u00f6r\u00fcyor. Bu fabrikan\u0131n \u00e7al\u0131\u015fmas\u0131 i\u00e7in k\u00f6m\u00fcre ihtiya\u00e7 var.<\/p>\n<p style=\"color: #000000;\">Ama biz bu ithalat fiyatlar\u0131yla rekabet edemeyiz. Hemen \u2018b\u0131rakt\u0131m\u2019 diyemiyorsunuz, yat\u0131r\u0131m var, \u00e7al\u0131\u015fanlar var. Bir tak\u0131m i\u015fler var, onun i\u00e7in kapatam\u0131yorsun. Fakat hepimiz a\u015fama a\u015fama tasfiyeye gidiyoruz. \u00d6zel maden ocaklar\u0131nda 4-5 bin \u00e7al\u0131\u015fan vard\u0131. Kanunla beraber bu say\u0131 2 bin 500\u2019lere d\u00fc\u015ft\u00fc. Sekt\u00f6rde yeni yasal d\u00fczenlemelere ihtiya\u00e7 var\u201d diye konu\u015ftu.<\/p>\n<p style=\"color: #000000;\">Kaynak: Enerji Enstit\u00fcs\u00fc<\/p>\n<p><\/p>","protected":false},"excerpt":{"rendered":"<p>Sorry, this entry is only available in Turkish. For the sake of viewer convenience, the content is shown below in the alternative language. You may click the link to switch the active language. Torba Yasa\u2019n\u0131n ard\u0131ndan bir\u00e7ok \u00f6zel i\u015fletmenin faaliyetlerini durdurmas\u0131 \u00fczerine sanayinin k\u00f6m\u00fcr talebi kar\u015f\u0131lanam\u0131yor. T\u00fcrkiye, Soma facias\u0131ndan sonra \u00e7\u0131kar\u0131lan Torba Yasa ile \u00e7al\u0131\u015fma [&hellip;]<\/p>\n","protected":false},"author":1,"featured_media":38987,"comment_status":"open","ping_status":"open","sticky":false,"template":"","format":"standard","meta":[],"categories":[53],"tags":[],"views":748,"_links":{"self":[{"href":"https:\/\/www.enerjigazetesi.ist\/en\/wp-json\/wp\/v2\/posts\/38986"}],"collection":[{"href":"https:\/\/www.enerjigazetesi.ist\/en\/wp-json\/wp\/v2\/posts"}],"about":[{"href":"https:\/\/www.enerjigazetesi.ist\/en\/wp-json\/wp\/v2\/types\/post"}],"author":[{"embeddable":true,"href":"https:\/\/www.enerjigazetesi.ist\/en\/wp-json\/wp\/v2\/users\/1"}],"replies":[{"embeddable":true,"href":"https:\/\/www.enerjigazetesi.ist\/en\/wp-json\/wp\/v2\/comments?post=38986"}],"version-history":[{"count":1,"href":"https:\/\/www.enerjigazetesi.ist\/en\/wp-json\/wp\/v2\/posts\/38986\/revisions"}],"predecessor-version":[{"id":38988,"href":"https:\/\/www.enerjigazetesi.ist\/en\/wp-json\/wp\/v2\/posts\/38986\/revisions\/38988"}],"wp:featuredmedia":[{"embeddable":true,"href":"https:\/\/www.enerjigazetesi.ist\/en\/wp-json\/wp\/v2\/media\/38987"}],"wp:attachment":[{"href":"https:\/\/www.enerjigazetesi.ist\/en\/wp-json\/wp\/v2\/media?parent=38986"}],"wp:term":[{"taxonomy":"category","embeddable":true,"href":"https:\/\/www.enerjigazetesi.ist\/en\/wp-json\/wp\/v2\/categories?post=38986"},{"taxonomy":"post_tag","embeddable":true,"href":"https:\/\/www.enerjigazetesi.ist\/en\/wp-json\/wp\/v2\/tags?post=38986"}],"curies":[{"name":"wp","href":"https:\/\/api.w.org\/{rel}","templated":true}]}}