{"id":38981,"date":"2015-05-05T13:21:34","date_gmt":"2015-05-05T10:21:34","guid":{"rendered":"https:\/\/www.enerjigazetesi.ist\/?p=38981"},"modified":"2015-05-23T15:08:32","modified_gmt":"2015-05-23T12:08:32","slug":"iran-kustahliga-devam-edilirse-uranyum-zenginlestirmeye-devam-ederiz","status":"publish","type":"post","link":"https:\/\/www.enerjigazetesi.ist\/en\/iran-kustahliga-devam-edilirse-uranyum-zenginlestirmeye-devam-ederiz\/","title":{"rendered":"(Turkish) \u0130ran: \u201cK\u00fcstahl\u0131\u011fa Devam Edilirse Uranyum Zenginle\u015ftirmeye Devam&#8230;\u201d"},"content":{"rendered":"<p class=\"qtranxs-available-languages-message qtranxs-available-languages-message-en\">Sorry, this entry is only available in <a href=\"https:\/\/www.enerjigazetesi.ist\/tr\/wp-json\/wp\/v2\/posts\/38981\" class=\"qtranxs-available-language-link qtranxs-available-language-link-tr\" title=\"Turkish\">Turkish<\/a>. For the sake of viewer convenience, the content is shown below in the alternative language. You may click the link to switch the active language.<\/p><p><\/p>\n<p style=\"color: #000000;\"><strong>\u0130ran Meclis Ba\u015fkan\u0131 Ali Laricani, n\u00fckleer m\u00fczakerelere ili\u015fkin, \u201cBat\u0131l\u0131lar halk\u0131m\u0131za kar\u015f\u0131 k\u00fcstahl\u0131k ederse ihtiyac\u0131m\u0131z olan her d\u00fczeyde uranyum zenginle\u015ftirmeye devam ederiz\u201d dedi.<\/strong><span id=\"more-71389\"><\/span><\/p>\n<p style=\"color: #000000;\">Laricani, resmi haber ajans\u0131 IRNA\u2019ya yapt\u0131\u011f\u0131 a\u00e7\u0131klamada, n\u00fckleer m\u00fczakerelerde d\u00fcr\u00fcst olmamakla su\u00e7lad\u0131\u011f\u0131 Bat\u0131 \u00fclkeleri ve ABD\u2019yi, \u201cBat\u0131l\u0131lar k\u00fcstahl\u0131k eder ve m\u00fczakerelerde verdikleri s\u00f6zleri yerine getirmezlerse, halk\u0131m\u0131za ikili oyn<a href=\"https:\/\/www.enerjigazetesi.ist\/wp-content\/uploads\/2015\/05\/iran-kustahliga-devam-edilirse-uranyum-zenginlestirmeye-devam-ederiz.jpg\"><img loading=\"lazy\" class=\"alignleft wp-image-38982 size-medium\" src=\"https:\/\/www.enerjigazetesi.ist\/wp-content\/uploads\/2015\/05\/iran-kustahliga-devam-edilirse-uranyum-zenginlestirmeye-devam-ederiz-300x149.jpg\" alt=\"iran-kustahliga-devam-edilirse-uranyum-zenginlestirmeye-devam-ederiz\" width=\"300\" height=\"149\" srcset=\"https:\/\/www.enerjigazetesi.ist\/wp-content\/uploads\/2015\/05\/iran-kustahliga-devam-edilirse-uranyum-zenginlestirmeye-devam-ederiz-300x149.jpg 300w, https:\/\/www.enerjigazetesi.ist\/wp-content\/uploads\/2015\/05\/iran-kustahliga-devam-edilirse-uranyum-zenginlestirmeye-devam-ederiz-500x249.jpg 500w, https:\/\/www.enerjigazetesi.ist\/wp-content\/uploads\/2015\/05\/iran-kustahliga-devam-edilirse-uranyum-zenginlestirmeye-devam-ederiz-80x39.jpg 80w, https:\/\/www.enerjigazetesi.ist\/wp-content\/uploads\/2015\/05\/iran-kustahliga-devam-edilirse-uranyum-zenginlestirmeye-devam-ederiz.jpg 795w\" sizes=\"(max-width: 300px) 100vw, 300px\" \/><\/a>arlarsa biz de kendi yolumuza geri d\u00f6neriz\u201d s\u00f6zleriyle uyard\u0131.<\/p>\n<p style=\"color: #000000;\">\u201cBunu tekrar s\u00f6yl\u00fcyoruz, e\u011fer uranyumu y\u00fczde 20 oran\u0131nda zenginle\u015ftirmeyi durdurduysak, ihtiyac\u0131m\u0131z olmad\u0131\u011f\u0131 i\u00e7in yapt\u0131k\u201d diyen Laricani, kar\u015f\u0131 taraf\u0131n \u0130ran halk\u0131na kar\u015f\u0131 k\u00fcstah\u00e7a davranmas\u0131 durumunda ihtiya\u00e7 duyduklar\u0131 her oranda uranyum zenginle\u015ftirmeye devam edeceklerini belirtti.<\/p>\n<p style=\"color: #000000;\">\u0130ran D\u0131\u015fi\u015fleri Bakan\u0131 Muhammed Cevad Zarif ise, d\u00fcn sabah Twitter hesab\u0131ndan \u201canla\u015fma metninin yaz\u0131m\u0131na devam ettiklerini, \u00fcretilen sahte n\u00fckleer krizi sonland\u0131rmaya kararl\u0131 olduklar\u0131\u201d notunu payla\u015fm\u0131\u015ft\u0131.<br \/>\n\u0130ran ile BM\u2019nin 5 daimi \u00fcyesi ABD, Rusya, \u00c7in, \u0130ngiltere, Fransa ve Almanya\u2019n\u0131n olu\u015fturdu\u011fu 5+1 Grubu\u2019yla y\u00fcr\u00fct\u00fclen m\u00fczakerelerde, 2 Nisan\u2019da uzla\u015fmaya var\u0131lm\u0131\u015ft\u0131.<\/p>\n<p style=\"color: #000000;\">Taraflar, 30 Haziran\u2019a kadar nihai anla\u015fma metnini imzalamay\u0131 hedefliyor.<\/p>\n<p style=\"color: #000000;\">Kaynak: Enerji Enstit\u00fcs\u00fc<\/p>\n<p><\/p>","protected":false},"excerpt":{"rendered":"<p>Sorry, this entry is only available in Turkish. For the sake of viewer convenience, the content is shown below in the alternative language. You may click the link to switch the active language. \u0130ran Meclis Ba\u015fkan\u0131 Ali Laricani, n\u00fckleer m\u00fczakerelere ili\u015fkin, \u201cBat\u0131l\u0131lar halk\u0131m\u0131za kar\u015f\u0131 k\u00fcstahl\u0131k ederse ihtiyac\u0131m\u0131z olan her d\u00fczeyde uranyum zenginle\u015ftirmeye devam ederiz\u201d dedi. [&hellip;]<\/p>\n","protected":false},"author":1,"featured_media":38982,"comment_status":"open","ping_status":"open","sticky":false,"template":"","format":"standard","meta":[],"categories":[53,43],"tags":[],"views":728,"_links":{"self":[{"href":"https:\/\/www.enerjigazetesi.ist\/en\/wp-json\/wp\/v2\/posts\/38981"}],"collection":[{"href":"https:\/\/www.enerjigazetesi.ist\/en\/wp-json\/wp\/v2\/posts"}],"about":[{"href":"https:\/\/www.enerjigazetesi.ist\/en\/wp-json\/wp\/v2\/types\/post"}],"author":[{"embeddable":true,"href":"https:\/\/www.enerjigazetesi.ist\/en\/wp-json\/wp\/v2\/users\/1"}],"replies":[{"embeddable":true,"href":"https:\/\/www.enerjigazetesi.ist\/en\/wp-json\/wp\/v2\/comments?post=38981"}],"version-history":[{"count":3,"href":"https:\/\/www.enerjigazetesi.ist\/en\/wp-json\/wp\/v2\/posts\/38981\/revisions"}],"predecessor-version":[{"id":38985,"href":"https:\/\/www.enerjigazetesi.ist\/en\/wp-json\/wp\/v2\/posts\/38981\/revisions\/38985"}],"wp:featuredmedia":[{"embeddable":true,"href":"https:\/\/www.enerjigazetesi.ist\/en\/wp-json\/wp\/v2\/media\/38982"}],"wp:attachment":[{"href":"https:\/\/www.enerjigazetesi.ist\/en\/wp-json\/wp\/v2\/media?parent=38981"}],"wp:term":[{"taxonomy":"category","embeddable":true,"href":"https:\/\/www.enerjigazetesi.ist\/en\/wp-json\/wp\/v2\/categories?post=38981"},{"taxonomy":"post_tag","embeddable":true,"href":"https:\/\/www.enerjigazetesi.ist\/en\/wp-json\/wp\/v2\/tags?post=38981"}],"curies":[{"name":"wp","href":"https:\/\/api.w.org\/{rel}","templated":true}]}}