{"id":38974,"date":"2015-05-05T13:13:36","date_gmt":"2015-05-05T10:13:36","guid":{"rendered":"https:\/\/www.enerjigazetesi.ist\/?p=38974"},"modified":"2015-05-23T15:08:45","modified_gmt":"2015-05-23T12:08:45","slug":"ab-turkmen-gazini-avrupaya-iran-uzerinden-tasiyabiliriz","status":"publish","type":"post","link":"https:\/\/www.enerjigazetesi.ist\/en\/ab-turkmen-gazini-avrupaya-iran-uzerinden-tasiyabiliriz\/","title":{"rendered":"(Turkish) AB: \u201cT\u00fcrkmen Gaz\u0131n\u0131 Avrupa\u2019ya \u0130ran \u00dczerinden Ta\u015f\u0131yabiliriz&#8230;\u201d"},"content":{"rendered":"<p class=\"qtranxs-available-languages-message qtranxs-available-languages-message-en\">Sorry, this entry is only available in <a href=\"https:\/\/www.enerjigazetesi.ist\/tr\/wp-json\/wp\/v2\/posts\/38974\" class=\"qtranxs-available-language-link qtranxs-available-language-link-tr\" title=\"Turkish\">Turkish<\/a>. For the sake of viewer convenience, the content is shown below in the alternative language. You may click the link to switch the active language.<\/p><p><\/p>\n<p style=\"color: #000000;\"><strong>Avrupa Komisyonu\u2019nun Enerji Birli\u011fi\u2019nden sorumlu \u00fcyesi Maros Sefcovic, T\u00fcrkmen gaz\u0131n\u0131n \u0130ran ve T\u00fcrkiye\u2019den ge\u00e7ecek bir boru hatt\u0131yla Avrupa\u2019ya ula\u015ft\u0131r\u0131labilece\u011fini s\u00f6yledi.<\/strong><span id=\"more-71386\"><\/span><\/p>\n<p style=\"color: #000000;\">A\u015fkabat\u2019ta T\u00fcrkmenistan Devlet Ba\u015fkan\u0131 Gurbangulu Berdimuhamedov ile g\u00f6r\u00fc\u015fmesinin ard\u0131ndan a\u00e7\u0131klamalarda bulunan Avrupa Komisyonu\u2019nun Enerji Birli\u011fi\u2019nden sorumlu Ba\u015fkan Yard\u0131mc\u0131s\u0131 Maros Sefcovic, Hazar denizi alt\u0131ndan<a href=\"https:\/\/www.enerjigazetesi.ist\/wp-content\/uploads\/2015\/05\/ab-turkmen-gazini-avrupaya-iran-uzerinden-tasiyabiliriz.jpg\"><img loading=\"lazy\" class=\"alignleft wp-image-38975 size-medium\" src=\"https:\/\/www.enerjigazetesi.ist\/wp-content\/uploads\/2015\/05\/ab-turkmen-gazini-avrupaya-iran-uzerinden-tasiyabiliriz-300x168.jpg\" alt=\"ab-turkmen-gazini-avrupaya-iran-uzerinden-tasiyabiliriz\" width=\"300\" height=\"168\" srcset=\"https:\/\/www.enerjigazetesi.ist\/wp-content\/uploads\/2015\/05\/ab-turkmen-gazini-avrupaya-iran-uzerinden-tasiyabiliriz-300x168.jpg 300w, https:\/\/www.enerjigazetesi.ist\/wp-content\/uploads\/2015\/05\/ab-turkmen-gazini-avrupaya-iran-uzerinden-tasiyabiliriz-500x280.jpg 500w, https:\/\/www.enerjigazetesi.ist\/wp-content\/uploads\/2015\/05\/ab-turkmen-gazini-avrupaya-iran-uzerinden-tasiyabiliriz-80x44.jpg 80w, https:\/\/www.enerjigazetesi.ist\/wp-content\/uploads\/2015\/05\/ab-turkmen-gazini-avrupaya-iran-uzerinden-tasiyabiliriz.jpg 788w\" sizes=\"(max-width: 300px) 100vw, 300px\" \/><\/a> ge\u00e7ecek do\u011falgaz boru hatt\u0131n\u0131n 2019\u2019da faaliyete ge\u00e7ebilece\u011fini s\u00f6yledi.<\/p>\n<p style=\"color: #000000;\">\u0130ran ile diplomatik ili\u015fkilerin olumlu y\u00f6nde geli\u015fmesi sebebiyle hem bu boru hatt\u0131n\u0131n, hem de \u0130ran\u2019dan ge\u00e7ecek ikinci bir boru hatt\u0131n\u0131n in\u015fa edilebilece\u011fini belirten Sefcovic, Per\u015fembe ak\u015fam\u0131 yapt\u0131\u011f\u0131 a\u00e7\u0131klamalarda \u2018AB olarak, alt\u0131 b\u00fcy\u00fckler ve \u0130ran aras\u0131ndaki m\u00fczakerelerin ba\u015far\u0131yla sonu\u00e7lanmas\u0131n\u0131 umuyoruz\u2019 dedi.<\/p>\n<p style=\"color: #000000;\">\u0130ran ve Birle\u015fmi\u015f Milletler G\u00fcvenlik Konseyi\u2019nin be\u015f daimi \u00fcyesi ABD, \u00c7in, Rusya, Fransa ve \u0130ngiltere\u2019ye ek olarak Almanya\u2019dan olu\u015fan P5+1 grubu, Haziran ay\u0131 sonuna kadar Tahran\u2019\u0131n n\u00fckleer program\u0131na ili\u015fkin nihai bir anla\u015fmaya varmay\u0131 hedefliyor. \u0130ran\u2019\u0131n n\u00fckleer program\u0131n\u0131n kapsam\u0131n\u0131n s\u0131n\u0131rland\u0131r\u0131lmas\u0131 kar\u015f\u0131l\u0131\u011f\u0131nda, \u00fclkeye uygulanan uluslararas\u0131 yapt\u0131r\u0131mlar\u0131n kademeli olarak kald\u0131r\u0131lmas\u0131 \u00f6ng\u00f6r\u00fcl\u00fcyor.<\/p>\n<p style=\"color: #000000;\">Hazar ba\u011flant\u0131s\u0131n\u0131n 5 milyar dolara mal olmas\u0131 ve T\u00fcrkmenistan\u2019\u0131 Azerbaycan\u2019a ba\u011flamas\u0131; do\u011falgaz\u0131 oradan da Trans-Anadolu Do\u011falgaz Boru Hatt\u0131 (TANAP) arac\u0131l\u0131\u011f\u0131yla Avrupa\u2019ya ula\u015ft\u0131rmas\u0131 planlan\u0131yor.<\/p>\n<p style=\"color: #000000;\">\u0130ran ile kara s\u0131n\u0131r\u0131 bulunan T\u00fcrkmenistan, d\u00fcnyadaki en zengin d\u00f6rd\u00fcnc\u00fc b\u00fcy\u00fck do\u011falgaz rezervlerine sahip. Ancak \u00fclkede zay\u0131f bir do\u011falgaz boru hatt\u0131 altyap\u0131s\u0131 bulunuyor.<\/p>\n<p style=\"color: #000000;\">Kaynak: Enerji Enstit\u00fcs\u00fc<\/p>\n<p><\/p>","protected":false},"excerpt":{"rendered":"<p>Sorry, this entry is only available in Turkish. For the sake of viewer convenience, the content is shown below in the alternative language. You may click the link to switch the active language. Avrupa Komisyonu\u2019nun Enerji Birli\u011fi\u2019nden sorumlu \u00fcyesi Maros Sefcovic, T\u00fcrkmen gaz\u0131n\u0131n \u0130ran ve T\u00fcrkiye\u2019den ge\u00e7ecek bir boru hatt\u0131yla Avrupa\u2019ya ula\u015ft\u0131r\u0131labilece\u011fini s\u00f6yledi. A\u015fkabat\u2019ta T\u00fcrkmenistan [&hellip;]<\/p>\n","protected":false},"author":1,"featured_media":38975,"comment_status":"open","ping_status":"open","sticky":false,"template":"","format":"standard","meta":[],"categories":[46,53],"tags":[],"views":737,"_links":{"self":[{"href":"https:\/\/www.enerjigazetesi.ist\/en\/wp-json\/wp\/v2\/posts\/38974"}],"collection":[{"href":"https:\/\/www.enerjigazetesi.ist\/en\/wp-json\/wp\/v2\/posts"}],"about":[{"href":"https:\/\/www.enerjigazetesi.ist\/en\/wp-json\/wp\/v2\/types\/post"}],"author":[{"embeddable":true,"href":"https:\/\/www.enerjigazetesi.ist\/en\/wp-json\/wp\/v2\/users\/1"}],"replies":[{"embeddable":true,"href":"https:\/\/www.enerjigazetesi.ist\/en\/wp-json\/wp\/v2\/comments?post=38974"}],"version-history":[{"count":1,"href":"https:\/\/www.enerjigazetesi.ist\/en\/wp-json\/wp\/v2\/posts\/38974\/revisions"}],"predecessor-version":[{"id":38976,"href":"https:\/\/www.enerjigazetesi.ist\/en\/wp-json\/wp\/v2\/posts\/38974\/revisions\/38976"}],"wp:featuredmedia":[{"embeddable":true,"href":"https:\/\/www.enerjigazetesi.ist\/en\/wp-json\/wp\/v2\/media\/38975"}],"wp:attachment":[{"href":"https:\/\/www.enerjigazetesi.ist\/en\/wp-json\/wp\/v2\/media?parent=38974"}],"wp:term":[{"taxonomy":"category","embeddable":true,"href":"https:\/\/www.enerjigazetesi.ist\/en\/wp-json\/wp\/v2\/categories?post=38974"},{"taxonomy":"post_tag","embeddable":true,"href":"https:\/\/www.enerjigazetesi.ist\/en\/wp-json\/wp\/v2\/tags?post=38974"}],"curies":[{"name":"wp","href":"https:\/\/api.w.org\/{rel}","templated":true}]}}