{"id":38968,"date":"2015-05-04T17:14:40","date_gmt":"2015-05-04T14:14:40","guid":{"rendered":"https:\/\/www.enerjigazetesi.ist\/?p=38968"},"modified":"2015-05-23T15:08:55","modified_gmt":"2015-05-23T12:08:55","slug":"yildiz-soma-ve-ermenek-mahcubiyetimizdir","status":"publish","type":"post","link":"https:\/\/www.enerjigazetesi.ist\/en\/yildiz-soma-ve-ermenek-mahcubiyetimizdir\/","title":{"rendered":"(Turkish) Y\u0131ld\u0131z: Soma ve Ermenek Mah\u00e7ubiyetimizdir&#8230;"},"content":{"rendered":"<p class=\"qtranxs-available-languages-message qtranxs-available-languages-message-en\">Sorry, this entry is only available in <a href=\"https:\/\/www.enerjigazetesi.ist\/tr\/wp-json\/wp\/v2\/posts\/38968\" class=\"qtranxs-available-language-link qtranxs-available-language-link-tr\" title=\"Turkish\">Turkish<\/a>. For the sake of viewer convenience, the content is shown below in the alternative language. You may click the link to switch the active language.<\/p><p><strong>Enerji ve Tabii Kaynaklar Bakan\u0131 Taner Y\u0131ld\u0131z, Soma ve Ermenek olaylar\u0131n\u0131n mahcubiyetleri oldu\u011funu s\u00f6yledi.<\/strong><\/p>\n<p>Erciyes`te Ekonomi Muhabirleri Derne\u011fi \u00fcyeleriyle bir araya geldi\u011fi kahvalt\u0131da sorular\u0131 yan\u0131tlayan Enerji ve Tabii Kaynaklar Bakan\u0131 Y\u0131ld\u0131z, &#8220;Soma ve Ermenek olaylar\u0131 a\u00e7\u0131k\u00e7as\u0131 mahcubiyetimizdir. Zihnimden bakanl\u0131k sonras\u0131nda da \u00e7\u0131k<a href=\"https:\/\/www.enerjigazetesi.ist\/wp-content\/uploads\/2015\/05\/yildiz-soma-ve-ermenek-mahcubiyetimizdir.jpg\"><img loading=\"lazy\" class=\"alignleft wp-image-38969 size-medium\" src=\"https:\/\/www.enerjigazetesi.ist\/wp-content\/uploads\/2015\/05\/yildiz-soma-ve-ermenek-mahcubiyetimizdir-300x186.jpg\" alt=\"yildiz-soma-ve-ermenek-mahcubiyetimizdir\" width=\"300\" height=\"186\" srcset=\"https:\/\/www.enerjigazetesi.ist\/wp-content\/uploads\/2015\/05\/yildiz-soma-ve-ermenek-mahcubiyetimizdir-300x186.jpg 300w, https:\/\/www.enerjigazetesi.ist\/wp-content\/uploads\/2015\/05\/yildiz-soma-ve-ermenek-mahcubiyetimizdir-500x310.jpg 500w, https:\/\/www.enerjigazetesi.ist\/wp-content\/uploads\/2015\/05\/yildiz-soma-ve-ermenek-mahcubiyetimizdir-80x50.jpg 80w, https:\/\/www.enerjigazetesi.ist\/wp-content\/uploads\/2015\/05\/yildiz-soma-ve-ermenek-mahcubiyetimizdir.jpg 535w\" sizes=\"(max-width: 300px) 100vw, 300px\" \/><\/a>maz. Bunlar bir sebeple oldu, tabi afetler de\u011fil bir kusurdan dolay\u0131 oldu. O y\u00fczden bakanl\u0131\u011f\u0131m\u0131z d\u00f6nemindeki en k\u00f6t\u00fc i\u015flerimizin bunlar oldu\u011funu s\u00f6yleyebilirim&#8221; dedi.<\/p>\n<p>Irak`la ilgili yap\u0131lan i\u015fleri ayr\u0131ca \u00f6nemsedi\u011fini vurgulayan Y\u0131ld\u0131z, bunun T\u00fcrkiye ekonomisine \u00e7ok ciddi katk\u0131s\u0131 olaca\u011f\u0131n\u0131 ve\u00f6n\u00fcm\u00fczdeki d\u00f6nemde bunun \u00e7ok daha iyi anla\u015f\u0131laca\u011f\u0131n\u0131 s\u00f6yledi.<\/p>\n<p><strong>DE\u011e\u0130\u015e\u0130M VE B\u00dcY\u00dcME ENERJ\u0130 SEKT\u00d6R\u00dcNDE C\u0130DD\u0130 \u015eEK\u0130LDE H\u0130SSED\u0130LD\u0130<\/strong><\/p>\n<p>Y\u0131ld\u0131z, T\u00fcrkiye`nin enerji sekt\u00f6r\u00fcyle alakal\u0131 uluslararas\u0131 arenada prestijinin Rusya, Azerbaycan ve \u0130ran`la yap\u0131lan m\u00fczakerelerle beraber \u00e7ok iyi noktalara ta\u015f\u0131nd\u0131\u011f\u0131 kanaatinde oldu\u011funu belirterek, &#8220;TANAP`\u0131n da \u00f6n\u00fcm\u00fczdeki s\u00fcre\u00e7te k\u0131ymetini g\u00f6rece\u011fiz, bilece\u011fiz. N\u00fckleer santralle beraber T\u00fcrkiye yaln\u0131zca bir elektrik tedariki de\u011fil, ayn\u0131 zamanda sanayile\u015fmeyle alakal\u0131 ciddi bir lig atlamas\u0131n\u0131 g\u00f6sterecektir. Sanayicilerimiz bunu g\u00fcn\u00fc geldi\u011finde in\u015fallah daha da a\u00e7\u0131kl\u0131\u011f\u0131yla s\u00f6yleyeceklerdir. T\u00fcrkiye`de enerji sekt\u00f6r\u00fcnde yapt\u0131\u011f\u0131m\u0131z \u00e7ok fazla i\u015f olsa da bir tanesini daha s\u00f6yleyeyim. De\u011fi\u015fimin ve b\u00fcy\u00fcmenin enerji sekt\u00f6r\u00fcnde ciddi \u015fekilde hissedilmesidir. Arz problemi de\u011fil arz fazlas\u0131 var T\u00fcrkiye`de. Hi\u00e7bir enerji projesinde bakanl\u0131\u011f\u0131m\u0131z d\u00f6neminde enerji sekt\u00f6r\u00fc hazine garantisi almam\u0131\u015ft\u0131r. Hazine garantisi de yurt d\u0131\u015f\u0131na vermemi\u015ftir. \u0130ki tane n\u00fckleer santral dahil TANAP dahil, di\u011fer b\u00fcy\u00fck projeler dahil hazine garantisi verilmemi\u015ftir.&#8221; dedi.<\/p>\n<p><strong>KIBRIS DO\u011eALGAZININ MISIR`DAN G\u00d6T\u00dcR\u00dcLMES\u0130 UYGULANAB\u0130L\u0130R DE\u011e\u0130L<\/strong><\/p>\n<p>Bakan Y\u0131ld\u0131z, K\u0131br\u0131s do\u011falgaz\u0131n\u0131n M\u0131s\u0131r`dan g\u00f6t\u00fcr\u00fclmesi karar\u0131n\u0131 uygulanabilir bulmad\u0131\u011f\u0131n\u0131 belirterek, &#8220;S\u0131v\u0131la\u015ft\u0131r\u0131lm\u0131\u015f do\u011falgaz (LNG) olarak g\u00f6t\u00fcrece\u011fiz denildi. LNG`nin maliyetleri ortada. Yaln\u0131zca bir siyasi inat u\u011fruna b\u00f6yle fizibilitesi olmayan bir i\u015flem yap\u0131lmas\u0131n\u0131 ben kendileri a\u00e7\u0131s\u0131ndan da do\u011fru bulmuyorum ve ger\u00e7ekle\u015ftirilebilir de bulmuyorum&#8221; dedi.<\/p>\n<p><strong>\u0130RAN DO\u011eALGAZI F\u0130YATININ D\u00dc\u015eMES\u0130 LAZIM<\/strong><\/p>\n<p>Enerji ve Tabii Kaynaklar Bakan\u0131 Y\u0131ld\u0131z, \u0130ran do\u011falgaz\u0131n\u0131n ald\u0131\u011f\u0131m\u0131z en pahal\u0131 gaz oldu\u011funu ve bu fiyat\u0131n d\u00fc\u015f\u00fcr\u00fclmesi gerekti\u011fini vurgulayarak, &#8220;Ald\u0131\u011f\u0131m\u0131z en pahal\u0131 gaz \u0130ran do\u011falgaz\u0131d\u0131r. Bunun d\u00fc\u015fmesi laz\u0131m. Vatanda\u015f\u0131m\u0131z ad\u0131na sanayicimiz ad\u0131na d\u00fc\u015fmesi laz\u0131m. A\u00e7\u0131k\u00e7a s\u00f6yleyeyim tahkimden alaca\u011f\u0131m\u0131z paray\u0131 yine bir k\u0131s\u0131m kademe bor\u00e7lar\u0131m\u0131za, g\u00fcmr\u00fckle alakal\u0131 bor\u00e7lar\u0131m\u0131za ve hazineye aktaraca\u011f\u0131z. Onlar da tabi vatanda\u015f\u0131m\u0131za kullan\u0131yorlar. Bu para tahkimden \u0130ran do\u011falgaz\u0131ndan alaca\u011f\u0131m\u0131z para vatanda\u015f\u0131m\u0131za vergi yoluyla, vergi tahsiliyle g\u00f6t\u00fcrd\u00fc\u011f\u00fcm\u00fcz hizmet yoluyla gidecek parad\u0131r. Dolay\u0131s\u0131yla bunu son derece \u00f6nemsiyoruz. BOTA\u015e`\u0131n nakit ak\u0131\u015flar\u0131 a\u00e7\u0131s\u0131ndan bunu \u00f6nemli buluyoruz. Geriye d\u00f6n\u00fck bor\u00e7lar\u0131n\u0131n \u00f6denmesi a\u00e7\u0131s\u0131ndan da bunu \u00f6nemli buluyoruz. Hele hele dolar\u0131n artt\u0131\u011f\u0131 enerji maliyetlerimizin artt\u0131\u011f\u0131 ve vatanda\u015f\u0131m\u0131za yans\u0131tmad\u0131\u011f\u0131m\u0131z \u015fu d\u00f6nemde \u00e7ok \u00f6nemli.&#8221; ifadesini kulland\u0131.<\/p>\n<p><strong>KUR ARTI\u015e MAL\u0130YET\u0130N\u0130 HALKA YANSITMAYACA\u011eIZ<\/strong><\/p>\n<p>Bakan Y\u0131ld\u0131z, dolar\u0131n TL kar\u015f\u0131s\u0131nda y\u00fckselmesinden dolay\u0131 enerji maliyetlerinin y\u00fczde 7-8 artt\u0131\u011f\u0131n\u0131 ancak bunu sanayicilere ve vatanda\u015flara yans\u0131tmayacaklar\u0131n\u0131 da s\u00f6zlerine ekledi.<\/p>\n<p>Kaynak: <a href=\"http:\/\/enerjigunlugu.net\/yildiz:-soma-ve-ermenek-mahcubiyetimizdir_13442.html\" target=\"_blank\" rel=\"nofollow\">Enerji G\u00fcnl\u00fc\u011f\u00fc<\/a><\/p>","protected":false},"excerpt":{"rendered":"<p>Sorry, this entry is only available in Turkish. For the sake of viewer convenience, the content is shown below in the alternative language. You may click the link to switch the active language.Enerji ve Tabii Kaynaklar Bakan\u0131 Taner Y\u0131ld\u0131z, Soma ve Ermenek olaylar\u0131n\u0131n mahcubiyetleri oldu\u011funu s\u00f6yledi. Erciyes`te Ekonomi Muhabirleri Derne\u011fi \u00fcyeleriyle bir araya geldi\u011fi kahvalt\u0131da [&hellip;]<\/p>\n","protected":false},"author":1,"featured_media":38969,"comment_status":"open","ping_status":"open","sticky":false,"template":"","format":"standard","meta":[],"categories":[53],"tags":[],"views":552,"_links":{"self":[{"href":"https:\/\/www.enerjigazetesi.ist\/en\/wp-json\/wp\/v2\/posts\/38968"}],"collection":[{"href":"https:\/\/www.enerjigazetesi.ist\/en\/wp-json\/wp\/v2\/posts"}],"about":[{"href":"https:\/\/www.enerjigazetesi.ist\/en\/wp-json\/wp\/v2\/types\/post"}],"author":[{"embeddable":true,"href":"https:\/\/www.enerjigazetesi.ist\/en\/wp-json\/wp\/v2\/users\/1"}],"replies":[{"embeddable":true,"href":"https:\/\/www.enerjigazetesi.ist\/en\/wp-json\/wp\/v2\/comments?post=38968"}],"version-history":[{"count":1,"href":"https:\/\/www.enerjigazetesi.ist\/en\/wp-json\/wp\/v2\/posts\/38968\/revisions"}],"predecessor-version":[{"id":38970,"href":"https:\/\/www.enerjigazetesi.ist\/en\/wp-json\/wp\/v2\/posts\/38968\/revisions\/38970"}],"wp:featuredmedia":[{"embeddable":true,"href":"https:\/\/www.enerjigazetesi.ist\/en\/wp-json\/wp\/v2\/media\/38969"}],"wp:attachment":[{"href":"https:\/\/www.enerjigazetesi.ist\/en\/wp-json\/wp\/v2\/media?parent=38968"}],"wp:term":[{"taxonomy":"category","embeddable":true,"href":"https:\/\/www.enerjigazetesi.ist\/en\/wp-json\/wp\/v2\/categories?post=38968"},{"taxonomy":"post_tag","embeddable":true,"href":"https:\/\/www.enerjigazetesi.ist\/en\/wp-json\/wp\/v2\/tags?post=38968"}],"curies":[{"name":"wp","href":"https:\/\/api.w.org\/{rel}","templated":true}]}}