{"id":38961,"date":"2015-05-04T15:17:51","date_gmt":"2015-05-04T12:17:51","guid":{"rendered":"https:\/\/www.enerjigazetesi.ist\/?p=38961"},"modified":"2015-05-23T15:09:10","modified_gmt":"2015-05-23T12:09:10","slug":"kibris-rum-yonetimi-baskani-dogalgaz-boru-hatti-turkiyeden-gecebilir","status":"publish","type":"post","link":"https:\/\/www.enerjigazetesi.ist\/en\/kibris-rum-yonetimi-baskani-dogalgaz-boru-hatti-turkiyeden-gecebilir\/","title":{"rendered":"(Turkish) Anastasiadis: \u201cDo\u011falgaz Boru Hatt\u0131 T\u00fcrkiye\u2019den Ge\u00e7ebilir&#8230;\u201d"},"content":{"rendered":"<p class=\"qtranxs-available-languages-message qtranxs-available-languages-message-en\">Sorry, this entry is only available in <a href=\"https:\/\/www.enerjigazetesi.ist\/tr\/wp-json\/wp\/v2\/posts\/38961\" class=\"qtranxs-available-language-link qtranxs-available-language-link-tr\" title=\"Turkish\">Turkish<\/a>. For the sake of viewer convenience, the content is shown below in the alternative language. You may click the link to switch the active language.<\/p><p><\/p>\n<p style=\"color: #000000;\"><strong>Rum Y\u00f6netimi Ba\u015fkan\u0131 Nikos Anastasiadis, do\u011fal gaz boru hatt\u0131n\u0131n, T\u00fcrkiye\u2019den ge\u00e7mesinin ihtimal d\u0131\u015f\u0131 olmad\u0131\u011f\u0131n\u0131 ancak boru hatt\u0131n\u0131n, nereden ge\u00e7ece\u011fine karar vermelerinin de kendilerine ba\u011fl\u0131 olmad\u0131\u011f\u0131n\u0131 ifade etti.<\/strong><span id=\"more-71384\"><\/span><\/p>\n<p style=\"color: #000000;\">Haravgi gazetesinde yer alan s\u00f6yle\u015fisinde Rum Y\u00f6netimi Ba\u015fkan\u0131 Nikos Anastasiadis, G\u00fcney K\u0131br\u0131s-Yunanistan-M\u0131s\u0131r aras\u0131ndaki \u00fc\u00e7l\u00fc zirve sonras\u0131ndaki ad\u0131m\u0131n ne olaca\u011f\u0131 ve bu \u00e7abaya \u0130srail\u2019in de dahil olup olmayaca\u011f\u0131 \u015feklin<a href=\"https:\/\/www.enerjigazetesi.ist\/wp-content\/uploads\/2015\/05\/kibris-rum-yonetimi-baskani-dogalgaz-boru-hatti-turkiyeden-gecebilir.jpg\"><img loading=\"lazy\" class=\"alignright size-medium wp-image-38962\" src=\"https:\/\/www.enerjigazetesi.ist\/wp-content\/uploads\/2015\/05\/kibris-rum-yonetimi-baskani-dogalgaz-boru-hatti-turkiyeden-gecebilir-300x168.jpg\" alt=\"kibris-rum-yonetimi-baskani-dogalgaz-boru-hatti-turkiyeden-gecebilir\" width=\"300\" height=\"168\" srcset=\"https:\/\/www.enerjigazetesi.ist\/wp-content\/uploads\/2015\/05\/kibris-rum-yonetimi-baskani-dogalgaz-boru-hatti-turkiyeden-gecebilir-300x168.jpg 300w, https:\/\/www.enerjigazetesi.ist\/wp-content\/uploads\/2015\/05\/kibris-rum-yonetimi-baskani-dogalgaz-boru-hatti-turkiyeden-gecebilir-500x281.jpg 500w, https:\/\/www.enerjigazetesi.ist\/wp-content\/uploads\/2015\/05\/kibris-rum-yonetimi-baskani-dogalgaz-boru-hatti-turkiyeden-gecebilir-80x45.jpg 80w, https:\/\/www.enerjigazetesi.ist\/wp-content\/uploads\/2015\/05\/kibris-rum-yonetimi-baskani-dogalgaz-boru-hatti-turkiyeden-gecebilir.jpg 870w\" sizes=\"(max-width: 300px) 100vw, 300px\" \/><\/a>deki soruya da yan\u0131t verdi. Anastasiadis, boru hatt\u0131n\u0131n T\u00fcrkiye\u2019den ge\u00e7mesinin ihtimal d\u0131\u015f\u0131 olmad\u0131\u011f\u0131n\u0131 ayr\u0131ca boru hatt\u0131n\u0131n nereden ge\u00e7ece\u011fine karar vermelerinin kendilerine ba\u011fl\u0131 olmad\u0131\u011f\u0131n\u0131, bunun ayr\u0131ca hissiyat konusu da olmad\u0131\u011f\u0131n\u0131 ifade etti.<\/p>\n<p style=\"color: #000000;\">Anastasiadis, do\u011fal gaz\u0131n Avrupa\u2019ya, T\u00fcrkiye \u00fczerinden g\u00f6t\u00fcr\u00fclmesinin ele al\u0131n\u0131p al\u0131nmad\u0131\u011f\u0131 sorusu \u00fczerine, boru hatt\u0131n\u0131n nereden ge\u00e7ece\u011fine karar vermelerinin kendilerine ba\u011fl\u0131 olmad\u0131\u011f\u0131n\u0131 buna, yat\u0131r\u0131m yapacak olan \u015firketlerin yap\u0131lacak olan incelemelerden sonra karar verece\u011fini s\u00f6yledi.<\/p>\n<p style=\"color: #000000;\">Anastasiadis s\u00f6zlerinin devam\u0131nda bir \u00f6rnek vererek, konuya ilgi duyan Avrupal\u0131 yat\u0131r\u0131mc\u0131lar\u0131n, Girit, Yunanistan ve Avrupa boru hatt\u0131n\u0131n daha ekonomik olaca\u011f\u0131n\u0131 de\u011ferlendirmesi durumunda, bunu yapmay\u0131 tercih edece\u011fini, \u00f6zellikle K\u0131br\u0131s sorununun \u00e7\u00f6z\u00fcm\u00fcnden sonra, boru hatt\u0131n\u0131n T\u00fcrkiye, Yunanistan ve Avrupa\u2019dan ge\u00e7mesini tercih etmeleri durumunda da o bunun yap\u0131laca\u011f\u0131n\u0131 ifade etti.<\/p>\n<p style=\"color: #000000;\">Anastasiadis, b\u00f6lgede olu\u015fturulan ittifaklar\u0131n hi\u00e7 kimsenin aleyhine olmad\u0131\u011f\u0131n\u0131 \u00f6zellikle hi\u00e7 kimseyi, T\u00fcrkiye\u2019de dahil, d\u0131\u015far\u0131da b\u0131rakmad\u0131\u011f\u0131n\u0131 ifade etti.<\/p>\n<p style=\"color: #000000;\">Kaynak: Enerji Enstit\u00fcs\u00fc<\/p>\n<p><\/p>","protected":false},"excerpt":{"rendered":"<p>Sorry, this entry is only available in Turkish. For the sake of viewer convenience, the content is shown below in the alternative language. You may click the link to switch the active language. Rum Y\u00f6netimi Ba\u015fkan\u0131 Nikos Anastasiadis, do\u011fal gaz boru hatt\u0131n\u0131n, T\u00fcrkiye\u2019den ge\u00e7mesinin ihtimal d\u0131\u015f\u0131 olmad\u0131\u011f\u0131n\u0131 ancak boru hatt\u0131n\u0131n, nereden ge\u00e7ece\u011fine karar vermelerinin de [&hellip;]<\/p>\n","protected":false},"author":1,"featured_media":38962,"comment_status":"open","ping_status":"open","sticky":false,"template":"","format":"standard","meta":[],"categories":[46,53],"tags":[],"views":755,"_links":{"self":[{"href":"https:\/\/www.enerjigazetesi.ist\/en\/wp-json\/wp\/v2\/posts\/38961"}],"collection":[{"href":"https:\/\/www.enerjigazetesi.ist\/en\/wp-json\/wp\/v2\/posts"}],"about":[{"href":"https:\/\/www.enerjigazetesi.ist\/en\/wp-json\/wp\/v2\/types\/post"}],"author":[{"embeddable":true,"href":"https:\/\/www.enerjigazetesi.ist\/en\/wp-json\/wp\/v2\/users\/1"}],"replies":[{"embeddable":true,"href":"https:\/\/www.enerjigazetesi.ist\/en\/wp-json\/wp\/v2\/comments?post=38961"}],"version-history":[{"count":2,"href":"https:\/\/www.enerjigazetesi.ist\/en\/wp-json\/wp\/v2\/posts\/38961\/revisions"}],"predecessor-version":[{"id":38964,"href":"https:\/\/www.enerjigazetesi.ist\/en\/wp-json\/wp\/v2\/posts\/38961\/revisions\/38964"}],"wp:featuredmedia":[{"embeddable":true,"href":"https:\/\/www.enerjigazetesi.ist\/en\/wp-json\/wp\/v2\/media\/38962"}],"wp:attachment":[{"href":"https:\/\/www.enerjigazetesi.ist\/en\/wp-json\/wp\/v2\/media?parent=38961"}],"wp:term":[{"taxonomy":"category","embeddable":true,"href":"https:\/\/www.enerjigazetesi.ist\/en\/wp-json\/wp\/v2\/categories?post=38961"},{"taxonomy":"post_tag","embeddable":true,"href":"https:\/\/www.enerjigazetesi.ist\/en\/wp-json\/wp\/v2\/tags?post=38961"}],"curies":[{"name":"wp","href":"https:\/\/api.w.org\/{rel}","templated":true}]}}