{"id":38958,"date":"2015-05-04T13:35:45","date_gmt":"2015-05-04T10:35:45","guid":{"rendered":"https:\/\/www.enerjigazetesi.ist\/?p=38958"},"modified":"2015-05-23T15:09:16","modified_gmt":"2015-05-23T12:09:16","slug":"ayen-enerji-arnavutlukta-elektrik-uretimine-basladi","status":"publish","type":"post","link":"https:\/\/www.enerjigazetesi.ist\/en\/ayen-enerji-arnavutlukta-elektrik-uretimine-basladi\/","title":{"rendered":"(Turkish) Ayen Enerji, Arnavutluk\u2019ta Elektrik \u00dcretimine Ba\u015flad\u0131!"},"content":{"rendered":"<p class=\"qtranxs-available-languages-message qtranxs-available-languages-message-en\">Sorry, this entry is only available in <a href=\"https:\/\/www.enerjigazetesi.ist\/tr\/wp-json\/wp\/v2\/posts\/38958\" class=\"qtranxs-available-language-link qtranxs-available-language-link-tr\" title=\"Turkish\">Turkish<\/a>. For the sake of viewer convenience, the content is shown below in the alternative language. You may click the link to switch the active language.<\/p><p><strong>Ayen Enerji\u2019nin ba\u011fl\u0131 ortakl\u0131\u011f\u0131 Ayen AS Energji SHA taraf\u0131ndan Arnavutluk\u2019ta elektrik enerjisi \u00fcretimine ba\u015fland\u0131.<a href=\"https:\/\/www.enerjigazetesi.ist\/wp-content\/uploads\/2015\/05\/ayen-enerji-arnavutlukta-elektrik-uretimine-basladi.jpg\"><img loading=\"lazy\" class=\"alignleft wp-image-38959 size-medium\" src=\"https:\/\/www.enerjigazetesi.ist\/wp-content\/uploads\/2015\/05\/ayen-enerji-arnavutlukta-elektrik-uretimine-basladi-300x163.jpg\" alt=\"ayen-enerji-arnavutlukta-elektrik-uretimine-basladi\" width=\"300\" height=\"163\" srcset=\"https:\/\/www.enerjigazetesi.ist\/wp-content\/uploads\/2015\/05\/ayen-enerji-arnavutlukta-elektrik-uretimine-basladi-300x163.jpg 300w, https:\/\/www.enerjigazetesi.ist\/wp-content\/uploads\/2015\/05\/ayen-enerji-arnavutlukta-elektrik-uretimine-basladi-80x43.jpg 80w, https:\/\/www.enerjigazetesi.ist\/wp-content\/uploads\/2015\/05\/ayen-enerji-arnavutlukta-elektrik-uretimine-basladi.jpg 460w\" sizes=\"(max-width: 300px) 100vw, 300px\" \/><\/a><\/strong><\/p>\n<p>Ayen Enerji\u2019nin ba\u011fl\u0131 ortakl\u0131\u011f\u0131 Ayen AS Energji SHA, Arnavutluk\u2019ta PESHQESHIT 3 Hidroelektrik Enerjisi \u00dcretim tesisinin yap\u0131m\u0131n\u0131n tamamland\u0131\u011f\u0131n\u0131 ve elektrik enerjisi \u00fcretimine ba\u015fland\u0131\u011f\u0131n\u0131 bildirdi.<span id=\"more-71377\"><\/span><\/p>\n<p>Konu ile ilgili KAP a\u00e7\u0131klamas\u0131 \u015f\u00f6yle:<\/p>\n<p>Arnavutluk\u2019ta kurulu ba\u011fl\u0131 ortakl\u0131\u011f\u0131m\u0131z Ayen AS Energji SHA taraf\u0131ndan 41 y\u0131ll\u0131k \u0130mtiyaz S\u00f6zle\u015fmesi kapsam\u0131nda , 110 MW kurulu g\u00fcc\u00fcnde , y\u0131ll\u0131k 380.000.000 kWh elektrik enerjisi \u00fcretim kapasiteli \u201cArnavutluk Fan Havzas\u0131 HES Projeleri\u201d kapsam\u0131nda in\u015fa edilmekte olan HES projelerinden, nehir tipi, 28 MW kurulu g\u00fcc\u00fcnde, y\u0131ll\u0131k 118.400.000 kWh elektrik enerjisi \u00fcretim kapasiteli PESHQESHIT 3 Hidroelektrik Enerjisi \u00dcretim Tesisinin yap\u0131m\u0131 tamamlanarak; 04\/May\u0131s\/2015 tarihi itibar\u0131 ile Ticari \u0130\u015fletmeye al\u0131nm\u0131\u015f ve bu tesisimizde Elektrik Enerjisi \u00dcretimine ba\u015flanm\u0131\u015ft\u0131r.\u201d<\/p>\n<p>Kaynak: Enerji Enstit\u00fcs\u00fc<\/p>","protected":false},"excerpt":{"rendered":"<p>Sorry, this entry is only available in Turkish. For the sake of viewer convenience, the content is shown below in the alternative language. You may click the link to switch the active language.Ayen Enerji\u2019nin ba\u011fl\u0131 ortakl\u0131\u011f\u0131 Ayen AS Energji SHA taraf\u0131ndan Arnavutluk\u2019ta elektrik enerjisi \u00fcretimine ba\u015fland\u0131. Ayen Enerji\u2019nin ba\u011fl\u0131 ortakl\u0131\u011f\u0131 Ayen AS Energji SHA, Arnavutluk\u2019ta [&hellip;]<\/p>\n","protected":false},"author":1,"featured_media":38959,"comment_status":"open","ping_status":"open","sticky":false,"template":"","format":"standard","meta":[],"categories":[51,53],"tags":[],"views":1037,"_links":{"self":[{"href":"https:\/\/www.enerjigazetesi.ist\/en\/wp-json\/wp\/v2\/posts\/38958"}],"collection":[{"href":"https:\/\/www.enerjigazetesi.ist\/en\/wp-json\/wp\/v2\/posts"}],"about":[{"href":"https:\/\/www.enerjigazetesi.ist\/en\/wp-json\/wp\/v2\/types\/post"}],"author":[{"embeddable":true,"href":"https:\/\/www.enerjigazetesi.ist\/en\/wp-json\/wp\/v2\/users\/1"}],"replies":[{"embeddable":true,"href":"https:\/\/www.enerjigazetesi.ist\/en\/wp-json\/wp\/v2\/comments?post=38958"}],"version-history":[{"count":1,"href":"https:\/\/www.enerjigazetesi.ist\/en\/wp-json\/wp\/v2\/posts\/38958\/revisions"}],"predecessor-version":[{"id":38960,"href":"https:\/\/www.enerjigazetesi.ist\/en\/wp-json\/wp\/v2\/posts\/38958\/revisions\/38960"}],"wp:featuredmedia":[{"embeddable":true,"href":"https:\/\/www.enerjigazetesi.ist\/en\/wp-json\/wp\/v2\/media\/38959"}],"wp:attachment":[{"href":"https:\/\/www.enerjigazetesi.ist\/en\/wp-json\/wp\/v2\/media?parent=38958"}],"wp:term":[{"taxonomy":"category","embeddable":true,"href":"https:\/\/www.enerjigazetesi.ist\/en\/wp-json\/wp\/v2\/categories?post=38958"},{"taxonomy":"post_tag","embeddable":true,"href":"https:\/\/www.enerjigazetesi.ist\/en\/wp-json\/wp\/v2\/tags?post=38958"}],"curies":[{"name":"wp","href":"https:\/\/api.w.org\/{rel}","templated":true}]}}