{"id":38948,"date":"2015-05-04T12:22:43","date_gmt":"2015-05-04T09:22:43","guid":{"rendered":"https:\/\/www.enerjigazetesi.ist\/?p=38948"},"modified":"2015-05-23T15:09:26","modified_gmt":"2015-05-23T12:09:26","slug":"irandan-nabucco-dogalgaz-boru-hattinin-canlandirilmasini-teklifi","status":"publish","type":"post","link":"https:\/\/www.enerjigazetesi.ist\/en\/irandan-nabucco-dogalgaz-boru-hattinin-canlandirilmasini-teklifi\/","title":{"rendered":"(Turkish) \u0130ran&#8217;dan, Nabucco Do\u011falgaz Boru Hatt\u0131n\u0131n Canland\u0131r\u0131lmas\u0131n\u0131 Teklifi!"},"content":{"rendered":"<p class=\"qtranxs-available-languages-message qtranxs-available-languages-message-en\">Sorry, this entry is only available in <a href=\"https:\/\/www.enerjigazetesi.ist\/tr\/wp-json\/wp\/v2\/posts\/38948\" class=\"qtranxs-available-language-link qtranxs-available-language-link-tr\" title=\"Turkish\">Turkish<\/a>. For the sake of viewer convenience, the content is shown below in the alternative language. You may click the link to switch the active language.<\/p><p><\/p>\n<p style=\"color: #000000;\"><strong>\u0130ran\u2019\u0131n Sofya B\u00fcy\u00fckel\u00e7isi Abdullah Noruzi\u2019nin, Bulgaristan Ba\u015fbakan\u0131 Boyko Borisov ile yapt\u0131\u011f\u0131 g\u00f6r\u00fc\u015fmede, Nabucco do\u011falgaz boru hatt\u0131 projesinin canland\u0131r\u0131lmas\u0131n\u0131 teklif etti\u011fi bildirildi.<\/strong><\/p>\n<p style=\"color: #000000;\">G\u00f6r\u00fc\u015fmeye ayr\u0131ca Ba\u015fbakan Yard\u0131mc\u0131s\u0131 Tomislav Don\u00e7ev, D\u0131\u015fi\u015fleri Bakan\u0131 Daniel Mitov ve Enerji Bakan\u0131 Tenenukka Petkova\u2019n\u0131n kat\u0131ld\u0131\u011f\u0131 belirtildi.<a href=\"https:\/\/www.enerjigazetesi.ist\/wp-content\/uploads\/2015\/05\/irandan-bulgaristana-nabucco-dogalgaz-boru-hattinin-canlandirilmasini-teklifi.jpg\"><img loading=\"lazy\" class=\"alignleft wp-image-38949 size-medium\" src=\"https:\/\/www.enerjigazetesi.ist\/wp-content\/uploads\/2015\/05\/irandan-bulgaristana-nabucco-dogalgaz-boru-hattinin-canlandirilmasini-teklifi-300x153.jpg\" alt=\"irandan-bulgaristana-nabucco-dogalgaz-boru-hattinin-canlandirilmasini-teklifi\" width=\"300\" height=\"153\" srcset=\"https:\/\/www.enerjigazetesi.ist\/wp-content\/uploads\/2015\/05\/irandan-bulgaristana-nabucco-dogalgaz-boru-hattinin-canlandirilmasini-teklifi-300x153.jpg 300w, https:\/\/www.enerjigazetesi.ist\/wp-content\/uploads\/2015\/05\/irandan-bulgaristana-nabucco-dogalgaz-boru-hattinin-canlandirilmasini-teklifi-500x255.jpg 500w, https:\/\/www.enerjigazetesi.ist\/wp-content\/uploads\/2015\/05\/irandan-bulgaristana-nabucco-dogalgaz-boru-hattinin-canlandirilmasini-teklifi-80x40.jpg 80w, https:\/\/www.enerjigazetesi.ist\/wp-content\/uploads\/2015\/05\/irandan-bulgaristana-nabucco-dogalgaz-boru-hattinin-canlandirilmasini-teklifi.jpg 685w\" sizes=\"(max-width: 300px) 100vw, 300px\" \/><\/a><span id=\"more-71376\"><\/span><\/p>\n<p style=\"color: #000000;\">Bulgar haber ajans\u0131 Novinite\u2019nin haberine g\u00f6re, Noruzi, g\u00f6r\u00fc\u015fme s\u0131ras\u0131nda, iki \u00fclke aras\u0131ndaki i\u015fbirli\u011fi konular\u0131 aras\u0131nda Nabucco projesinin canland\u0131r\u0131lmas\u0131n\u0131n da ele al\u0131nd\u0131\u011f\u0131n\u0131 a\u00e7\u0131klad\u0131.<br \/>\nDiplomat, \u201c\u0130ran, Bulgaristan\u2019da do\u011falgaz da\u011f\u0131t\u0131m merkezini kurmay\u0131 d\u00fc\u015f\u00fcn\u00fcyor. Bu merkez \u00fczerinden \u0130ran do\u011falgaz\u0131 Avrupa\u2019ya ula\u015ft\u0131r\u0131lacak\u201d dedi.<\/p>\n<p style=\"color: #000000;\">Bulgaristan y\u00f6netimi, \u0130ran el\u00e7isinin a\u00e7\u0131klamas\u0131n\u0131 hen\u00fcz yorumlamad\u0131.<\/p>\n<p style=\"color: #000000;\">Nabucco West projesi, Hazar Denizi\u2019ndeki \u015eahdeniz yata\u011f\u0131ndan Azerbaycan-G\u00fcrcistan-T\u00fcrkiye-Bulgaristan-Macaristan-Romanya-Avusturya g\u00fczergah\u0131 \u00fczerinden Avrupa \u00fclkelerine uzanacak 1.300 kilometrelik boru hatt\u0131n\u0131n in\u015faat\u0131n\u0131 \u00f6ng\u00f6r\u00fcyordu. Proje, y\u0131ll\u0131k 31 milyar metrek\u00fcp gaz\u0131n ta\u015f\u0131nmas\u0131 i\u00e7in tasarlanm\u0131\u015ft\u0131. Bu rakam, Avrupa Birli\u011fi\u2019nin 2020\u2019deki ihtiyac\u0131n\u0131n sadece y\u00fczde 5\u2019ini kar\u015f\u0131layacak.<\/p>\n<p style=\"color: #000000;\">\u0130ran, projenin en ba\u015f\u0131nda temel do\u011falgaz tedarik\u00e7isi olacakt\u0131 ancak n\u00fckleer program\u0131 ve Bat\u0131\u2019n\u0131n uygulad\u0131\u011f\u0131 yapt\u0131r\u0131mlar ile ilgili sorunlar y\u00fcz\u00fcnden projeden \u00e7\u0131kar\u0131lm\u0131\u015ft\u0131.<\/p>\n<p style=\"color: #000000;\">Kaynak: Enerji Enstit\u00fcs\u00fc<\/p>\n<p><\/p>","protected":false},"excerpt":{"rendered":"<p>Sorry, this entry is only available in Turkish. For the sake of viewer convenience, the content is shown below in the alternative language. You may click the link to switch the active language. \u0130ran\u2019\u0131n Sofya B\u00fcy\u00fckel\u00e7isi Abdullah Noruzi\u2019nin, Bulgaristan Ba\u015fbakan\u0131 Boyko Borisov ile yapt\u0131\u011f\u0131 g\u00f6r\u00fc\u015fmede, Nabucco do\u011falgaz boru hatt\u0131 projesinin canland\u0131r\u0131lmas\u0131n\u0131 teklif etti\u011fi bildirildi. G\u00f6r\u00fc\u015fmeye [&hellip;]<\/p>\n","protected":false},"author":1,"featured_media":38949,"comment_status":"open","ping_status":"open","sticky":false,"template":"","format":"standard","meta":[],"categories":[46,53],"tags":[],"views":843,"_links":{"self":[{"href":"https:\/\/www.enerjigazetesi.ist\/en\/wp-json\/wp\/v2\/posts\/38948"}],"collection":[{"href":"https:\/\/www.enerjigazetesi.ist\/en\/wp-json\/wp\/v2\/posts"}],"about":[{"href":"https:\/\/www.enerjigazetesi.ist\/en\/wp-json\/wp\/v2\/types\/post"}],"author":[{"embeddable":true,"href":"https:\/\/www.enerjigazetesi.ist\/en\/wp-json\/wp\/v2\/users\/1"}],"replies":[{"embeddable":true,"href":"https:\/\/www.enerjigazetesi.ist\/en\/wp-json\/wp\/v2\/comments?post=38948"}],"version-history":[{"count":1,"href":"https:\/\/www.enerjigazetesi.ist\/en\/wp-json\/wp\/v2\/posts\/38948\/revisions"}],"predecessor-version":[{"id":38950,"href":"https:\/\/www.enerjigazetesi.ist\/en\/wp-json\/wp\/v2\/posts\/38948\/revisions\/38950"}],"wp:featuredmedia":[{"embeddable":true,"href":"https:\/\/www.enerjigazetesi.ist\/en\/wp-json\/wp\/v2\/media\/38949"}],"wp:attachment":[{"href":"https:\/\/www.enerjigazetesi.ist\/en\/wp-json\/wp\/v2\/media?parent=38948"}],"wp:term":[{"taxonomy":"category","embeddable":true,"href":"https:\/\/www.enerjigazetesi.ist\/en\/wp-json\/wp\/v2\/categories?post=38948"},{"taxonomy":"post_tag","embeddable":true,"href":"https:\/\/www.enerjigazetesi.ist\/en\/wp-json\/wp\/v2\/tags?post=38948"}],"curies":[{"name":"wp","href":"https:\/\/api.w.org\/{rel}","templated":true}]}}