{"id":38945,"date":"2015-05-04T10:33:42","date_gmt":"2015-05-04T07:33:42","guid":{"rendered":"https:\/\/www.enerjigazetesi.ist\/?p=38945"},"modified":"2015-05-23T15:09:33","modified_gmt":"2015-05-23T12:09:33","slug":"medvedev-turk-akimindan-ilk-gaz-akisi-2020de","status":"publish","type":"post","link":"https:\/\/www.enerjigazetesi.ist\/en\/medvedev-turk-akimindan-ilk-gaz-akisi-2020de\/","title":{"rendered":"(Turkish) Medvedev: T\u00fcrk Ak\u0131m\u0131`ndan \u0130lk Gaz Ak\u0131\u015f\u0131 2020`de&#8230;"},"content":{"rendered":"<p class=\"qtranxs-available-languages-message qtranxs-available-languages-message-en\">Sorry, this entry is only available in <a href=\"https:\/\/www.enerjigazetesi.ist\/tr\/wp-json\/wp\/v2\/posts\/38945\" class=\"qtranxs-available-language-link qtranxs-available-language-link-tr\" title=\"Turkish\">Turkish<\/a>. For the sake of viewer convenience, the content is shown below in the alternative language. You may click the link to switch the active language.<\/p><p><strong>Gazprom Ba\u015fkan Yard\u0131mc\u0131s\u0131 Alexander Medvedev, T\u00fcrk Ak\u0131m\u0131 do\u011falgaz boru hatt\u0131n\u0131n 2020 y\u0131l\u0131nda tamamlanaca\u011f\u0131n\u0131 s\u00f6yledi.<\/strong><\/p>\n<p>Rus do\u011falgaz\u0131n\u0131 T\u00fcrkiye`ye ve T\u00fcrkiye-Yunanistan s\u0131n\u0131r\u0131ndan sonra Avrupa`ya ta\u015f\u0131yacak T\u00fcrk Ak\u0131m\u0131 Do\u011falgaz Boru Hatt\u0131 Projesi`nin ne zaman tamamlanaca\u011f\u0131 netle\u015fiyor.<a href=\"https:\/\/www.enerjigazetesi.ist\/wp-content\/uploads\/2015\/05\/medvedev-turk-akimindan-ilk-gaz-akisi-2020de.jpg\"><img loading=\"lazy\" class=\"alignright size-medium wp-image-38946\" src=\"https:\/\/www.enerjigazetesi.ist\/wp-content\/uploads\/2015\/05\/medvedev-turk-akimindan-ilk-gaz-akisi-2020de-300x204.jpg\" alt=\"medvedev-turk-akimindan-ilk-gaz-akisi-2020de\" width=\"300\" height=\"204\" srcset=\"https:\/\/www.enerjigazetesi.ist\/wp-content\/uploads\/2015\/05\/medvedev-turk-akimindan-ilk-gaz-akisi-2020de-300x204.jpg 300w, https:\/\/www.enerjigazetesi.ist\/wp-content\/uploads\/2015\/05\/medvedev-turk-akimindan-ilk-gaz-akisi-2020de-500x340.jpg 500w, https:\/\/www.enerjigazetesi.ist\/wp-content\/uploads\/2015\/05\/medvedev-turk-akimindan-ilk-gaz-akisi-2020de-73x50.jpg 73w, https:\/\/www.enerjigazetesi.ist\/wp-content\/uploads\/2015\/05\/medvedev-turk-akimindan-ilk-gaz-akisi-2020de.jpg 600w\" sizes=\"(max-width: 300px) 100vw, 300px\" \/><\/a><\/p>\n<p>Ta\u015f\u0131nacak gaz\u0131n tedarik\u00e7isi konumundaki Rus enerji devi Gazprom`un Ba\u015fkan Yard\u0131mc\u0131s\u0131 Alexander Medvedev, Rusya`n\u0131n resmi haber Ajans\u0131 ITAR-TASS`a bu konuda a\u00e7\u0131klamalarda bulundu. Medvedev, 63 milyar metrek\u00fcp do\u011falgaz ta\u015f\u0131mas\u0131 planlanan T\u00fcrk Ak\u0131m\u0131 Projesi`nin belirlenen takvime uygun \u015fekilde ilerledi\u011fini belirtti.<\/p>\n<p>Projenin 2020 itibar\u0131yla tamamlanaca\u011f\u0131n\u0131 ifade eden Alexander Medvedev, \u201c2020 y\u0131l\u0131na geldi\u011fimiz zaman projenin son ad\u0131m\u0131 at\u0131lm\u0131\u015f olacak ve gaz transferini ba\u015flataca\u011f\u0131z&#8221; dedi.<\/p>\n<p>Toplam 910 kilometre uzunlukta projelendirilen T\u00fcrk Ak\u0131m\u0131`n\u0131n 660 kilometrelik k\u0131sm\u0131 Rusya s\u0131n\u0131rlar\u0131 i\u00e7inde. Yakla\u015f\u0131k 250-300 kilometresi ise T\u00fcrkiye`den ge\u00e7ecek.<\/p>\n<p>Rusya Devlet Ba\u015fkan\u0131 Vladimir Putin, Aral\u0131k 2014`te, G\u00fcney Ak\u0131m Projesi`nin iptal edildi\u011fini ve yerine T\u00fcrk Ak\u0131m\u0131 projesinin yap\u0131laca\u011f\u0131n\u0131 duyurmu\u015ftu. Rusya`n\u0131n bu karar\u0131nda, Avrupa Birli\u011fi`nin Rus gaz\u0131na ba\u011f\u0131ml\u0131l\u0131\u011f\u0131 azaltmaya y\u00f6nelik stratejisinin etkili oldu\u011fu biliniyor.<\/p>\n<p>Kaynak: <a href=\"http:\/\/enerjigunlugu.net\/medvedev:-turk-akimindan-ilk-gaz-akisi-2020de_13423.html#.VUclHo7tmko\" target=\"_blank\" rel=\"nofollow\">Enerji G\u00fcnl\u00fc\u011f\u00fc<\/a><\/p>","protected":false},"excerpt":{"rendered":"<p>Sorry, this entry is only available in Turkish. For the sake of viewer convenience, the content is shown below in the alternative language. You may click the link to switch the active language.Gazprom Ba\u015fkan Yard\u0131mc\u0131s\u0131 Alexander Medvedev, T\u00fcrk Ak\u0131m\u0131 do\u011falgaz boru hatt\u0131n\u0131n 2020 y\u0131l\u0131nda tamamlanaca\u011f\u0131n\u0131 s\u00f6yledi. Rus do\u011falgaz\u0131n\u0131 T\u00fcrkiye`ye ve T\u00fcrkiye-Yunanistan s\u0131n\u0131r\u0131ndan sonra Avrupa`ya ta\u015f\u0131yacak [&hellip;]<\/p>\n","protected":false},"author":1,"featured_media":38946,"comment_status":"open","ping_status":"open","sticky":false,"template":"","format":"standard","meta":[],"categories":[46,53],"tags":[],"views":772,"_links":{"self":[{"href":"https:\/\/www.enerjigazetesi.ist\/en\/wp-json\/wp\/v2\/posts\/38945"}],"collection":[{"href":"https:\/\/www.enerjigazetesi.ist\/en\/wp-json\/wp\/v2\/posts"}],"about":[{"href":"https:\/\/www.enerjigazetesi.ist\/en\/wp-json\/wp\/v2\/types\/post"}],"author":[{"embeddable":true,"href":"https:\/\/www.enerjigazetesi.ist\/en\/wp-json\/wp\/v2\/users\/1"}],"replies":[{"embeddable":true,"href":"https:\/\/www.enerjigazetesi.ist\/en\/wp-json\/wp\/v2\/comments?post=38945"}],"version-history":[{"count":1,"href":"https:\/\/www.enerjigazetesi.ist\/en\/wp-json\/wp\/v2\/posts\/38945\/revisions"}],"predecessor-version":[{"id":38947,"href":"https:\/\/www.enerjigazetesi.ist\/en\/wp-json\/wp\/v2\/posts\/38945\/revisions\/38947"}],"wp:featuredmedia":[{"embeddable":true,"href":"https:\/\/www.enerjigazetesi.ist\/en\/wp-json\/wp\/v2\/media\/38946"}],"wp:attachment":[{"href":"https:\/\/www.enerjigazetesi.ist\/en\/wp-json\/wp\/v2\/media?parent=38945"}],"wp:term":[{"taxonomy":"category","embeddable":true,"href":"https:\/\/www.enerjigazetesi.ist\/en\/wp-json\/wp\/v2\/categories?post=38945"},{"taxonomy":"post_tag","embeddable":true,"href":"https:\/\/www.enerjigazetesi.ist\/en\/wp-json\/wp\/v2\/tags?post=38945"}],"curies":[{"name":"wp","href":"https:\/\/api.w.org\/{rel}","templated":true}]}}