{"id":38942,"date":"2015-05-04T10:29:19","date_gmt":"2015-05-04T07:29:19","guid":{"rendered":"https:\/\/www.enerjigazetesi.ist\/?p=38942"},"modified":"2015-05-23T15:09:40","modified_gmt":"2015-05-23T12:09:40","slug":"bakan-yildiz-15-liraya-mazot-vaadi-halki-yaniltmaktir","status":"publish","type":"post","link":"https:\/\/www.enerjigazetesi.ist\/en\/bakan-yildiz-15-liraya-mazot-vaadi-halki-yaniltmaktir\/","title":{"rendered":"(Turkish) Bakan Y\u0131ld\u0131z: \u201c1,5 Liraya Mazot Vaadi Halk\u0131 Yan\u0131ltmakt\u0131r!\u201d"},"content":{"rendered":"<p class=\"qtranxs-available-languages-message qtranxs-available-languages-message-en\">Sorry, this entry is only available in <a href=\"https:\/\/www.enerjigazetesi.ist\/tr\/wp-json\/wp\/v2\/posts\/38942\" class=\"qtranxs-available-language-link qtranxs-available-language-link-tr\" title=\"Turkish\">Turkish<\/a>. For the sake of viewer convenience, the content is shown below in the alternative language. You may click the link to switch the active language.<\/p><p><\/p>\n<p style=\"color: #000000;\"><strong>Enerji ve Tabii Kaynaklar Bakan\u0131 Y\u0131ld\u0131z, CHP\u2019nin \u00e7ift\u00e7ilere mazotun 1,5 liradan verilece\u011fi vaadine ili\u015fkin,\u201dHadi \u00d6TV\u2019den vazge\u00e7tiniz, KDV\u2019yi de s\u00f6ylemiyorsunuz. Bu halk\u0131 aldatmakt\u0131r, yan\u0131ltmakt\u0131r\u201d dedi.<\/strong><span id=\"more-71375\"><\/span><\/p>\n<p style=\"color: #000000;\">CHP Genel Ba\u015fkan\u0131 Kemal K\u0131l\u0131\u00e7daro\u011flu\u2019nun \u00e7ift\u00e7ilere 1,5 liradan mazot vereceklerine ili\u015fkin a\u00e7\u0131klamalar\u0131n\u0131n hat\u0131rlat\u0131lmas\u0131 \u00fczerine Bakan Y\u0131ld\u0131z, T\u00dcPRA\u015e\u2019ta motorinin rafineri \u00e7\u0131k\u0131\u015f fiyat\u0131n\u0131n 1,41 lira oldu\u011funu s\u00f6yledi. K\u0131l\u0131\u00e7daro\u011flu\u2019nun ifade etti\u011fi gibi motorinin rafineri \u00e7\u0131k\u0131\u015f fiyat\u0131n\u0131n 1,21 lira olmad\u0131\u011f\u0131na dikkati \u00e7eken Y\u0131ld\u0131z, \u201c42 kuru\u015fluk da da\u011f\u0131t\u0131m ve bayi <a href=\"https:\/\/www.enerjigazetesi.ist\/wp-content\/uploads\/2015\/05\/bakan-yildiz-15-liraya-mazot-vaadi-halki-yaniltmaktir.jpg\"><img loading=\"lazy\" class=\"alignleft wp-image-38943 size-medium\" src=\"https:\/\/www.enerjigazetesi.ist\/wp-content\/uploads\/2015\/05\/bakan-yildiz-15-liraya-mazot-vaadi-halki-yaniltmaktir-300x213.jpg\" alt=\"bakan-yildiz-15-liraya-mazot-vaadi-halki-yaniltmaktir\" width=\"300\" height=\"213\" srcset=\"https:\/\/www.enerjigazetesi.ist\/wp-content\/uploads\/2015\/05\/bakan-yildiz-15-liraya-mazot-vaadi-halki-yaniltmaktir-300x213.jpg 300w, https:\/\/www.enerjigazetesi.ist\/wp-content\/uploads\/2015\/05\/bakan-yildiz-15-liraya-mazot-vaadi-halki-yaniltmaktir-500x355.jpg 500w, https:\/\/www.enerjigazetesi.ist\/wp-content\/uploads\/2015\/05\/bakan-yildiz-15-liraya-mazot-vaadi-halki-yaniltmaktir-70x50.jpg 70w, https:\/\/www.enerjigazetesi.ist\/wp-content\/uploads\/2015\/05\/bakan-yildiz-15-liraya-mazot-vaadi-halki-yaniltmaktir.jpg 870w\" sizes=\"(max-width: 300px) 100vw, 300px\" \/><\/a>hizmetleri var. T\u00fcrkiye\u2019de 13 bin civar\u0131nda bayi bulunuyor. 42 kuru\u015fu ekledi\u011finizde 1,80 liran\u0131n \u00fczerinde maliyet \u00e7\u0131k\u0131yor\u201d diye konu\u015ftu.<\/p>\n<p style=\"color: #000000;\">Bu maliyette KDV ve \u00d6TV\u2019nin bulunmad\u0131\u011f\u0131na i\u015faret eden Y\u0131ld\u0131z, \u015f\u00f6yle konu\u015ftu:<\/p>\n<p style=\"color: #000000;\">\u201cHadi \u00d6TV\u2019den vazge\u00e7tiniz, KDV\u2019yi de s\u00f6ylemiyorsunuz. Bu halk\u0131 aldatmakt\u0131r, yan\u0131ltmakt\u0131r. Sorum \u015fu, e\u011fer siz 1,5 liradan da\u011f\u0131tacaksan\u0131z bunu T\u00dcPRA\u015e\u2019\u0131n kap\u0131s\u0131nda herkesin trakt\u00f6rleriyle gelip mazotunu doldurmas\u0131n\u0131 m\u0131 planlad\u0131n\u0131z yoksa bidonlarla al\u0131p Hakkari\u2019ye, Sivas\u2019a, Rize\u2019ye ta\u015f\u0131may\u0131 m\u0131 d\u00fc\u015f\u00fcn\u00fcyorsunuz? T\u00fcrkiye\u2019de 13 bin bayiyi, \u00e7al\u0131\u015fmas\u0131n\u0131 ve istihdam\u0131 s\u0131f\u0131rl\u0131yor musunuz? Bayilerden mi vazge\u00e7eceksiniz? 80\u2019e yak\u0131n da\u011f\u0131t\u0131m \u015firketini kapatmay\u0131 m\u0131 d\u00fc\u015f\u00fcn\u00fcyorsunuz? Bu kadar mevzunun i\u00e7ine girmeden, bu kadar y\u00fczeysel bir \u015fekilde bir ana muhalefet partisi liderine a\u00e7\u0131klama yapt\u0131r\u0131lmaz. Yaz\u0131kt\u0131r, g\u00fcnaht\u0131r. Siz \u00fclkeyi y\u00f6netmeye talip oluyorsunuz.\u201d<\/p>\n<p style=\"color: #000000;\">Y\u0131ld\u0131z, muhalefet partilerinin yoksul vatanda\u015fa bedava elektrik ve do\u011falgaz vaat etti\u011fini de ifade ederek, \u201c230 kilovatsaate kadar vatanda\u015f\u0131m\u0131z\u0131n kulland\u0131\u011f\u0131 elektri\u011fi normalde almayaca\u011f\u0131z deniyor. T\u00fcrkiye\u2019de meskenlerin ortalamas\u0131 127 kilovatsaat. Siz asgari \u00fccretin 4-5 kat\u0131n\u0131 alan vatanda\u015f\u0131n da elektrik paras\u0131n\u0131 \u00f6demeye talip oldu\u011funuzu s\u00f6yl\u00fcyorsunuz. B\u00f6yle bir \u015fey olabilir mi?\u201d diye sordu.<\/p>\n<p style=\"color: #000000;\">Bakan Y\u0131ld\u0131z, do\u011falgaz\u0131n ithal bir kaynak oldu\u011funu, s\u00f6z\u00fc edilen rakamda elektri\u011fin \u00fccretsiz verilmesinin ise yakla\u015f\u0131k maliyetinin 30 milyar liray\u0131 bulaca\u011f\u0131n\u0131 bildirdi.<\/p>\n<p style=\"color: #000000;\">Kaynak: Enerji Enstit\u00fcs\u00fc<\/p>\n<p><\/p>","protected":false},"excerpt":{"rendered":"<p>Sorry, this entry is only available in Turkish. For the sake of viewer convenience, the content is shown below in the alternative language. You may click the link to switch the active language. Enerji ve Tabii Kaynaklar Bakan\u0131 Y\u0131ld\u0131z, CHP\u2019nin \u00e7ift\u00e7ilere mazotun 1,5 liradan verilece\u011fi vaadine ili\u015fkin,\u201dHadi \u00d6TV\u2019den vazge\u00e7tiniz, KDV\u2019yi de s\u00f6ylemiyorsunuz. Bu halk\u0131 aldatmakt\u0131r, [&hellip;]<\/p>\n","protected":false},"author":1,"featured_media":38943,"comment_status":"open","ping_status":"open","sticky":false,"template":"","format":"standard","meta":[],"categories":[53,44],"tags":[],"views":889,"_links":{"self":[{"href":"https:\/\/www.enerjigazetesi.ist\/en\/wp-json\/wp\/v2\/posts\/38942"}],"collection":[{"href":"https:\/\/www.enerjigazetesi.ist\/en\/wp-json\/wp\/v2\/posts"}],"about":[{"href":"https:\/\/www.enerjigazetesi.ist\/en\/wp-json\/wp\/v2\/types\/post"}],"author":[{"embeddable":true,"href":"https:\/\/www.enerjigazetesi.ist\/en\/wp-json\/wp\/v2\/users\/1"}],"replies":[{"embeddable":true,"href":"https:\/\/www.enerjigazetesi.ist\/en\/wp-json\/wp\/v2\/comments?post=38942"}],"version-history":[{"count":1,"href":"https:\/\/www.enerjigazetesi.ist\/en\/wp-json\/wp\/v2\/posts\/38942\/revisions"}],"predecessor-version":[{"id":38944,"href":"https:\/\/www.enerjigazetesi.ist\/en\/wp-json\/wp\/v2\/posts\/38942\/revisions\/38944"}],"wp:featuredmedia":[{"embeddable":true,"href":"https:\/\/www.enerjigazetesi.ist\/en\/wp-json\/wp\/v2\/media\/38943"}],"wp:attachment":[{"href":"https:\/\/www.enerjigazetesi.ist\/en\/wp-json\/wp\/v2\/media?parent=38942"}],"wp:term":[{"taxonomy":"category","embeddable":true,"href":"https:\/\/www.enerjigazetesi.ist\/en\/wp-json\/wp\/v2\/categories?post=38942"},{"taxonomy":"post_tag","embeddable":true,"href":"https:\/\/www.enerjigazetesi.ist\/en\/wp-json\/wp\/v2\/tags?post=38942"}],"curies":[{"name":"wp","href":"https:\/\/api.w.org\/{rel}","templated":true}]}}