{"id":38938,"date":"2015-05-04T10:25:35","date_gmt":"2015-05-04T07:25:35","guid":{"rendered":"https:\/\/www.enerjigazetesi.ist\/?p=38938"},"modified":"2015-05-23T15:09:48","modified_gmt":"2015-05-23T12:09:48","slug":"besim-sisman-turkiye-petrolleri-genel-mudurlugune-asaleten-atandi","status":"publish","type":"post","link":"https:\/\/www.enerjigazetesi.ist\/en\/besim-sisman-turkiye-petrolleri-genel-mudurlugune-asaleten-atandi\/","title":{"rendered":"(Turkish) \u015ei\u015fman, T\u00fcrkiye Petrolleri Genel M\u00fcd\u00fcrl\u00fc\u011f\u00fcne Asaleten Atand\u0131&#8230;"},"content":{"rendered":"<p class=\"qtranxs-available-languages-message qtranxs-available-languages-message-en\">Sorry, this entry is only available in <a href=\"https:\/\/www.enerjigazetesi.ist\/tr\/wp-json\/wp\/v2\/posts\/38938\" class=\"qtranxs-available-language-link qtranxs-available-language-link-tr\" title=\"Turkish\">Turkish<\/a>. For the sake of viewer convenience, the content is shown below in the alternative language. You may click the link to switch the active language.<\/p><p><\/p>\n<p style=\"color: #000000;\"><strong>T\u00fcrkiye Petrolleri Genel M\u00fcd\u00fcr\u00fc ve Y\u00f6netim Kurulu Ba\u015fkanl\u0131\u011f\u0131 g\u00f6revlerini vekaleten y\u00fcr\u00fcten \u015ei\u015fman, bu g\u00f6revlere asaleten atand\u0131. T\u00fcrkiye Petrolleri Genel M\u00fcd\u00fcr ve Y\u00f6netim Kurulu Ba\u015fkanl\u0131\u011f\u0131\u2019na Besim \u015ei\u015fman atand\u0131.<\/strong><\/p>\n<p style=\"color: #000000;\">Besim \u015ei\u015fman, \u0130stanbul Teknik \u00dcniversitesi Petrol ve Do\u011fal Gaz M\u00fchendisli\u011fi lisans ve Bilkent \u00dcniversitesi \u0130\u015fletme Y\u00f6netimi y\u00fcksek lisans programlar\u0131n\u0131 tamamlad\u0131. 2005-2009 y\u0131llar\u0131 aras\u0131nda Ad\u0131yaman B\u00f6lge M\u00fcd\u00fcr\u00fc olarak g\u00f6rev ya<a href=\"https:\/\/www.enerjigazetesi.ist\/wp-content\/uploads\/2015\/05\/besim-sisman-turkiye-petrolleri-genel-mudurlugune-asaleten-atandi.jpg\"><img loading=\"lazy\" class=\"alignright size-medium wp-image-38939\" src=\"https:\/\/www.enerjigazetesi.ist\/wp-content\/uploads\/2015\/05\/besim-sisman-turkiye-petrolleri-genel-mudurlugune-asaleten-atandi-300x155.jpg\" alt=\"besim-sisman-turkiye-petrolleri-genel-mudurlugune-asaleten-atandi\" width=\"300\" height=\"155\" srcset=\"https:\/\/www.enerjigazetesi.ist\/wp-content\/uploads\/2015\/05\/besim-sisman-turkiye-petrolleri-genel-mudurlugune-asaleten-atandi-300x155.jpg 300w, https:\/\/www.enerjigazetesi.ist\/wp-content\/uploads\/2015\/05\/besim-sisman-turkiye-petrolleri-genel-mudurlugune-asaleten-atandi-500x259.jpg 500w, https:\/\/www.enerjigazetesi.ist\/wp-content\/uploads\/2015\/05\/besim-sisman-turkiye-petrolleri-genel-mudurlugune-asaleten-atandi-80x41.jpg 80w, https:\/\/www.enerjigazetesi.ist\/wp-content\/uploads\/2015\/05\/besim-sisman-turkiye-petrolleri-genel-mudurlugune-asaleten-atandi.jpg 870w\" sizes=\"(max-width: 300px) 100vw, 300px\" \/><\/a>pan \u015ei\u015fman, 2009 y\u0131l\u0131ndan 2013 y\u0131l\u0131na kadar TP Y\u00f6netim Kurulu \u00dcyesi ve Genel M\u00fcd\u00fcr Yard\u0131mc\u0131l\u0131\u011f\u0131 g\u00f6revini y\u00fcr\u00fctt\u00fc. Uluslararas\u0131 projeler ve strateji geli\u015ftirme birimlerinden sorumlu genel m\u00fcd\u00fcr yard\u0131mc\u0131s\u0131 olarak Azerbaycan, Irak ve Do\u011fu Akdeniz projelerinin geli\u015ftirilmesinde etkin g\u00f6rev ald\u0131. Y\u00fcr\u00fct\u00fclen uluslararas\u0131 projelerle T\u00fcrkiye Petrolleri\u2019nin 60 y\u0131ll\u0131k tarihinde g\u00fcnl\u00fck \u00fcretiminin ikinci kez 100 bin varili ge\u00e7mesine \u00f6nc\u00fcl\u00fck etti.<\/p>\n<p style=\"color: #000000;\">D\u00fcnya Petrol Konseyi T\u00fcrk Milli Komitesi Ba\u015fkanl\u0131\u011f\u0131, MEPEC \u0130sti\u015fare Kurulu ve IPTC \u0130cra Kurulu \u00dcyeli\u011fi g\u00f6revlerini y\u00fcr\u00fct\u00fcyor. AAPG, D\u00fcnya Petrol Kongresi, SPE, TUROGE gibi \u00f6nde gelen bir\u00e7ok kongre ve seminerde a\u00e7\u0131l\u0131\u015f konu\u015fmac\u0131s\u0131 olarak yer ald\u0131. \u00dcniversite gen\u00e7li\u011finin petrol ve do\u011falgaz sekt\u00f6r\u00fcne entegrasyonunu sa\u011flamak amac\u0131yla \u00e7e\u015fitli projelere \u00f6nc\u00fcl\u00fck eden \u015ei\u015fman, Batman Petrolspor Kul\u00fcb\u00fc Ba\u015fkanl\u0131\u011f\u0131 s\u00fcresince amat\u00f6r sporlar\u0131n geli\u015fmesine de katk\u0131da bulundu.<\/p>\n<p style=\"color: #000000;\">T\u00fcrkiye Petrolleri Genel M\u00fcd\u00fcr\u00fc ve Y\u00f6netim Kurulu Ba\u015fkanl\u0131\u011f\u0131 g\u00f6revlerini vekaleten y\u00fcr\u00fcten \u015ei\u015fman, 1 May\u0131s 2015 tarihinde TP Genel M\u00fcd\u00fcr\u00fc ve Y\u00f6netim Kurulu Ba\u015fkan\u0131 olarak atand\u0131.<\/p>\n<p style=\"color: #000000;\">Kaynak: Enerji Enstit\u00fcs\u00fc<\/p>\n<p><\/p>","protected":false},"excerpt":{"rendered":"<p>Sorry, this entry is only available in Turkish. For the sake of viewer convenience, the content is shown below in the alternative language. You may click the link to switch the active language. T\u00fcrkiye Petrolleri Genel M\u00fcd\u00fcr\u00fc ve Y\u00f6netim Kurulu Ba\u015fkanl\u0131\u011f\u0131 g\u00f6revlerini vekaleten y\u00fcr\u00fcten \u015ei\u015fman, bu g\u00f6revlere asaleten atand\u0131. T\u00fcrkiye Petrolleri Genel M\u00fcd\u00fcr ve Y\u00f6netim [&hellip;]<\/p>\n","protected":false},"author":1,"featured_media":38939,"comment_status":"open","ping_status":"open","sticky":false,"template":"","format":"standard","meta":[],"categories":[53,44],"tags":[],"views":690,"_links":{"self":[{"href":"https:\/\/www.enerjigazetesi.ist\/en\/wp-json\/wp\/v2\/posts\/38938"}],"collection":[{"href":"https:\/\/www.enerjigazetesi.ist\/en\/wp-json\/wp\/v2\/posts"}],"about":[{"href":"https:\/\/www.enerjigazetesi.ist\/en\/wp-json\/wp\/v2\/types\/post"}],"author":[{"embeddable":true,"href":"https:\/\/www.enerjigazetesi.ist\/en\/wp-json\/wp\/v2\/users\/1"}],"replies":[{"embeddable":true,"href":"https:\/\/www.enerjigazetesi.ist\/en\/wp-json\/wp\/v2\/comments?post=38938"}],"version-history":[{"count":2,"href":"https:\/\/www.enerjigazetesi.ist\/en\/wp-json\/wp\/v2\/posts\/38938\/revisions"}],"predecessor-version":[{"id":38941,"href":"https:\/\/www.enerjigazetesi.ist\/en\/wp-json\/wp\/v2\/posts\/38938\/revisions\/38941"}],"wp:featuredmedia":[{"embeddable":true,"href":"https:\/\/www.enerjigazetesi.ist\/en\/wp-json\/wp\/v2\/media\/38939"}],"wp:attachment":[{"href":"https:\/\/www.enerjigazetesi.ist\/en\/wp-json\/wp\/v2\/media?parent=38938"}],"wp:term":[{"taxonomy":"category","embeddable":true,"href":"https:\/\/www.enerjigazetesi.ist\/en\/wp-json\/wp\/v2\/categories?post=38938"},{"taxonomy":"post_tag","embeddable":true,"href":"https:\/\/www.enerjigazetesi.ist\/en\/wp-json\/wp\/v2\/tags?post=38938"}],"curies":[{"name":"wp","href":"https:\/\/api.w.org\/{rel}","templated":true}]}}