{"id":38935,"date":"2015-05-04T10:21:15","date_gmt":"2015-05-04T07:21:15","guid":{"rendered":"https:\/\/www.enerjigazetesi.ist\/?p=38935"},"modified":"2015-05-23T15:09:52","modified_gmt":"2015-05-23T12:09:52","slug":"bakan-yildizdan-iran-dogalgazi-icin-indirim-talebi","status":"publish","type":"post","link":"https:\/\/www.enerjigazetesi.ist\/en\/bakan-yildizdan-iran-dogalgazi-icin-indirim-talebi\/","title":{"rendered":"(Turkish) Bakan Y\u0131ld\u0131z\u2019dan \u0130ran Do\u011falgaz\u0131 \u0130\u00e7in \u0130ndirim Talebi!"},"content":{"rendered":"<p class=\"qtranxs-available-languages-message qtranxs-available-languages-message-en\">Sorry, this entry is only available in <a href=\"https:\/\/www.enerjigazetesi.ist\/tr\/wp-json\/wp\/v2\/posts\/38935\" class=\"qtranxs-available-language-link qtranxs-available-language-link-tr\" title=\"Turkish\">Turkish<\/a>. For the sake of viewer convenience, the content is shown below in the alternative language. You may click the link to switch the active language.<\/p><p><\/p>\n<p style=\"color: #000000;\"><strong>Enerji ve Tabii Kaynaklar Bakan\u0131 Y\u0131ld\u0131z, \u201c\u0130ran do\u011falgaz\u0131 T\u00fcrkiye\u2019ye pahal\u0131 sat\u0131lmaktad\u0131r ve ald\u0131\u011f\u0131m\u0131z en pahal\u0131 gaz \u0130ran do\u011falgaz\u0131d\u0131r. Bunun d\u00fc\u015f\u00fcr\u00fclmesi laz\u0131m\u201d dedi. Y\u0131ld\u0131z, Erciyes\u2019te Ekonomi Muhabirleri Derne\u011fi \u00fcyeleriyle bir araya geldi\u011fi kahvalt\u0131da sorular\u0131 yan\u0131tlad\u0131.<\/strong><\/p>\n<p style=\"color: #000000;\">\n<p style=\"color: #000000;\">Yunanistan, M\u0131s\u0131r ve G\u00fcney K\u0131br\u0131s liderlerinin \u00fc\u00e7l\u00fc zirve yaparak, Do\u011fu Akdeniz\u2019de enerji kaynaklar\u0131n\u0131n payla\u015f\u0131m\u0131n\u0131 g\u00f6r\u00fc\u015ft\u00fcklerinin hat\u0131rlat\u0131lmas\u0131\u00a0\u00fczerine Bakan Y\u0131ld\u0131z, K\u0131br\u0131s do\u011falgaz\u0131n\u0131n M\u0131s\u0131r\u2019dan g\u00f6t\u00fcr\u00fclmesi karar\u0131n\u0131 uygulanabilir bulmad\u0131\u011f\u0131n\u0131 belirtti. M\u0131s\u0131r\u2019\u0131n bir t\u00fcketim \u00fclkesi olmad\u0131\u011f\u0131n\u0131 anlatan Y\u0131ld\u0131z, \u201cS\u0131v\u0131la\u015ft\u0131r\u0131lm\u0131\u015f do\u011falgaz (LNG<a href=\"https:\/\/www.enerjigazetesi.ist\/wp-content\/uploads\/2015\/05\/bakan-yildizdan-iran-dogalgazi-icin-indirim-talebi.jpg\"><img loading=\"lazy\" class=\"alignleft wp-image-38936 size-medium\" src=\"https:\/\/www.enerjigazetesi.ist\/wp-content\/uploads\/2015\/05\/bakan-yildizdan-iran-dogalgazi-icin-indirim-talebi-300x187.jpg\" alt=\"bakan-yildizdan-iran-dogalgazi-icin-indirim-talebi\" width=\"300\" height=\"187\" srcset=\"https:\/\/www.enerjigazetesi.ist\/wp-content\/uploads\/2015\/05\/bakan-yildizdan-iran-dogalgazi-icin-indirim-talebi-300x187.jpg 300w, https:\/\/www.enerjigazetesi.ist\/wp-content\/uploads\/2015\/05\/bakan-yildizdan-iran-dogalgazi-icin-indirim-talebi-500x312.jpg 500w, https:\/\/www.enerjigazetesi.ist\/wp-content\/uploads\/2015\/05\/bakan-yildizdan-iran-dogalgazi-icin-indirim-talebi-80x50.jpg 80w, https:\/\/www.enerjigazetesi.ist\/wp-content\/uploads\/2015\/05\/bakan-yildizdan-iran-dogalgazi-icin-indirim-talebi.jpg 870w\" sizes=\"(max-width: 300px) 100vw, 300px\" \/><\/a>) olarak g\u00f6t\u00fcrece\u011fiz denildi. LNG\u2019nin maliyetleri ortada. Yaln\u0131zca bir siyasi inat u\u011fruna b\u00f6yle fizibilitesi olmayan bir i\u015flem yap\u0131lmas\u0131n\u0131 ben kendileri a\u00e7\u0131s\u0131ndan da do\u011fru bulmuyorum ve ger\u00e7ekle\u015ftirilebilir de bulmuyorum\u201d ifadelerini kulland\u0131.<\/p>\n<p style=\"color: #000000;\">Rus gaz\u0131n\u0131n T\u00fcrkiye \u00fczerinden Avrupa\u2019ya transfer edilmesini i\u00e7eren T\u00fcrk Ak\u0131m\u0131 Projesi\u2019nde son duruma ili\u015fkin Y\u0131ld\u0131z, bu konuda m\u00fczakerelerin s\u00fcrd\u00fcr\u00fcld\u00fc\u011f\u00fcn\u00fc, kar\u015f\u0131l\u0131kl\u0131 iradelerin ortaya konuldu\u011funu s\u00f6yledi. T\u00fcrkiye\u2019nin bu projede tavr\u0131n\u0131 ortaya koydu\u011funa dikkati \u00e7eken Y\u0131ld\u0131z, \u201cBurada ana belirleyici olan T\u00fcrkiye\u2019nin alaca\u011f\u0131 15 milyar 750 milyon metrek\u00fcp do\u011falgaz\u0131n daha \u00f6tesinde 63 milyar metrek\u00fcpe tamamlanacak gaz\u0131n talebidir. Bu talebin AB \u00fcyesi \u00fclkeler taraf\u0131ndan gelece\u011fi s\u00f6ylendi. O k\u0131sm\u0131n taraf\u0131 biz de\u011filiz. Yani AB ile Rusya aras\u0131nda aras\u0131ndaki do\u011falgaz talebi ve arz\u0131n\u0131n hangi noktaya ta\u015f\u0131nd\u0131\u011f\u0131, hangi noktaya geldi\u011fini bizler de takip ediyoruz. Karar verecek olanlar onlard\u0131r\u201d de\u011ferlendirmesinde bulundu.<\/p>\n<p style=\"color: #000000;\">Do\u011falgazda fiyat revizyonu i\u00e7in \u0130ran\u2019\u0131n Uluslararas\u0131 Tahkim\u2019e verilmesiyle ilgili olarak da Y\u0131ld\u0131z, duru\u015fmalar\u0131n ve m\u00fczakerelerin tamamland\u0131\u011f\u0131n\u0131 bildirdi. \u0130ran do\u011falgaz\u0131n\u0131n T\u00fcrkiye\u2019ye pahal\u0131 sat\u0131ld\u0131\u011f\u0131n\u0131 ifade eden Y\u0131ld\u0131z, \u015f\u00f6yle konu\u015ftu:<\/p>\n<p style=\"color: #000000;\">\u201cAld\u0131\u011f\u0131m\u0131z en pahal\u0131 gaz \u0130ran do\u011falgaz\u0131d\u0131r. Bunun d\u00fc\u015fmesi laz\u0131m. Vatanda\u015f\u0131m\u0131z ad\u0131na sanayicimiz ad\u0131na d\u00fc\u015fmesi laz\u0131m. A\u00e7\u0131k\u00e7a s\u00f6yleyeyim tahkimden alaca\u011f\u0131m\u0131z paray\u0131 yine bir k\u0131s\u0131m kademe bor\u00e7lar\u0131m\u0131za, g\u00fcmr\u00fckle alakal\u0131 bor\u00e7lar\u0131m\u0131za ve hazineye aktaraca\u011f\u0131z. Onlar da tabi vatanda\u015f\u0131m\u0131za kullan\u0131yorlar. Bu para tahkimden \u0130ran do\u011falgaz\u0131ndan alaca\u011f\u0131m\u0131z para vatanda\u015f\u0131m\u0131za vergi yoluyla, vergi tahsiliyle g\u00f6t\u00fcrd\u00fc\u011f\u00fcm\u00fcz hizmet yoluyla gidecek parad\u0131r. Dolay\u0131s\u0131yla bunu son derece \u00f6nemsiyoruz. BOTA\u015e\u2019\u0131n nakit ak\u0131\u015flar\u0131 a\u00e7\u0131s\u0131ndan bunu \u00f6nemli buluyoruz. Geriye d\u00f6n\u00fck bor\u00e7lar\u0131n\u0131n \u00f6denmesi a\u00e7\u0131s\u0131ndan da bunu \u00f6nemli buluyoruz. Hele hele dolar\u0131n artt\u0131\u011f\u0131 enerji maliyetlerimizin artt\u0131\u011f\u0131 ve vatanda\u015f\u0131m\u0131za yans\u0131tmad\u0131\u011f\u0131m\u0131z \u015fu d\u00f6nemde \u00e7ok \u00f6nemli.\u201d<br \/>\nBakan Y\u0131ld\u0131z, dolar\u0131n TL kar\u015f\u0131s\u0131nda y\u00fckselmesinden dolay\u0131 enerji maliyetlerinin y\u00fczde 7-8 artt\u0131\u011f\u0131n\u0131 ancak bunu sanayicilere ve vatanda\u015flara yans\u0131tmayacaklar\u0131n\u0131 dile getirdi.<\/p>\n<p style=\"color: #000000;\">Y\u0131ld\u0131z, \u201cT\u00fcrkiye-T\u00fcrkmenistan-AB-Azerbaycan D\u00f6rtl\u00fc G\u00f6r\u00fc\u015fme Toplant\u0131s\u0131\u201dndan sonra al\u0131nan T\u00fcrkmen gaz\u0131n\u0131n T\u00fcrkiye \u00fczerinden Avrupa\u2019ya transfer edilmesine y\u00f6nelik karar\u0131 son derece \u00f6nemsediklerini belirtti. \u015eu ana kadar bu tarz bir a\u015famaya gelinmedi\u011fini anlatan Y\u0131ld\u0131z, \u015f\u00f6yle devam etti:<\/p>\n<p style=\"color: #000000;\">\u201c\u00d6nemli bir miktar\u0131n, 30 milyar metrek\u00fcpl\u00fck bir miktar\u0131n 2020 y\u0131l\u0131 sonras\u0131nda T\u00fcrkiye \u00fczerinden Avrupa\u2019ya ta\u015f\u0131nmas\u0131 s\u00f6z konusu. T\u00fcrkiye do\u011falgazda 5 temel tedarik\u00e7i, Katar\u2019la birlikte 6 tedarik\u00e7i \u00fclkeye sahip. Petrolde de 11 tedarik\u00e7i \u00fclke ile \u00e7al\u0131\u015f\u0131yoruz. Bunlar\u0131n say\u0131lar\u0131n\u0131 art\u0131rmak, kaynak \u00e7e\u015fitlili\u011fini art\u0131rmak bizim temel stratejilerimiz aras\u0131nda. T\u00fcrkmenistan\u2019\u0131n da bu kaynak \u00fclkeler aras\u0131nda yer almas\u0131n\u0131 istiyoruz. Son derede stratejik ve verimli bir toplant\u0131 yap\u0131ld\u0131. Temmuz ay\u0131n\u0131n sonuna kadar \u00e7al\u0131\u015fmalar\u0131n\u0131 yap\u0131p, bizlere raporlar\u0131n\u0131 sunacaklar. Biz de AB Ba\u015fkan\u0131na, Say\u0131n Cumhurba\u015fkan\u0131m\u0131za, Say\u0131n Azerbaycan Cumhurba\u015fkan\u0131 Aliyev\u2019e ve Say\u0131n Berdimuhammedov\u2019a b\u00fct\u00fcn bunlar\u0131 iletmi\u015f olaca\u011f\u0131z.<br \/>\nBizim hedeflerimizde Rusya, Azerbaycan, \u0130ran ve bundan sonra T\u00fcrkmenistan do\u011falgaz boru hatt\u0131 daha sonra Irak\u2019la alakal\u0131 i\u015flemler ve Do\u011fu Akdeniz gazlar\u0131yla alakal\u0131 temel ba\u015fl\u0131klar var.\u201d<\/p>\n<p style=\"color: #000000;\">Kaynak: Enerji Enstit\u00fcs\u00fc<\/p>\n<p><\/p>","protected":false},"excerpt":{"rendered":"<p>Sorry, this entry is only available in Turkish. For the sake of viewer convenience, the content is shown below in the alternative language. You may click the link to switch the active language. Enerji ve Tabii Kaynaklar Bakan\u0131 Y\u0131ld\u0131z, \u201c\u0130ran do\u011falgaz\u0131 T\u00fcrkiye\u2019ye pahal\u0131 sat\u0131lmaktad\u0131r ve ald\u0131\u011f\u0131m\u0131z en pahal\u0131 gaz \u0130ran do\u011falgaz\u0131d\u0131r. Bunun d\u00fc\u015f\u00fcr\u00fclmesi laz\u0131m\u201d dedi. [&hellip;]<\/p>\n","protected":false},"author":1,"featured_media":38936,"comment_status":"open","ping_status":"open","sticky":false,"template":"","format":"standard","meta":[],"categories":[46,53],"tags":[],"views":422,"_links":{"self":[{"href":"https:\/\/www.enerjigazetesi.ist\/en\/wp-json\/wp\/v2\/posts\/38935"}],"collection":[{"href":"https:\/\/www.enerjigazetesi.ist\/en\/wp-json\/wp\/v2\/posts"}],"about":[{"href":"https:\/\/www.enerjigazetesi.ist\/en\/wp-json\/wp\/v2\/types\/post"}],"author":[{"embeddable":true,"href":"https:\/\/www.enerjigazetesi.ist\/en\/wp-json\/wp\/v2\/users\/1"}],"replies":[{"embeddable":true,"href":"https:\/\/www.enerjigazetesi.ist\/en\/wp-json\/wp\/v2\/comments?post=38935"}],"version-history":[{"count":1,"href":"https:\/\/www.enerjigazetesi.ist\/en\/wp-json\/wp\/v2\/posts\/38935\/revisions"}],"predecessor-version":[{"id":38937,"href":"https:\/\/www.enerjigazetesi.ist\/en\/wp-json\/wp\/v2\/posts\/38935\/revisions\/38937"}],"wp:featuredmedia":[{"embeddable":true,"href":"https:\/\/www.enerjigazetesi.ist\/en\/wp-json\/wp\/v2\/media\/38936"}],"wp:attachment":[{"href":"https:\/\/www.enerjigazetesi.ist\/en\/wp-json\/wp\/v2\/media?parent=38935"}],"wp:term":[{"taxonomy":"category","embeddable":true,"href":"https:\/\/www.enerjigazetesi.ist\/en\/wp-json\/wp\/v2\/categories?post=38935"},{"taxonomy":"post_tag","embeddable":true,"href":"https:\/\/www.enerjigazetesi.ist\/en\/wp-json\/wp\/v2\/tags?post=38935"}],"curies":[{"name":"wp","href":"https:\/\/api.w.org\/{rel}","templated":true}]}}