{"id":38908,"date":"2015-05-03T16:56:10","date_gmt":"2015-05-03T13:56:10","guid":{"rendered":"https:\/\/www.enerjigazetesi.ist\/?p=38908"},"modified":"2015-05-23T15:10:24","modified_gmt":"2015-05-23T12:10:24","slug":"enerji-sektorunun-kalbi-icci-2015-ile-istanbulda-atacak","status":"publish","type":"post","link":"https:\/\/www.enerjigazetesi.ist\/en\/enerji-sektorunun-kalbi-icci-2015-ile-istanbulda-atacak\/","title":{"rendered":"(Turkish) Enerji Sekt\u00f6r\u00fcn\u00fcn Kalbi ICCI 2015 \u0130le \u0130stanbul\u2019da Atacak!"},"content":{"rendered":"<p class=\"qtranxs-available-languages-message qtranxs-available-languages-message-en\">Sorry, this entry is only available in <a href=\"https:\/\/www.enerjigazetesi.ist\/tr\/wp-json\/wp\/v2\/posts\/38908\" class=\"qtranxs-available-language-link qtranxs-available-language-link-tr\" title=\"Turkish\">Turkish<\/a>. For the sake of viewer convenience, the content is shown below in the alternative language. You may click the link to switch the active language.<\/p><p><strong>25 Sivil toplum \u00f6rg\u00fct\u00fc, enerji ve \u00e7evre ile ilgili t\u00fcm geli\u015fmeleri ICCI 2015\u2019te masaya yat\u0131racak. Hedef, 2023\u2019te 500 milyar kWh\u2019e \u00e7\u0131kmas\u0131 \u00f6ng\u00f6r\u00fclen T\u00fcrkiye\u2019nin, elektrik enerjisi talebi kar\u015f\u0131lamak\u2026<\/strong><\/p>\n<p>A\u00e7\u0131l\u0131\u015f\u0131n\u0131, 6 May\u0131s\u2019ta Enerji Bakan\u0131 Taner Y\u0131ld\u0131z\u2019\u0131n yapaca\u011f\u0131, ICCI 2015 \u2013 21.Uluslararas\u0131 Enerji ve \u00c7evre Fuar ve K<a href=\"https:\/\/www.enerjigazetesi.ist\/wp-content\/uploads\/2015\/05\/enerji-sektorunun-kalbi-icci-2015-ile-istanbulda-atacak.jpg\"><img loading=\"lazy\" class=\"alignleft wp-image-38909 size-medium\" src=\"https:\/\/www.enerjigazetesi.ist\/wp-content\/uploads\/2015\/05\/enerji-sektorunun-kalbi-icci-2015-ile-istanbulda-atacak-300x200.jpg\" alt=\"enerji-sektorunun-kalbi-icci-2015-ile-istanbulda-atacak\" width=\"300\" height=\"200\" srcset=\"https:\/\/www.enerjigazetesi.ist\/wp-content\/uploads\/2015\/05\/enerji-sektorunun-kalbi-icci-2015-ile-istanbulda-atacak-300x200.jpg 300w, https:\/\/www.enerjigazetesi.ist\/wp-content\/uploads\/2015\/05\/enerji-sektorunun-kalbi-icci-2015-ile-istanbulda-atacak-500x333.jpg 500w, https:\/\/www.enerjigazetesi.ist\/wp-content\/uploads\/2015\/05\/enerji-sektorunun-kalbi-icci-2015-ile-istanbulda-atacak-74x50.jpg 74w, https:\/\/www.enerjigazetesi.ist\/wp-content\/uploads\/2015\/05\/enerji-sektorunun-kalbi-icci-2015-ile-istanbulda-atacak.jpg 1000w\" sizes=\"(max-width: 300px) 100vw, 300px\" \/><\/a>onferans\u0131, sivil toplum \u00f6rg\u00fctlerinin, \u00fcniversite ve kamunun bulu\u015fma platformu oluyor. Sekt\u00f6r, 2014 y\u0131l\u0131 sonu itibar\u0131yla elektrik <span style=\"text-decoration: underline;\">\u00fcretiminin<\/span> <strong>250,4 milyar kWh<\/strong>, <span style=\"text-decoration: underline;\">t\u00fcketiminin<\/span> ise <strong>255,5 milyar kWh<\/strong> oldu\u011fu T\u00fcrkiye\u2019de, talebi kar\u015f\u0131layacak elektrik \u00fcretimini ger\u00e7ekle\u015ftirecek ortak \u00e7\u00f6z\u00fcmler \u00fcretmeyi ama\u00e7l\u0131yor.<\/p>\n<p>Sekt\u00f6rel Fuarc\u0131l\u0131k ve Deutsce Messe taraf\u0131ndan ortak d\u00fczenlenecek ICCI 2015\u2019de, fuar b\u00f6l\u00fcm\u00fcnde enerji ve \u00e7evre ile ilgili en son teknolojilerin sergilenece\u011finin alt\u0131n\u0131 \u00e7izen Sekt\u00f6rel Fuarc\u0131l\u0131k A.\u015e. Genel M\u00fcd\u00fcr\u00fc S\u00fcleyman Bulak, \u201cT\u00fcrkiye\u2019nin, 2023 y\u0131l\u0131 hedefleri var. B\u00fcy\u00fcyen bir ekonomi, b\u00fcy\u00fcyen bir enerji talebini de beraberinde getiriyor. Fuarlarda, elbette ki kat\u0131l\u0131mc\u0131 firmalar yeni \u00fcr\u00fcnlerini, en son teknolojileri sergiliyorlar. Kar\u015f\u0131l\u0131kl\u0131 i\u015fbirli\u011fi g\u00f6r\u00fc\u015fmeleri yap\u0131yorlar. Bizim fuar\u0131m\u0131z\u0131n bir amac\u0131 da, d\u00fczenlenen panel ve konferanslar ile <strong>2023<\/strong> y\u0131l\u0131nda <strong>500 milyar kWh\u2019e \u00e7\u0131kaca\u011f\u0131<\/strong> \u00f6ng\u00f6r\u00fclen elektrik enerjisi talebi kar\u015f\u0131layacak yeni teknolojileri ele almak, enerji \u00fcretiminde sorunlar varsa bunlar\u0131 ilgili kurumlarla direkt payla\u015f\u0131p \u00e7\u00f6z\u00fcm yollar\u0131 bulmakt\u0131r\u201d dedi.<\/p>\n<p><strong>Enerji talebi 2014\u2019de %3.7 artt\u0131<\/strong><\/p>\n<p>Bakanl\u0131k verilerine g\u00f6re 2014 y\u0131l\u0131 sonu itibar\u0131yla T\u00fcrkiye\u2019de elektrik \u00fcretiminin 250.4 milyar kWh, t\u00fcketiminin ise 255.5 milyar kWh oldu\u011fu g\u00f6r\u00fcl\u00fcyor. T\u00fcrkiye\u2019nin <strong>y\u0131ll\u0131k elektrik enerjisi t\u00fcketim<\/strong> art\u0131\u015f h\u0131z\u0131 son 12 y\u0131lda ortalama %5.67 seviyelerinde ger\u00e7ekle\u015fti. Elektrik enerjisi talebindeki art\u0131\u015f ise, 2013 y\u0131l\u0131nda %1.6 iken, 2014 y\u0131l\u0131nda %3.7 olarak ger\u00e7ekle\u015fti.<\/p>\n<p>ICCI 2015 \u2013 21.Uluslararas\u0131 Enerji ve \u00c7evre Fuar ve Konferans\u0131\u2019na ilgili t\u00fcm kurum ve kurulu\u015flar\u0131n destek verdi\u011fini ifade eden S\u00fcleyman Bulak, \u201cT\u00fcrkiye, elektrik enerjisi ihtiyac\u0131n\u0131 kar\u015f\u0131lamak i\u00e7in kaynak \u00e7e\u015fitlili\u011fi yarat\u0131yor. Termik, hidrolik, jeotermal derken; art\u0131k r\u00fczgar, g\u00fcne\u015f, n\u00fckleerden s\u00f6z ediliyor. Bir yandan da, kaynaklar\u0131 elektrik enerjisine \u00e7evirirken kaybolan enerjinin \u0131s\u0131ya d\u00f6n\u00fc\u015ft\u00fcr\u00fclmesi gibi \u00e7evreci yakla\u015f\u0131mlar g\u00fcn ge\u00e7tik\u00e7e yayg\u0131nla\u015f\u0131yor. Bu y\u0131l ki fuar\u0131m\u0131z, yeni teknolojiler ve uygulamalar a\u00e7\u0131s\u0131ndan da \u00e7ok zengin olacak\u201d diye konu\u015ftu.<\/p>\n<p>Yay\u0131nc\u0131: <a href=\"https:\/\/www.enerjigazetesi.ist\" target=\"_blank\">Enerji Gazetesi<\/a><\/p>","protected":false},"excerpt":{"rendered":"<p>Sorry, this entry is only available in Turkish. For the sake of viewer convenience, the content is shown below in the alternative language. You may click the link to switch the active language.25 Sivil toplum \u00f6rg\u00fct\u00fc, enerji ve \u00e7evre ile ilgili t\u00fcm geli\u015fmeleri ICCI 2015\u2019te masaya yat\u0131racak. Hedef, 2023\u2019te 500 milyar kWh\u2019e \u00e7\u0131kmas\u0131 \u00f6ng\u00f6r\u00fclen T\u00fcrkiye\u2019nin, [&hellip;]<\/p>\n","protected":false},"author":1,"featured_media":38909,"comment_status":"open","ping_status":"open","sticky":false,"template":"","format":"standard","meta":[],"categories":[53],"tags":[],"views":571,"_links":{"self":[{"href":"https:\/\/www.enerjigazetesi.ist\/en\/wp-json\/wp\/v2\/posts\/38908"}],"collection":[{"href":"https:\/\/www.enerjigazetesi.ist\/en\/wp-json\/wp\/v2\/posts"}],"about":[{"href":"https:\/\/www.enerjigazetesi.ist\/en\/wp-json\/wp\/v2\/types\/post"}],"author":[{"embeddable":true,"href":"https:\/\/www.enerjigazetesi.ist\/en\/wp-json\/wp\/v2\/users\/1"}],"replies":[{"embeddable":true,"href":"https:\/\/www.enerjigazetesi.ist\/en\/wp-json\/wp\/v2\/comments?post=38908"}],"version-history":[{"count":2,"href":"https:\/\/www.enerjigazetesi.ist\/en\/wp-json\/wp\/v2\/posts\/38908\/revisions"}],"predecessor-version":[{"id":38925,"href":"https:\/\/www.enerjigazetesi.ist\/en\/wp-json\/wp\/v2\/posts\/38908\/revisions\/38925"}],"wp:featuredmedia":[{"embeddable":true,"href":"https:\/\/www.enerjigazetesi.ist\/en\/wp-json\/wp\/v2\/media\/38909"}],"wp:attachment":[{"href":"https:\/\/www.enerjigazetesi.ist\/en\/wp-json\/wp\/v2\/media?parent=38908"}],"wp:term":[{"taxonomy":"category","embeddable":true,"href":"https:\/\/www.enerjigazetesi.ist\/en\/wp-json\/wp\/v2\/categories?post=38908"},{"taxonomy":"post_tag","embeddable":true,"href":"https:\/\/www.enerjigazetesi.ist\/en\/wp-json\/wp\/v2\/tags?post=38908"}],"curies":[{"name":"wp","href":"https:\/\/api.w.org\/{rel}","templated":true}]}}