{"id":38904,"date":"2015-05-03T16:27:10","date_gmt":"2015-05-03T13:27:10","guid":{"rendered":"https:\/\/www.enerjigazetesi.ist\/?p=38904"},"modified":"2015-05-23T15:10:36","modified_gmt":"2015-05-23T12:10:36","slug":"6-ruzgar-ve-gunes-yenilenebilir-enerji-kongresi-16-haziranda-istanbulda","status":"publish","type":"post","link":"https:\/\/www.enerjigazetesi.ist\/en\/6-ruzgar-ve-gunes-yenilenebilir-enerji-kongresi-16-haziranda-istanbulda\/","title":{"rendered":"(Turkish) 6. R\u00fczgar ve G\u00fcne\u015f Yenilenebilir Enerji Kongresi 16 Haziran&#8217;da \u0130stanbul&#8217;da&#8230;"},"content":{"rendered":"<p class=\"qtranxs-available-languages-message qtranxs-available-languages-message-en\">Sorry, this entry is only available in <a href=\"https:\/\/www.enerjigazetesi.ist\/tr\/wp-json\/wp\/v2\/posts\/38904\" class=\"qtranxs-available-language-link qtranxs-available-language-link-tr\" title=\"Turkish\">Turkish<\/a>. For the sake of viewer convenience, the content is shown below in the alternative language. You may click the link to switch the active language.<\/p><p><strong>T\u00fcrkiye de\u00a0R\u00fczgar ve G\u00fcne\u015f sekt\u00f6r\u00fcne ilgi duyanlar, \u00e7al\u0131\u015fanlar ve sekt\u00f6r profesyonelleri, \u00f6nemli devlet yat\u0131r\u0131mlar\u0131yla sekt\u00f6r\u00fcn\u00fcn\u00a0\u00f6nde gelen uzmanlar\u0131yla birlikte T\u00fcrkiye yenilenebilir enerji alan\u0131n\u0131n geli\u015fimi ile g\u00fcncel konular\u0131 tart\u0131\u015fmak ve \u00e7\u00f6zmek i\u00e7in bu kongreye kat\u0131l\u0131yorlar&#8230;<\/strong><\/p>\n<p>6. R\u00fczgar ve G\u00fcne\u015f Yenilenebilir Enerji Kongresi<strong>, 16 Haziran 2015 tarihinde \u0130stanbul Marriott Si\u015fli Hotel\u2019de<\/strong> d\u00fczenlenecektir.<\/p>\n<p><span style=\"text-decoration: underline;\"><strong>Konferansta G\u00fcne\u015f ve R\u00fczgar Enerjisi \u00dczerine Konu\u015fulacak \u00d6nemli Konular \u0130se:<\/strong><\/span><\/p>\n<p>\u2022 D\u00fczenleyici \u00c7evre ve Yat\u0131r\u0131m Ortam\u0131 <a href=\"https:\/\/www.enerjigazetesi.ist\/wp-content\/uploads\/2015\/05\/6-ruzgar-ve-gunes-yenilenebilir-enerji-kongresi-16-haziranda-istanbulda.jpg\"><img loading=\"lazy\" class=\"alignright size-medium wp-image-38905\" src=\"https:\/\/www.enerjigazetesi.ist\/wp-content\/uploads\/2015\/05\/6-ruzgar-ve-gunes-yenilenebilir-enerji-kongresi-16-haziranda-istanbulda-300x168.jpg\" alt=\"6-ruzgar-ve-gunes-yenilenebilir-enerji-kongresi-16-haziranda-istanbulda\" width=\"300\" height=\"168\" srcset=\"https:\/\/www.enerjigazetesi.ist\/wp-content\/uploads\/2015\/05\/6-ruzgar-ve-gunes-yenilenebilir-enerji-kongresi-16-haziranda-istanbulda-300x168.jpg 300w, https:\/\/www.enerjigazetesi.ist\/wp-content\/uploads\/2015\/05\/6-ruzgar-ve-gunes-yenilenebilir-enerji-kongresi-16-haziranda-istanbulda-500x281.jpg 500w, https:\/\/www.enerjigazetesi.ist\/wp-content\/uploads\/2015\/05\/6-ruzgar-ve-gunes-yenilenebilir-enerji-kongresi-16-haziranda-istanbulda-80x45.jpg 80w, https:\/\/www.enerjigazetesi.ist\/wp-content\/uploads\/2015\/05\/6-ruzgar-ve-gunes-yenilenebilir-enerji-kongresi-16-haziranda-istanbulda.jpg 620w\" sizes=\"(max-width: 300px) 100vw, 300px\" \/><\/a><\/p>\n<p>\u2022 G\u00fcne\u015f Enerjisi Piyasas\u0131 \u2013 \u00a0Piyasa g\u00fcndem konular\u0131 \u2013 Yasal sorunlar ve uygulamada kar\u015f\u0131la\u015f\u0131lan zorluklar \u2013 Ba\u015far\u0131 hikayeleri<\/p>\n<p>\u2022 R\u00fczgar Enerjisi \u2013 Finans ve uygulama sorunlar\u0131 \u2013 Yeni kapasiteleri \u2013 gelecek beklentileri T\u00fcrkiye\u2019de Yenilenebilir Enerji kaynaklar\u0131 \u2013 T\u00fcrkiye\u2019den iyi uygulama vaka \u00e7al\u0131\u015fmalar\u0131 ve di\u011fer Avrupa \u00fclkelerinde Enerji sekt\u00f6r\u00fc&#8230;<\/p>\n<p>\u2022 \u00d6zelle\u015ftirmeler<\/p>\n<p>\u2022 Yenilenebilir Enerji Teknolojileri<\/p>\n<p><strong><span style=\"text-decoration: underline;\">Kay\u0131t<\/span> \u0130leti\u015fim ve <span style=\"text-decoration: underline;\">Detayl\u0131 Bilgi \u0130\u00e7in:<\/span>\u00a0 jacklyn.ocekci@eelevent.co.uk\u00a0| +44 207 275 8020<\/strong><\/p>\n<p><strong>Kongre Etkinli\u011fi Web Sitesi:<\/strong> <a href=\"http:\/\/www.eelevents.co.uk\/turkey-renewable-energy-forum-2015\" target=\"_blank\">http:\/\/www.eelevents.co.uk\/turkey-renewable-energy-forum-2015<\/a><\/p>\n<p>Yay\u0131nc\u0131: <a href=\"https:\/\/www.enerjigazetesi.ist\" target=\"_blank\">Enerji Gazetesi<\/a><\/p>","protected":false},"excerpt":{"rendered":"<p>Sorry, this entry is only available in Turkish. For the sake of viewer convenience, the content is shown below in the alternative language. You may click the link to switch the active language.T\u00fcrkiye de\u00a0R\u00fczgar ve G\u00fcne\u015f sekt\u00f6r\u00fcne ilgi duyanlar, \u00e7al\u0131\u015fanlar ve sekt\u00f6r profesyonelleri, \u00f6nemli devlet yat\u0131r\u0131mlar\u0131yla sekt\u00f6r\u00fcn\u00fcn\u00a0\u00f6nde gelen uzmanlar\u0131yla birlikte T\u00fcrkiye yenilenebilir enerji alan\u0131n\u0131n geli\u015fimi [&hellip;]<\/p>\n","protected":false},"author":1,"featured_media":38905,"comment_status":"open","ping_status":"open","sticky":false,"template":"","format":"standard","meta":[],"categories":[53,49,50],"tags":[],"views":1337,"_links":{"self":[{"href":"https:\/\/www.enerjigazetesi.ist\/en\/wp-json\/wp\/v2\/posts\/38904"}],"collection":[{"href":"https:\/\/www.enerjigazetesi.ist\/en\/wp-json\/wp\/v2\/posts"}],"about":[{"href":"https:\/\/www.enerjigazetesi.ist\/en\/wp-json\/wp\/v2\/types\/post"}],"author":[{"embeddable":true,"href":"https:\/\/www.enerjigazetesi.ist\/en\/wp-json\/wp\/v2\/users\/1"}],"replies":[{"embeddable":true,"href":"https:\/\/www.enerjigazetesi.ist\/en\/wp-json\/wp\/v2\/comments?post=38904"}],"version-history":[{"count":2,"href":"https:\/\/www.enerjigazetesi.ist\/en\/wp-json\/wp\/v2\/posts\/38904\/revisions"}],"predecessor-version":[{"id":38907,"href":"https:\/\/www.enerjigazetesi.ist\/en\/wp-json\/wp\/v2\/posts\/38904\/revisions\/38907"}],"wp:featuredmedia":[{"embeddable":true,"href":"https:\/\/www.enerjigazetesi.ist\/en\/wp-json\/wp\/v2\/media\/38905"}],"wp:attachment":[{"href":"https:\/\/www.enerjigazetesi.ist\/en\/wp-json\/wp\/v2\/media?parent=38904"}],"wp:term":[{"taxonomy":"category","embeddable":true,"href":"https:\/\/www.enerjigazetesi.ist\/en\/wp-json\/wp\/v2\/categories?post=38904"},{"taxonomy":"post_tag","embeddable":true,"href":"https:\/\/www.enerjigazetesi.ist\/en\/wp-json\/wp\/v2\/tags?post=38904"}],"curies":[{"name":"wp","href":"https:\/\/api.w.org\/{rel}","templated":true}]}}