{"id":38897,"date":"2015-05-03T14:26:26","date_gmt":"2015-05-03T11:26:26","guid":{"rendered":"https:\/\/www.enerjigazetesi.ist\/?p=38897"},"modified":"2015-05-23T15:10:53","modified_gmt":"2015-05-23T12:10:53","slug":"japonyanin-sera-gazi-salimlarinda-artis","status":"publish","type":"post","link":"https:\/\/www.enerjigazetesi.ist\/en\/japonyanin-sera-gazi-salimlarinda-artis\/","title":{"rendered":"(Turkish) Japonya\u2019n\u0131n Sera Gaz\u0131 Sal\u0131mlar\u0131nda Art\u0131\u015f!"},"content":{"rendered":"<p class=\"qtranxs-available-languages-message qtranxs-available-languages-message-en\">Sorry, this entry is only available in <a href=\"https:\/\/www.enerjigazetesi.ist\/tr\/wp-json\/wp\/v2\/posts\/38897\" class=\"qtranxs-available-language-link qtranxs-available-language-link-tr\" title=\"Turkish\">Turkish<\/a>. For the sake of viewer convenience, the content is shown below in the alternative language. You may click the link to switch the active language.<\/p><p><strong>Japonya\u2019n\u0131n sera gaz\u0131 sal\u0131mlar\u0131n\u0131n son 6 y\u0131l\u0131n en y\u00fcksek seviyesine ula\u015ft\u0131\u011f\u0131 a\u00e7\u0131kland\u0131. Japonya \u00c7evre Bakanl\u0131\u011f\u0131 taraf\u0131ndan yap\u0131lan a\u00e7\u0131klamaya g\u00f6re 1 Nisan 2013 ile 31 Mart 2014 aras\u0131n\u0131 kapsayan Japonya\u2019n\u0131n 2013 y\u0131l\u0131 mali y\u0131l\u0131nda sera gaz\u0131 sal\u0131mlar\u0131n\u0131n 1.408 milyon ton karbondioksit e\u015fde\u011feri olarak ger\u00e7ekle\u015fti\u011fi bildirildi.<\/strong><\/p>\n<p>Bakanl\u0131\u011f\u0131n a\u00e7\u0131klamas\u0131nda bu rakam\u0131n 2012 y\u0131l\u0131na g\u00f6re y\u00fczde 1,2, 2005 y\u0131l\u0131na g\u00f6re y\u00fczde 0,8 ve 1990 y\u0131l\u0131na g\u00f6re <a href=\"https:\/\/www.enerjigazetesi.ist\/wp-content\/uploads\/2015\/05\/japonyanin-sera-gazi-salimlarinda-artis.jpg\"><img loading=\"lazy\" class=\"alignright size-medium wp-image-38898\" src=\"https:\/\/www.enerjigazetesi.ist\/wp-content\/uploads\/2015\/05\/japonyanin-sera-gazi-salimlarinda-artis-300x163.jpg\" alt=\"japonyanin-sera-gazi-salimlarinda-artis\" width=\"300\" height=\"163\" srcset=\"https:\/\/www.enerjigazetesi.ist\/wp-content\/uploads\/2015\/05\/japonyanin-sera-gazi-salimlarinda-artis-300x163.jpg 300w, https:\/\/www.enerjigazetesi.ist\/wp-content\/uploads\/2015\/05\/japonyanin-sera-gazi-salimlarinda-artis-80x43.jpg 80w, https:\/\/www.enerjigazetesi.ist\/wp-content\/uploads\/2015\/05\/japonyanin-sera-gazi-salimlarinda-artis.jpg 460w\" sizes=\"(max-width: 300px) 100vw, 300px\" \/><\/a>y\u00fczde 10,8 oran\u0131nda y\u00fcksek oldu\u011funa dikkat \u00e7ekildi.<\/p>\n<p>A\u00e7\u0131klamada bu durumun nedeni olarak ise \u00fclkenin elektrik \u00fcretiminde k\u00f6m\u00fcr\u00fcn pay\u0131n\u0131n artmas\u0131 ile y\u00fckselen elektrik ve petrol \u00fcr\u00fcnleri t\u00fcketimi g\u00f6sterildi.<\/p>\n<p>Japonya sera gaz\u0131 sal\u0131mlar\u0131n\u0131 2020 y\u0131l\u0131nda 2005 y\u0131l\u0131 seviyesinin y\u00fczde 3,8 alt\u0131na \u00e7ekebilmeyi hedefliyordu.<\/p>\n<p>2011 y\u0131l\u0131nda ya\u015fanan Fuku\u015fima felaketinin ard\u0131ndan \u00fclkenin n\u00fckleer enerji santrallerinin \u00e7ok b\u00fcy\u00fck k\u0131sm\u0131n\u0131n devre d\u0131\u015f\u0131 kalmas\u0131, k\u00f6m\u00fcr santrallerinin \u00fclkenin elektrik \u00fcretimindeki pay\u0131n\u0131n h\u0131zla y\u00fckselmesine yol a\u00e7m\u0131\u015ft\u0131.<\/p>\n<p>T\u00fcrkiye \u0130statistik Kurumu taraf\u0131ndan a\u00e7\u0131klanan en g\u00fcncel verilere g\u00f6re T\u00fcrkiye\u2019nin sera gaz\u0131 sal\u0131mlar\u0131 2012 y\u0131l\u0131nda, 1990 y\u0131l\u0131na g\u00f6re y\u00fczde 133,4 oran\u0131nda y\u00fckselerek, 439,9 milyon ton karbondioksit e\u015fde\u011ferine y\u00fckselmi\u015fti.<\/p>\n<p>Kaynak: Ye\u015fil Ekonomi<\/p>","protected":false},"excerpt":{"rendered":"<p>Sorry, this entry is only available in Turkish. For the sake of viewer convenience, the content is shown below in the alternative language. You may click the link to switch the active language.Japonya\u2019n\u0131n sera gaz\u0131 sal\u0131mlar\u0131n\u0131n son 6 y\u0131l\u0131n en y\u00fcksek seviyesine ula\u015ft\u0131\u011f\u0131 a\u00e7\u0131kland\u0131. Japonya \u00c7evre Bakanl\u0131\u011f\u0131 taraf\u0131ndan yap\u0131lan a\u00e7\u0131klamaya g\u00f6re 1 Nisan 2013 ile [&hellip;]<\/p>\n","protected":false},"author":1,"featured_media":38898,"comment_status":"open","ping_status":"open","sticky":false,"template":"","format":"standard","meta":[],"categories":[53,52],"tags":[],"views":899,"_links":{"self":[{"href":"https:\/\/www.enerjigazetesi.ist\/en\/wp-json\/wp\/v2\/posts\/38897"}],"collection":[{"href":"https:\/\/www.enerjigazetesi.ist\/en\/wp-json\/wp\/v2\/posts"}],"about":[{"href":"https:\/\/www.enerjigazetesi.ist\/en\/wp-json\/wp\/v2\/types\/post"}],"author":[{"embeddable":true,"href":"https:\/\/www.enerjigazetesi.ist\/en\/wp-json\/wp\/v2\/users\/1"}],"replies":[{"embeddable":true,"href":"https:\/\/www.enerjigazetesi.ist\/en\/wp-json\/wp\/v2\/comments?post=38897"}],"version-history":[{"count":2,"href":"https:\/\/www.enerjigazetesi.ist\/en\/wp-json\/wp\/v2\/posts\/38897\/revisions"}],"predecessor-version":[{"id":38900,"href":"https:\/\/www.enerjigazetesi.ist\/en\/wp-json\/wp\/v2\/posts\/38897\/revisions\/38900"}],"wp:featuredmedia":[{"embeddable":true,"href":"https:\/\/www.enerjigazetesi.ist\/en\/wp-json\/wp\/v2\/media\/38898"}],"wp:attachment":[{"href":"https:\/\/www.enerjigazetesi.ist\/en\/wp-json\/wp\/v2\/media?parent=38897"}],"wp:term":[{"taxonomy":"category","embeddable":true,"href":"https:\/\/www.enerjigazetesi.ist\/en\/wp-json\/wp\/v2\/categories?post=38897"},{"taxonomy":"post_tag","embeddable":true,"href":"https:\/\/www.enerjigazetesi.ist\/en\/wp-json\/wp\/v2\/tags?post=38897"}],"curies":[{"name":"wp","href":"https:\/\/api.w.org\/{rel}","templated":true}]}}